{"id":16202,"date":"2022-01-27T10:46:57","date_gmt":"2022-01-27T12:46:57","guid":{"rendered":"https:\/\/ultimato.com.br\/sites\/blogdaultimato\/?p=16202"},"modified":"2022-01-27T10:46:57","modified_gmt":"2022-01-27T12:46:57","slug":"minha-historia-com-a-ultimato-contada-nos-seus-54-anos-9","status":"publish","type":"post","link":"https:\/\/ultimato.com.br\/sites\/blogdaultimato\/2022\/01\/27\/minha-historia-com-a-ultimato-contada-nos-seus-54-anos-9\/","title":{"rendered":"Minha Hist\u00f3ria Com a Ultimato \u2013 contada nos seus 54 anos"},"content":{"rendered":"<p><em>Por Genivaldo, Abilene, Edmar<\/em><\/p>\n<p><strong><img loading=\"lazy\" decoding=\"async\" class=\"alignright size-full wp-image-16180\" src=\"https:\/\/ultimato.com.br\/sites\/blogdaultimato\/files\/2022\/01\/mhcu-3.jpg\" alt=\"\" width=\"200\" height=\"203\">Biblioteca Ultimato<\/strong><\/p>\n<p><span style=\"font-weight: 400;\">Minha rela\u00e7\u00e3o com a Ultimato \u00e9 de longa data. Come\u00e7ou com a assinatura da revista e, aos poucos, com aquisi\u00e7\u00e3o de bons livros. Hoje eu tenho uma biblioteca Ultimato em minha casa. Eu, tenho constru\u00eddo uma identidade com a Ultimato.<\/span><\/p>\n<p><em><span style=\"font-weight: 400;\">Genivaldo F. da Silva<\/span><\/em><\/p>\n<p>&nbsp;<\/p>\n<p><strong>Ultimato de pai para filha<\/strong><\/p>\n<p><span style=\"font-weight: 400;\">Minha hist\u00f3ria com a <\/span><b>Ultimato<\/b><span style=\"font-weight: 400;\"> \u00e9 antiga porque papai era leitor intenso da literatura publicada pela editora e tinha toda as revistas. Antes de falecer, ele doou todos os livros e cole\u00e7\u00f5es da <\/span><b>Ultimato<\/b><span style=\"font-weight: 400;\"> para os netos. No caso, meus dois filhos (Paulo Jos\u00e9 e Isa\u00edas Rodrigues) receberam v\u00e1rios livros e cole\u00e7\u00f5es da revista encadernada por ano. Depois que papai faleceu, fiz a assinatura da <\/span><b>Ultimato<\/b><span style=\"font-weight: 400;\"> em mem\u00f3ria dele: Isa\u00edas Antonio de Bastos. \u00c9 o que tenho a compartilhar com voc\u00eas. O que \u00e9 bom precisa ser divulgado e continuar na gera\u00e7\u00e3o da fam\u00edlia.<\/span><\/p>\n<p><em><span style=\"font-weight: 400;\">Abilene Antonia de B. Queiroz<\/span><\/em><\/p>\n<p>&nbsp;<\/p>\n<p><strong><a href=\"https:\/\/www.ultimato.com.br\/revista\/330\"><img loading=\"lazy\" decoding=\"async\" class=\"alignright wp-image-16203 size-full\" title=\"Edi\u00e7\u00e3o 330\" src=\"https:\/\/ultimato.com.br\/sites\/blogdaultimato\/files\/2022\/01\/mhcu_330.jpg\" alt=\"\" width=\"160\" height=\"206\"><\/a>Ultimato desde Augusto Gotardelo<\/strong><\/p>\n<p><span style=\"font-weight: 400;\">Conheci <\/span><b>Ultimato<\/b><span style=\"font-weight: 400;\"> desde o seu in\u00edcio quando lia os textos do meu professor de Portugu\u00eas, l\u00e1 de Juiz de Fora, o professor Augusto Gotardelo.<\/span><\/p>\n<p><span style=\"font-weight: 400;\">N\u00e3o me lembro a data, mas foi bem no princ\u00edpio que assinei a revista. Sempre a li de capa a capa.<\/span><span style=\"font-weight: 400;\"><br \/>\n<\/span><span style=\"font-weight: 400;\">Um dos meus livros teve a apresenta\u00e7\u00e3o escrita pelo querido fundador dessa Editora, Rev. Elben Lenz C\u00e9sar, de saudosa mem\u00f3ria.<\/span><span style=\"font-weight: 400;\"><br \/>\n<\/span><span style=\"font-weight: 400;\">Em agosto de 2008, comecei a escrever artigos semanais para a se\u00e7\u00e3o &#8220;Palavra do Leitor&#8221; do portal Ultimato. J\u00e1 estou no texto de n\u00famero 691, contados os dois ainda em an\u00e1lise.<\/span><span style=\"font-weight: 400;\"><br \/>\n<\/span><span style=\"font-weight: 400;\">N\u00e3o sei quanto tempo de vida ainda me resta, estou com 80 anos, a mem\u00f3ria n\u00e3o est\u00e1 ajudando; mas Deus nunca deixou de me &#8220;soprar&#8221; [inspirar] um texto, mesmo em cima da hora de postar.<\/span><span style=\"font-weight: 400;\"><br \/>\n<\/span><span style=\"font-weight: 400;\">Sou um divulgador incans\u00e1vel da <\/span><b>Ultimato<\/b><span style=\"font-weight: 400;\"> e me honra muito fazer parte do seu site.<\/span><span style=\"font-weight: 400;\"><br \/>\n<\/span><span style=\"font-weight: 400;\">Deus os aben\u00e7oe.<\/span><\/p>\n<p><em><span style=\"font-weight: 400;\">Edmar Torres Alves<\/span><\/em><\/p>\n","protected":false},"excerpt":{"rendered":"<p>Por Genivaldo, Abilene, Edmar<br \/>\nBiblioteca Ultimato<br \/>\nMinha rela\u00e7\u00e3o com a Ultimato \u00e9 de longa data. Come\u00e7ou com a assinatura da revista e, aos poucos, com aquisi\u00e7\u00e3o de bons livros. Hoje eu tenho uma biblioteca Ultimato em minha casa. Eu, tenho constru\u00eddo uma identidade com a Ultimato.<br \/>\nGenivaldo F. da Silva<br \/>\n&nbsp;<br \/>\nUltimato de pai para filha<br \/>\nMinha hist\u00f3ria com a Ultimato [&#8230;]<\/p>\n","protected":false},"author":21,"featured_media":0,"comment_status":"open","ping_status":"open","sticky":false,"template":"","format":"standard","meta":{"ngg_post_thumbnail":0,"footnotes":""},"categories":[5153],"tags":[45726],"class_list":["post-16202","post","type-post","status-publish","format-standard","hentry","category-prateleira","tag-54-anos-ultimato"],"_links":{"self":[{"href":"https:\/\/ultimato.com.br\/sites\/blogdaultimato\/wp-json\/wp\/v2\/posts\/16202","targetHints":{"allow":["GET"]}}],"collection":[{"href":"https:\/\/ultimato.com.br\/sites\/blogdaultimato\/wp-json\/wp\/v2\/posts"}],"about":[{"href":"https:\/\/ultimato.com.br\/sites\/blogdaultimato\/wp-json\/wp\/v2\/types\/post"}],"author":[{"embeddable":true,"href":"https:\/\/ultimato.com.br\/sites\/blogdaultimato\/wp-json\/wp\/v2\/users\/21"}],"replies":[{"embeddable":true,"href":"https:\/\/ultimato.com.br\/sites\/blogdaultimato\/wp-json\/wp\/v2\/comments?post=16202"}],"version-history":[{"count":1,"href":"https:\/\/ultimato.com.br\/sites\/blogdaultimato\/wp-json\/wp\/v2\/posts\/16202\/revisions"}],"predecessor-version":[{"id":16204,"href":"https:\/\/ultimato.com.br\/sites\/blogdaultimato\/wp-json\/wp\/v2\/posts\/16202\/revisions\/16204"}],"wp:attachment":[{"href":"https:\/\/ultimato.com.br\/sites\/blogdaultimato\/wp-json\/wp\/v2\/media?parent=16202"}],"wp:term":[{"taxonomy":"category","embeddable":true,"href":"https:\/\/ultimato.com.br\/sites\/blogdaultimato\/wp-json\/wp\/v2\/categories?post=16202"},{"taxonomy":"post_tag","embeddable":true,"href":"https:\/\/ultimato.com.br\/sites\/blogdaultimato\/wp-json\/wp\/v2\/tags?post=16202"}],"curies":[{"name":"wp","href":"https:\/\/api.w.org\/{rel}","templated":true}]}}