{"id":16196,"date":"2022-01-27T10:30:27","date_gmt":"2022-01-27T12:30:27","guid":{"rendered":"https:\/\/ultimato.com.br\/sites\/blogdaultimato\/?p=16196"},"modified":"2022-01-27T10:35:30","modified_gmt":"2022-01-27T12:35:30","slug":"minha-historia-com-a-ultimato-contada-nos-seus-54-anos-7","status":"publish","type":"post","link":"https:\/\/ultimato.com.br\/sites\/blogdaultimato\/2022\/01\/27\/minha-historia-com-a-ultimato-contada-nos-seus-54-anos-7\/","title":{"rendered":"Minha Hist\u00f3ria Com a Ultimato \u2013 contada nos seus 54 anos"},"content":{"rendered":"<p><em>Por Risoneide, Juliana<\/em><\/p>\n<p><strong><img loading=\"lazy\" decoding=\"async\" class=\"alignright size-full wp-image-16180\" src=\"https:\/\/ultimato.com.br\/sites\/blogdaultimato\/files\/2022\/01\/mhcu-3.jpg\" alt=\"\" width=\"200\" height=\"203\">Ultimato, literatura e teologia<\/strong><\/p>\n<p><b>Ultimato<\/b><span style=\"font-weight: 400;\"> n\u00e3o \u00e9 apenas uma assinatura, \u00e9 um verdadeiro investimento no conhecimento liter\u00e1rio e teol\u00f3gico. A revista me ajuda no entendimento claro da cosmovis\u00e3o crist\u00e3 nos dias atuais, sem deixar de lado os princ\u00edpios incontest\u00e1veis e inegoci\u00e1veis da vida crist\u00e3 pautada nas Sagradas Escrituras. As explana\u00e7\u00f5es claras e coerentes nos textos da <\/span><b>Ultimato<\/b><span style=\"font-weight: 400;\"> s\u00e3o uma ferramenta de f\u00e1cil acesso e conte\u00fado confi\u00e1vel para a lideran\u00e7a, a EBD e estudos com jovens e adolescentes. S\u00f3 tenho a agradecer a Deus por ter a possibilidade de ser leitora ass\u00eddua da revista.<\/span><\/p>\n<p><span style=\"font-weight: 400;\">Parab\u00e9ns a toda equipe que faz a fam\u00edlia Ultimato.<\/span><\/p>\n<p><em><span style=\"font-weight: 400;\">Risoneide Inglez<\/span><\/em><\/p>\n<p>&nbsp;<\/p>\n<p><strong><a href=\"https:\/\/www.ultimato.com.br\/revista\/316\"><img loading=\"lazy\" decoding=\"async\" class=\"alignright wp-image-16197 size-full\" title=\"Edi\u00e7\u00e3o 316\" src=\"https:\/\/ultimato.com.br\/sites\/blogdaultimato\/files\/2022\/01\/mhcu_316.jpg\" alt=\"\" width=\"160\" height=\"204\"><\/a>Ultimato na JOCUM<\/strong><\/p>\n<p><span style=\"font-weight: 400;\">Conheci <\/span><b>Ultimato<\/b><span style=\"font-weight: 400;\"> na igreja, e quando fiz um curso na Jocum (Jovens Com Uma Miss\u00e3o) eu vi a revista e achei interessante \u2013 nunca tinha achado uma revista crist\u00e3 que tratasse de tantos assuntos cotidianos e com tanta profundidade. Ent\u00e3o resolvi tornar-me assinante.<\/span><\/p>\n<p><span style=\"font-weight: 400;\">Desde ent\u00e3o, diversas mat\u00e9rias me impactaram, me fizeram ter vontade de compartilhar com um amigo ou familiar e me ajudaram em momentos dif\u00edceis.<\/span><span style=\"font-weight: 400;\"><br \/>\n<\/span><span style=\"font-weight: 400;\">Atrav\u00e9s da revista, encontrei oportunidade para servir nas f\u00e9rias e, em janeiro de 2017, fui para o Paraguai com a Miss\u00e3o Antioquia. Essa j\u00e1 teria sido uma experi\u00eancia incr\u00edvel por si s\u00f3, mas Deus fez mais. Tornei-me muito amiga de um dos colaboradores, o Filipe. Alguns meses depois, eu compartilhei com ele minha vontade de contribuir na miss\u00e3o com minha profiss\u00e3o, mas n\u00e3o sabia bem como e onde procurar. Ele ent\u00e3o me falou da ag\u00eancia Interserve e eu fui parar em Vi\u00e7osa, MG. Conheci a Ultimato pessoalmente (e foi um momento t\u00e3o bom pra mim, eu morria de vontade de saber como era a revista, trabalhar nela etc). Conheci pessoas que trabalhavam na revista na \u00e9poca, fiz alguns cursos no CEM (Centro Evang\u00e9lico de Miss\u00f5es) e com a Interserve e fui fazer parte da miss\u00e3o em Bangladesh, usando minha profiss\u00e3o. Naquele pa\u00eds, vivi alguns dos meses mais incr\u00edveis e impactantes da minha vida!<\/span><span style=\"font-weight: 400;\"><br \/>\n<\/span><span style=\"font-weight: 400;\">Sei que n\u00e3o sabemos os caminhos de Deus e eu nunca tinha parado para pensar o caminho todo que me levou at\u00e9 aquele lugar t\u00e3o longe e do qual eu sabia t\u00e3o pouco. Mas escrever essa hist\u00f3ria me fez lembrar que foi o simples fato de assinar a <\/span><b>Ultimato<\/b><span style=\"font-weight: 400;\"> que desencadeou tudo, algo que eu jamais imaginaria na \u00e9poca. Sou muito grata a toda essa experi\u00eancia e por poder fazer parte de um pedacinho dessa hist\u00f3ria contando a minha hist\u00f3ria.<\/span><\/p>\n<p><em><span style=\"font-weight: 400;\">Juliana Costa<\/span><\/em><\/p>\n","protected":false},"excerpt":{"rendered":"<p>Por Risoneide, Juliana<br \/>\nUltimato, literatura e teologia<br \/>\nUltimato n\u00e3o \u00e9 apenas uma assinatura, \u00e9 um verdadeiro investimento no conhecimento liter\u00e1rio e teol\u00f3gico. A revista me ajuda no entendimento claro da cosmovis\u00e3o crist\u00e3 nos dias atuais, sem deixar de lado os princ\u00edpios incontest\u00e1veis e inegoci\u00e1veis da vida crist\u00e3 pautada nas Sagradas Escrituras. As explana\u00e7\u00f5es claras e coerentes nos [&#8230;]<\/p>\n","protected":false},"author":21,"featured_media":0,"comment_status":"open","ping_status":"open","sticky":false,"template":"","format":"standard","meta":{"ngg_post_thumbnail":0,"footnotes":""},"categories":[5153],"tags":[45726],"class_list":["post-16196","post","type-post","status-publish","format-standard","hentry","category-prateleira","tag-54-anos-ultimato"],"_links":{"self":[{"href":"https:\/\/ultimato.com.br\/sites\/blogdaultimato\/wp-json\/wp\/v2\/posts\/16196","targetHints":{"allow":["GET"]}}],"collection":[{"href":"https:\/\/ultimato.com.br\/sites\/blogdaultimato\/wp-json\/wp\/v2\/posts"}],"about":[{"href":"https:\/\/ultimato.com.br\/sites\/blogdaultimato\/wp-json\/wp\/v2\/types\/post"}],"author":[{"embeddable":true,"href":"https:\/\/ultimato.com.br\/sites\/blogdaultimato\/wp-json\/wp\/v2\/users\/21"}],"replies":[{"embeddable":true,"href":"https:\/\/ultimato.com.br\/sites\/blogdaultimato\/wp-json\/wp\/v2\/comments?post=16196"}],"version-history":[{"count":1,"href":"https:\/\/ultimato.com.br\/sites\/blogdaultimato\/wp-json\/wp\/v2\/posts\/16196\/revisions"}],"predecessor-version":[{"id":16198,"href":"https:\/\/ultimato.com.br\/sites\/blogdaultimato\/wp-json\/wp\/v2\/posts\/16196\/revisions\/16198"}],"wp:attachment":[{"href":"https:\/\/ultimato.com.br\/sites\/blogdaultimato\/wp-json\/wp\/v2\/media?parent=16196"}],"wp:term":[{"taxonomy":"category","embeddable":true,"href":"https:\/\/ultimato.com.br\/sites\/blogdaultimato\/wp-json\/wp\/v2\/categories?post=16196"},{"taxonomy":"post_tag","embeddable":true,"href":"https:\/\/ultimato.com.br\/sites\/blogdaultimato\/wp-json\/wp\/v2\/tags?post=16196"}],"curies":[{"name":"wp","href":"https:\/\/api.w.org\/{rel}","templated":true}]}}