{"id":16193,"date":"2022-01-27T10:25:03","date_gmt":"2022-01-27T12:25:03","guid":{"rendered":"https:\/\/ultimato.com.br\/sites\/blogdaultimato\/?p=16193"},"modified":"2022-01-27T10:25:40","modified_gmt":"2022-01-27T12:25:40","slug":"minha-historia-com-a-ultimato-contada-nos-seus-54-anos-6","status":"publish","type":"post","link":"https:\/\/ultimato.com.br\/sites\/blogdaultimato\/2022\/01\/27\/minha-historia-com-a-ultimato-contada-nos-seus-54-anos-6\/","title":{"rendered":"Minha Hist\u00f3ria Com a Ultimato \u2013 contada nos seus 54 anos"},"content":{"rendered":"<p><em>Por Maria, Edgard, Jamildo<\/em><\/p>\n<p><strong><img loading=\"lazy\" decoding=\"async\" class=\"alignright size-full wp-image-16180\" src=\"https:\/\/ultimato.com.br\/sites\/blogdaultimato\/files\/2022\/01\/mhcu-3.jpg\" alt=\"\" width=\"200\" height=\"203\">Ultimato no CBM<\/strong><\/p>\n<p><span style=\"font-weight: 400;\">Faz alguns anos que conheci a revista ultimato no CBM (Congresso Brasileiro de Miss\u00f5es). Creio que foi no terceiro. Ganhei um exemplar e fiz a assinatura.<\/span><span style=\"font-weight: 400;\"><br \/>\n<\/span><span style=\"font-weight: 400;\">Devido a graves problemas financeiros, n\u00e3o pude renovar uns anos depois; mas tinha saudades. Amo ler e as mat\u00e9rias s\u00e3o incr\u00edveis. Aprendo sempre.<\/span><span style=\"font-weight: 400;\"><br \/>\n<\/span><span style=\"font-weight: 400;\">Tempos depois fui convidada a assinar a revista novamente num congresso da Sepal (Servindo Pastores e L\u00edderes). E c\u00e1 estou eu, deliciando-me com o conte\u00fado maravilhoso que chega a minha casa sempre no tempo certo. Obrigada Ultimato!<\/span><\/p>\n<p><em><span style=\"font-weight: 400;\">Maria Geralda da S. Chagas<\/span><\/em><\/p>\n<p>&nbsp;<\/p>\n<p><strong>Cad\u00ea a Ultimato?<\/strong><\/p>\n<p><span style=\"font-weight: 400;\">13+1+20+22=56, este foi o tempo que se iniciou o sonho com os planos de se criar no Brasil um jornal ou revista que mostrasse o que de fato \u00e9 ser de Jesus fazendo tudo com Ele, sem precisar fazer nada para quitar a nota promiss\u00f3ria da d\u00edvida j\u00e1 completamente paga. Era a afirma\u00e7\u00e3o do criador da <\/span><b>Ultimato<\/b><span style=\"font-weight: 400;\">, o Reve (pastor Elben C\u00e9sar).<\/span><span style=\"font-weight: 400;\"><br \/>\n<\/span><span style=\"font-weight: 400;\">Reconhecemos com gratid\u00e3o que com todas as mudan\u00e7as, inova\u00e7\u00f5es, moderniza\u00e7\u00f5es e atualiza\u00e7\u00f5es feitas at\u00e9 hoje, nada mudou ou se desviou do foco ou da ess\u00eancia por uma vida com Jesus.<\/span><span style=\"font-weight: 400;\"><br \/>\n<\/span><span style=\"font-weight: 400;\">Realmente n\u00e3o d\u00e1 pra ficar sem ler tudo na revista e em todos os livros da Ultimato que est\u00e3o dispon\u00edveis a qualquer interessado em crescer com Jesus.<\/span><span style=\"font-weight: 400;\"><br \/>\n<\/span><span style=\"font-weight: 400;\">Pessoalmente, vejo e sinto em alguns lugares, que sempre chega algu\u00e9m e me pergunta: Cad\u00ea a Ultimato? <\/span><span style=\"font-weight: 400;\"><br \/>\n<\/span><span style=\"font-weight: 400;\">Desejo um completo, sadio, alegre, leve e sustent\u00e1vel ano novo, neste aniversario do Ultimato no dia 13 janeiro. <\/span><span style=\"font-weight: 400;\"><br \/>\n<\/span><\/p>\n<p><em><span style=\"font-weight: 400;\">Edgard F. Alves<\/span><\/em><\/p>\n<p>&nbsp;<\/p>\n<p><strong><a href=\"https:\/\/www.ultimato.com.br\/revista\/356\"><img loading=\"lazy\" decoding=\"async\" class=\"alignright wp-image-16194 size-full\" title=\"Edi\u00e7\u00e3o 356\" src=\"https:\/\/ultimato.com.br\/sites\/blogdaultimato\/files\/2022\/01\/mhcu_356.jpg\" alt=\"\" width=\"160\" height=\"211\"><\/a>Ultimato na adolesc\u00eancia<\/strong><\/p>\n<p><span style=\"font-weight: 400;\">Conheci <\/span><b>Ultimato <\/b><span style=\"font-weight: 400;\">ainda na adolesc\u00eancia. Lembro-me que foi na recep\u00e7\u00e3o de uma empresa, na espera para uma entrevista de emprego. Era uma funer\u00e1ria, fiquei encantado com os conte\u00fados, at\u00e9 porque nos anos 1990 era dif\u00edcil encontrar revistas crist\u00e3s nas pequenas cidades do Amazonas. Anos depois mudei para Manaus e tornei-me assinante.<\/span><\/p>\n<p><span style=\"font-weight: 400;\">Deus aben\u00e7oe esse canal de ben\u00e7\u00e3o e informa\u00e7\u00e3o. Parab\u00e9ns Revista Ultimato!<\/span><\/p>\n<p><em><span style=\"font-weight: 400;\">Jamildo Alves<\/span><\/em><\/p>\n","protected":false},"excerpt":{"rendered":"<p>Por Maria, Edgard, Jamildo<br \/>\nUltimato no CBM<br \/>\nFaz alguns anos que conheci a revista ultimato no CBM (Congresso Brasileiro de Miss\u00f5es). Creio que foi no terceiro. Ganhei um exemplar e fiz a assinatura.<br \/>\nDevido a graves problemas financeiros, n\u00e3o pude renovar uns anos depois; mas tinha saudades. Amo ler e as mat\u00e9rias s\u00e3o incr\u00edveis. Aprendo sempre.<br \/>\nTempos depois fui [&#8230;]<\/p>\n","protected":false},"author":21,"featured_media":0,"comment_status":"open","ping_status":"open","sticky":false,"template":"","format":"standard","meta":{"ngg_post_thumbnail":0,"footnotes":""},"categories":[5153],"tags":[45726],"class_list":["post-16193","post","type-post","status-publish","format-standard","hentry","category-prateleira","tag-54-anos-ultimato"],"_links":{"self":[{"href":"https:\/\/ultimato.com.br\/sites\/blogdaultimato\/wp-json\/wp\/v2\/posts\/16193","targetHints":{"allow":["GET"]}}],"collection":[{"href":"https:\/\/ultimato.com.br\/sites\/blogdaultimato\/wp-json\/wp\/v2\/posts"}],"about":[{"href":"https:\/\/ultimato.com.br\/sites\/blogdaultimato\/wp-json\/wp\/v2\/types\/post"}],"author":[{"embeddable":true,"href":"https:\/\/ultimato.com.br\/sites\/blogdaultimato\/wp-json\/wp\/v2\/users\/21"}],"replies":[{"embeddable":true,"href":"https:\/\/ultimato.com.br\/sites\/blogdaultimato\/wp-json\/wp\/v2\/comments?post=16193"}],"version-history":[{"count":1,"href":"https:\/\/ultimato.com.br\/sites\/blogdaultimato\/wp-json\/wp\/v2\/posts\/16193\/revisions"}],"predecessor-version":[{"id":16195,"href":"https:\/\/ultimato.com.br\/sites\/blogdaultimato\/wp-json\/wp\/v2\/posts\/16193\/revisions\/16195"}],"wp:attachment":[{"href":"https:\/\/ultimato.com.br\/sites\/blogdaultimato\/wp-json\/wp\/v2\/media?parent=16193"}],"wp:term":[{"taxonomy":"category","embeddable":true,"href":"https:\/\/ultimato.com.br\/sites\/blogdaultimato\/wp-json\/wp\/v2\/categories?post=16193"},{"taxonomy":"post_tag","embeddable":true,"href":"https:\/\/ultimato.com.br\/sites\/blogdaultimato\/wp-json\/wp\/v2\/tags?post=16193"}],"curies":[{"name":"wp","href":"https:\/\/api.w.org\/{rel}","templated":true}]}}