{"id":16178,"date":"2022-01-26T12:40:23","date_gmt":"2022-01-26T14:40:23","guid":{"rendered":"https:\/\/ultimato.com.br\/sites\/blogdaultimato\/?p=16178"},"modified":"2022-01-26T12:45:44","modified_gmt":"2022-01-26T14:45:44","slug":"minha-historia-com-a-ultimato-contada-nos-seus-54-anos-4","status":"publish","type":"post","link":"https:\/\/ultimato.com.br\/sites\/blogdaultimato\/2022\/01\/26\/minha-historia-com-a-ultimato-contada-nos-seus-54-anos-4\/","title":{"rendered":"Minha Hist\u00f3ria Com a Ultimato \u2013 contada nos seus 54 anos"},"content":{"rendered":"<p><em>Por Marcos, Am\u00f3s, Dalmario<\/em><\/p>\n<p><strong><img loading=\"lazy\" decoding=\"async\" class=\"alignright size-full wp-image-16180\" src=\"https:\/\/ultimato.com.br\/sites\/blogdaultimato\/files\/2022\/01\/mhcu-3.jpg\" alt=\"\" width=\"200\" height=\"203\">Ultimato e juventude, Ultimato e reconcilia\u00e7\u00e3o<\/strong><\/p>\n<p><span style=\"font-weight: 400;\">Estava enfrentando dificuldade em orientar os jovens, quando recebi a edi\u00e7\u00e3o com o tema \u201cFuja da imoralidade sexual\u201d. Outra mat\u00e9ria importante \u00e9 sobre o minist\u00e9rio da reconcilia\u00e7\u00e3o (<\/span><b>Ultimato<\/b><span style=\"font-weight: 400;\">, janeiro\/fevereiro de 2018).<\/span><\/p>\n<p><span style=\"font-weight: 400;\">Minha primeira mem\u00f3ria com a Ultimato foi do lan\u00e7amento do livro \u201cPequenos Grupos \u2013 Crescimento Integral da Igreja\u201d.<\/span><\/p>\n<p><em><span style=\"font-weight: 400;\">Marcos C. de Oliveira<\/span><\/em><\/p>\n<p>&nbsp;<\/p>\n<p><strong>Ultimato em um encontro mission\u00e1rio<\/strong><\/p>\n<p><span style=\"font-weight: 400;\">N\u00e3o sei ao certo quem levou para um encontro mission\u00e1rio v\u00e1rios exemplares de <\/span><b>Ultimato<\/b><span style=\"font-weight: 400;\">. Disseram que podia pegar, ent\u00e3o foi amor \u00e0 primeira vista. Claro que \u00e9 modo de dizer. Mas o fato \u00e9 que fui muito impactado pelos artigos, todos muito instrutivos e ver\u00eddicos. Baseados na B\u00edblia, todos os temas abordados de alguma forma nos ajudam. Saliento minha devo\u00e7\u00e3o aos artigos de Elben C\u00e9sar, sempre me encantam e emocionam a cada linha lida.<\/span><\/p>\n<p><span style=\"font-weight: 400;\">Espero que esse minist\u00e9rio avance mais e mais e que tantas outras pessoas sejam aben\u00e7oadas, assim como eu sou. E, quem sabe um dia eu possa ter o privil\u00e9gio figurar nestas maravilhosas p\u00e1ginas?<\/span><\/p>\n<p><span style=\"font-weight: 400;\">Paz seja com todos voc\u00eas e que o Senhor Jesus sempre d\u00ea dire\u00e7\u00e3o em todos os artigos, temas e edi\u00e7\u00f5es at\u00e9 o fim.<\/span><\/p>\n<p><em><span style=\"font-weight: 400;\">Am\u00f3s Nunes<\/span><\/em><\/p>\n<p>&nbsp;<\/p>\n<p><strong><a href=\"https:\/\/www.ultimato.com.br\/revista\/358\"><img loading=\"lazy\" decoding=\"async\" class=\"alignright wp-image-16179 size-full\" title=\"Edi\u00e7\u00e3o 358\" src=\"https:\/\/ultimato.com.br\/sites\/blogdaultimato\/files\/2022\/01\/mhcu_358.jpg\" alt=\"\" width=\"160\" height=\"211\"><\/a>Ultimato ao mesmismo<\/strong><\/p>\n<p><span style=\"font-weight: 400;\">Desde que iniciei a minha assinatura da <\/span><b>Ultimato<\/b><span style=\"font-weight: 400;\"> s\u00f3 tenho a agradecer pela aten\u00e7\u00e3o dos irm\u00e3os que se comunicam atualizando-me, mostrando novos lan\u00e7amentos. Tudo isso tem me edificado, at\u00e9 mesmo porque sou admirador de v\u00e1rios dos seus colaboradores, homens e mulheres de Deus.<\/span><\/p>\n<p><span style=\"font-weight: 400;\">Minha experi\u00eancia com a <\/span><b>Ultimato<\/b><span style=\"font-weight: 400;\"> tem sido de um ultimato ao mesmismo que tantos quiseram impor achando que a B\u00edblia deve se adequar \u00e0 cultura, esquecendo-se de que a cultura \u00e9 quem deve se adequar \u00e0 B\u00edblia.<\/span><\/p>\n<p><span style=\"font-weight: 400;\">Quero expressar a minha gratid\u00e3o e desejar que o Senhor os fortale\u00e7a e os mantenha firmes no desejo de servir ao Reino, proclamar a Boa Nova de Salva\u00e7\u00e3o e de nos enriquecer no aprofundamento da f\u00e9, numa vis\u00e3o mais atual do mundo e das diversas formas de como entrar na brecha. Parab\u00e9ns!<\/span><\/p>\n<p><em><span style=\"font-weight: 400;\">Dalmario M. R. Lemos<\/span><\/em><\/p>\n","protected":false},"excerpt":{"rendered":"<p>Por Marcos, Am\u00f3s, Dalmario<br \/>\nUltimato e juventude, Ultimato e reconcilia\u00e7\u00e3o<br \/>\nEstava enfrentando dificuldade em orientar os jovens, quando recebi a edi\u00e7\u00e3o com o tema \u201cFuja da imoralidade sexual\u201d. Outra mat\u00e9ria importante \u00e9 sobre o minist\u00e9rio da reconcilia\u00e7\u00e3o (Ultimato, janeiro\/fevereiro de 2018).<br \/>\nMinha primeira mem\u00f3ria com a Ultimato foi do lan\u00e7amento do livro \u201cPequenos Grupos \u2013 Crescimento Integral da [&#8230;]<\/p>\n","protected":false},"author":21,"featured_media":0,"comment_status":"open","ping_status":"open","sticky":false,"template":"","format":"standard","meta":{"ngg_post_thumbnail":0,"footnotes":""},"categories":[5153],"tags":[45726],"class_list":["post-16178","post","type-post","status-publish","format-standard","hentry","category-prateleira","tag-54-anos-ultimato"],"_links":{"self":[{"href":"https:\/\/ultimato.com.br\/sites\/blogdaultimato\/wp-json\/wp\/v2\/posts\/16178","targetHints":{"allow":["GET"]}}],"collection":[{"href":"https:\/\/ultimato.com.br\/sites\/blogdaultimato\/wp-json\/wp\/v2\/posts"}],"about":[{"href":"https:\/\/ultimato.com.br\/sites\/blogdaultimato\/wp-json\/wp\/v2\/types\/post"}],"author":[{"embeddable":true,"href":"https:\/\/ultimato.com.br\/sites\/blogdaultimato\/wp-json\/wp\/v2\/users\/21"}],"replies":[{"embeddable":true,"href":"https:\/\/ultimato.com.br\/sites\/blogdaultimato\/wp-json\/wp\/v2\/comments?post=16178"}],"version-history":[{"count":3,"href":"https:\/\/ultimato.com.br\/sites\/blogdaultimato\/wp-json\/wp\/v2\/posts\/16178\/revisions"}],"predecessor-version":[{"id":16182,"href":"https:\/\/ultimato.com.br\/sites\/blogdaultimato\/wp-json\/wp\/v2\/posts\/16178\/revisions\/16182"}],"wp:attachment":[{"href":"https:\/\/ultimato.com.br\/sites\/blogdaultimato\/wp-json\/wp\/v2\/media?parent=16178"}],"wp:term":[{"taxonomy":"category","embeddable":true,"href":"https:\/\/ultimato.com.br\/sites\/blogdaultimato\/wp-json\/wp\/v2\/categories?post=16178"},{"taxonomy":"post_tag","embeddable":true,"href":"https:\/\/ultimato.com.br\/sites\/blogdaultimato\/wp-json\/wp\/v2\/tags?post=16178"}],"curies":[{"name":"wp","href":"https:\/\/api.w.org\/{rel}","templated":true}]}}