{"id":16128,"date":"2022-01-25T11:54:18","date_gmt":"2022-01-25T13:54:18","guid":{"rendered":"https:\/\/ultimato.com.br\/sites\/blogdaultimato\/?p=16128"},"modified":"2022-01-26T09:24:03","modified_gmt":"2022-01-26T11:24:03","slug":"o-que-disseram-da-ultimato-nos-seus-54-anos-54-anos-dedicados-a-formar-e-informar-o-povo-de-deus","status":"publish","type":"post","link":"https:\/\/ultimato.com.br\/sites\/blogdaultimato\/2022\/01\/25\/o-que-disseram-da-ultimato-nos-seus-54-anos-54-anos-dedicados-a-formar-e-informar-o-povo-de-deus\/","title":{"rendered":"54 anos dedicados a formar e informar o povo de Deus"},"content":{"rendered":"<p><span style=\"color: #808000;\"><strong><span style=\"color: #993300;\">O que disseram da Ultimato nos seus 54 anos<\/span><\/strong><\/span><br \/>\n<span style=\"color: #808000;\"><strong>Por<\/strong><\/span><strong><span style=\"color: #808000;\"> Ricardo Mendes Pereira<\/span> <\/strong><\/p>\n<p>&nbsp;<\/p>\n<p><img loading=\"lazy\" decoding=\"async\" class=\"alignright size-medium wp-image-16109\" src=\"https:\/\/ultimato.com.br\/sites\/blogdaultimato\/files\/2022\/01\/54_anos_depoimento_Ricardo-Mendes-Pereira-223x300.jpg\" alt=\"\" width=\"223\" height=\"300\" srcset=\"https:\/\/ultimato.com.br\/sites\/blogdaultimato\/files\/2022\/01\/54_anos_depoimento_Ricardo-Mendes-Pereira-223x300.jpg 223w, https:\/\/ultimato.com.br\/sites\/blogdaultimato\/files\/2022\/01\/54_anos_depoimento_Ricardo-Mendes-Pereira-760x1024.jpg 760w, https:\/\/ultimato.com.br\/sites\/blogdaultimato\/files\/2022\/01\/54_anos_depoimento_Ricardo-Mendes-Pereira-768x1034.jpg 768w, https:\/\/ultimato.com.br\/sites\/blogdaultimato\/files\/2022\/01\/54_anos_depoimento_Ricardo-Mendes-Pereira-732x986.jpg 732w, https:\/\/ultimato.com.br\/sites\/blogdaultimato\/files\/2022\/01\/54_anos_depoimento_Ricardo-Mendes-Pereira.jpg 784w\" sizes=\"auto, (max-width: 223px) 100vw, 223px\" \/>Que b\u00ean\u00e7\u00e3o que o eterno est\u00e1 concedendo a Editora Ultimato, completar 54 anos e todos eles dedicados a formar e informar o povo de Deus.<\/p>\n<p>Lembro do dia que a revista chegou \u00e0s minhas m\u00e3os, foi em 1980, j\u00e1 se v\u00e3o 42 anos. E hoje sou um divulgador e parceiro deste minist\u00e9rio precioso do qual tanto tem me aben\u00e7oado. Quando chegou ao meu conhecimento o esfor\u00e7o que o rev. Elben C\u00e9sar fazia para manter a Editora, fui desafiado a me tornar um disc\u00edpulo e a admirar o minist\u00e9rio desse homem de Deus.<\/p>\n<p>Parab\u00e9ns, Ultimato! Siga sua miss\u00e3o levando a mensagem preciosa da heran\u00e7a da Reforma Protestante. Obrigado, por compartilhar refei\u00e7\u00f5es di\u00e1rias, alimento saboroso, o p\u00e3o do c\u00e9u a mesa com muitos irm\u00e3os.<\/p>\n<p>&nbsp;<\/p>\n<blockquote><p><strong>Ricardo Mendes Pereira<\/strong>, presb\u00edtero na Igreja Presbiteriana da Paz de Montes Claros, MG, e titular de assinatura coletiva Ultimato<\/p><\/blockquote>\n","protected":false},"excerpt":{"rendered":"<p>O que disseram da Ultimato nos seus 54 anos<br \/>\nPor Ricardo Mendes Pereira<br \/>\n&nbsp;<br \/>\nQue b\u00ean\u00e7\u00e3o que o eterno est\u00e1 concedendo a Editora Ultimato, completar 54 anos e todos eles dedicados a formar e informar o povo de Deus.<br \/>\nLembro do dia que a revista chegou \u00e0s minhas m\u00e3os, foi em 1980, j\u00e1 se v\u00e3o 42 anos. E [&#8230;]<\/p>\n","protected":false},"author":21,"featured_media":0,"comment_status":"open","ping_status":"open","sticky":false,"template":"","format":"standard","meta":{"ngg_post_thumbnail":0,"footnotes":""},"categories":[5953,45725],"tags":[45726,16248,21811],"class_list":["post-16128","post","type-post","status-publish","format-standard","hentry","category-revista-ultimato","category-ultimato-54-anos","tag-54-anos-ultimato","tag-aniversario-ultimato","tag-depoimento"],"_links":{"self":[{"href":"https:\/\/ultimato.com.br\/sites\/blogdaultimato\/wp-json\/wp\/v2\/posts\/16128","targetHints":{"allow":["GET"]}}],"collection":[{"href":"https:\/\/ultimato.com.br\/sites\/blogdaultimato\/wp-json\/wp\/v2\/posts"}],"about":[{"href":"https:\/\/ultimato.com.br\/sites\/blogdaultimato\/wp-json\/wp\/v2\/types\/post"}],"author":[{"embeddable":true,"href":"https:\/\/ultimato.com.br\/sites\/blogdaultimato\/wp-json\/wp\/v2\/users\/21"}],"replies":[{"embeddable":true,"href":"https:\/\/ultimato.com.br\/sites\/blogdaultimato\/wp-json\/wp\/v2\/comments?post=16128"}],"version-history":[{"count":3,"href":"https:\/\/ultimato.com.br\/sites\/blogdaultimato\/wp-json\/wp\/v2\/posts\/16128\/revisions"}],"predecessor-version":[{"id":16148,"href":"https:\/\/ultimato.com.br\/sites\/blogdaultimato\/wp-json\/wp\/v2\/posts\/16128\/revisions\/16148"}],"wp:attachment":[{"href":"https:\/\/ultimato.com.br\/sites\/blogdaultimato\/wp-json\/wp\/v2\/media?parent=16128"}],"wp:term":[{"taxonomy":"category","embeddable":true,"href":"https:\/\/ultimato.com.br\/sites\/blogdaultimato\/wp-json\/wp\/v2\/categories?post=16128"},{"taxonomy":"post_tag","embeddable":true,"href":"https:\/\/ultimato.com.br\/sites\/blogdaultimato\/wp-json\/wp\/v2\/tags?post=16128"}],"curies":[{"name":"wp","href":"https:\/\/api.w.org\/{rel}","templated":true}]}}