{"id":16089,"date":"2022-01-19T10:49:39","date_gmt":"2022-01-19T12:49:39","guid":{"rendered":"https:\/\/ultimato.com.br\/sites\/blogdaultimato\/?p=16089"},"modified":"2022-01-19T13:17:53","modified_gmt":"2022-01-19T15:17:53","slug":"a-historia-de-ultimato-contada-por-um-neto-do-fundador","status":"publish","type":"post","link":"https:\/\/ultimato.com.br\/sites\/blogdaultimato\/2022\/01\/19\/a-historia-de-ultimato-contada-por-um-neto-do-fundador\/","title":{"rendered":"A hist\u00f3ria de Ultimato contada por um neto do fundador"},"content":{"rendered":"<p><em>Por Davi Bastos<\/em><\/p>\n<blockquote><p>O ponto de virada no meu envolvimento com Ultimato foi a minha adolesc\u00eancia. Qual foi a minha surpresa ao descobrir que eu poderia ler a revista! Passei a ver Ultimato por aquilo que ela \u00e9: um instrumento de Deus para evangeliza\u00e7\u00e3o e para edifica\u00e7\u00e3o. E a partir de ent\u00e3o passei a ser edificado pela revista e pela editora.<\/p><\/blockquote>\n<p>Muitos conhecem a hist\u00f3ria da Ultimato contada pelos diretores, Kl\u00eania, Marcos e Emmanuel \u2013 Emmanuel \u00e9 o meu pai, por sinal. Alguns a ouviram do Elben, meu av\u00f4. Outros conhecem pela tia Deja, minha av\u00f3, ou por suas filhas. Mas a Kl\u00eania me pediu pra compartilhar com voc\u00eas a hist\u00f3ria da Ultimato da minha perspectiva. E essa creio ser desconhecida de muitos.<\/p>\n<p>Um problema inicial \u00e9 que Ultimato tem 54 anos, mas eu s\u00f3 tenho 26. Vou contar, portanto, um pouco menos da metade da hist\u00f3ria da Ultimato, e ressaltando alguns pontos que geralmente n\u00e3o s\u00e3o t\u00e3o enfatizados \u2013 falarei da minha perspectiva de inf\u00e2ncia. Ser\u00e1 menos a hist\u00f3ria da Ultimato, e mais a minha hist\u00f3ria com Ultimato.<\/p>\n<p>Quando eu nasci, em 1995, a Ultimato ainda n\u00e3o tinha sua sede. A Revista (e nessa \u00e9poca j\u00e1 uma jovem editora) Ultimato funcionava no andar de baixo da casa em que eu morava. S\u00f3 morei em cima da Ultimato, contudo, no meu primeiro ano de vida, e n\u00e3o posso dizer que tenha mem\u00f3rias de ent\u00e3o.<\/p>\n<p><img loading=\"lazy\" decoding=\"async\" class=\"alignright wp-image-16090\" title=\"Por Editora Ultimato\" src=\"https:\/\/ultimato.com.br\/sites\/blogdaultimato\/files\/2022\/01\/blog_ult_depoimento_neto_fundador_crianca_1-264x300.jpg\" alt=\"\" width=\"352\" height=\"400\" srcset=\"https:\/\/ultimato.com.br\/sites\/blogdaultimato\/files\/2022\/01\/blog_ult_depoimento_neto_fundador_crianca_1-264x300.jpg 264w, https:\/\/ultimato.com.br\/sites\/blogdaultimato\/files\/2022\/01\/blog_ult_depoimento_neto_fundador_crianca_1-900x1024.jpg 900w, https:\/\/ultimato.com.br\/sites\/blogdaultimato\/files\/2022\/01\/blog_ult_depoimento_neto_fundador_crianca_1-768x874.jpg 768w, https:\/\/ultimato.com.br\/sites\/blogdaultimato\/files\/2022\/01\/blog_ult_depoimento_neto_fundador_crianca_1-1350x1536.jpg 1350w, https:\/\/ultimato.com.br\/sites\/blogdaultimato\/files\/2022\/01\/blog_ult_depoimento_neto_fundador_crianca_1-1800x2048.jpg 1800w, https:\/\/ultimato.com.br\/sites\/blogdaultimato\/files\/2022\/01\/blog_ult_depoimento_neto_fundador_crianca_1-732x833.jpg 732w, https:\/\/ultimato.com.br\/sites\/blogdaultimato\/files\/2022\/01\/blog_ult_depoimento_neto_fundador_crianca_1-1140x1297.jpg 1140w\" sizes=\"auto, (max-width: 352px) 100vw, 352px\" \/>Logo que a sede da Ultimato foi inaugurada, em 1998, tanto meu pai quanto minha m\u00e3e trabalhavam na editora. Minha m\u00e3e era revisora e trabalhava no andar de cima. Eu me lembro de ir \u00e0 Ultimato e ficar desenhando nas in\u00fameras folhas de rascunho que o processo de revis\u00e3o impresso gerava \u2013 coisa do passado, creio eu. Minha prima, que morava bem ao lado da sede, achava que a Ultimato era nossa papelaria particular: quando acabava o grafite ou a borracha, era s\u00f3 ir buscar na Ultimato.<\/p>\n<p>O envolvimento das filhas de Elben C\u00e9sar \u2013 do v\u00f4, como o cham\u00e1vamos \u2013 na Ultimato foi muito intenso desde o in\u00edcio da revista, naquela \u00e9poca ainda jornal. O envolvimento dos netos j\u00e1 foi muito diferente. Brinc\u00e1vamos muito na Ultimato e atrapalh\u00e1vamos todo mundo \u2013 especialmente, claro, nossas m\u00e3es. Mas nos envolv\u00edamos mesmo era a cada dois meses, na expedi\u00e7\u00e3o da revista (um grande mutir\u00e3o para enviar as revistas impressas aos seus destinat\u00e1rios).<\/p>\n<p>A expedi\u00e7\u00e3o era toda feita a partir de Vi\u00e7osa, e envolvia muitas pessoas. Faz\u00edamos ela na casa da tia I\u00eada, vi\u00fava de um dos fundadores da primeira igreja evang\u00e9lica em Vi\u00e7osa, e depois passamos a fazer no Centro Evang\u00e9lico de Miss\u00f5es. (Atualmente a maior parte \u00e9 feita de S\u00e3o Paulo, por um servi\u00e7o terceirizado.) O trabalho era especialmente manual: basicamente etiquetar revistas, montar kits de assinaturas coletivas (na \u00e9poca a assinatura coletiva era muito comum) e deixar tudo separado e organizado. Mas parte fundamental da nossa participa\u00e7\u00e3o na expedi\u00e7\u00e3o consistia em subir nas enormes pilhas de revistas, pular em cima ou de cima delas, construir castelos e fortes e se esconder atr\u00e1s ou no meio daquela revistaiada.<\/p>\n<p>Claro que s\u00f3 pod\u00edamos fazer isso com as revistas ainda n\u00e3o etiquetadas ou organizadas, e se algu\u00e9m errasse o monte que era de brincar, levava uma baita bronca por bagun\u00e7ar tudo de novo. Todos da Ultimato levavam muito a s\u00e9rio, contudo, o \u201cdeixai vir a mim as criancinhas\u201d, e a gente era muito bem tratado e acolhido no ambiente de trabalho.<\/p>\n<p>Deixando a bagun\u00e7a de lado, tamb\u00e9m ajud\u00e1vamos, etiquetando principalmente \u2013 embora todos quisessem mesmo era mexer na seladora e atear fogo nos pl\u00e1sticos sobressalentes.<\/p>\n<p><img loading=\"lazy\" decoding=\"async\" class=\"alignright wp-image-16091\" title=\"Por Editora Ultimato\" src=\"https:\/\/ultimato.com.br\/sites\/blogdaultimato\/files\/2022\/01\/blog_ult_depoimento_neto_fundador_crianca_2-222x300.jpg\" alt=\"\" width=\"297\" height=\"400\" srcset=\"https:\/\/ultimato.com.br\/sites\/blogdaultimato\/files\/2022\/01\/blog_ult_depoimento_neto_fundador_crianca_2-222x300.jpg 222w, https:\/\/ultimato.com.br\/sites\/blogdaultimato\/files\/2022\/01\/blog_ult_depoimento_neto_fundador_crianca_2-759x1024.jpg 759w, https:\/\/ultimato.com.br\/sites\/blogdaultimato\/files\/2022\/01\/blog_ult_depoimento_neto_fundador_crianca_2-768x1036.jpg 768w, https:\/\/ultimato.com.br\/sites\/blogdaultimato\/files\/2022\/01\/blog_ult_depoimento_neto_fundador_crianca_2-1139x1536.jpg 1139w, https:\/\/ultimato.com.br\/sites\/blogdaultimato\/files\/2022\/01\/blog_ult_depoimento_neto_fundador_crianca_2-1519x2048.jpg 1519w, https:\/\/ultimato.com.br\/sites\/blogdaultimato\/files\/2022\/01\/blog_ult_depoimento_neto_fundador_crianca_2-732x987.jpg 732w, https:\/\/ultimato.com.br\/sites\/blogdaultimato\/files\/2022\/01\/blog_ult_depoimento_neto_fundador_crianca_2-1140x1537.jpg 1140w, https:\/\/ultimato.com.br\/sites\/blogdaultimato\/files\/2022\/01\/blog_ult_depoimento_neto_fundador_crianca_2-scaled.jpg 1898w\" sizes=\"auto, (max-width: 297px) 100vw, 297px\" \/>Em 2008 tivemos o evento de anivers\u00e1rio de 40 anos da revista, na Igreja Presbiteriana de Vi\u00e7osa, onde o v\u00f4 era pastor em\u00e9rito. Participei e ajudei na cozinha, se n\u00e3o me engano. Mas n\u00e3o tinha paci\u00eancia ainda para ficar ouvindo aquele monte de estranhos falar sobre a hist\u00f3ria da Ultimato. Por volta dessa \u00e9poca a crise financeira come\u00e7ou, e Ultimato passou por um grande processo de reestrutura\u00e7\u00e3o e reorganiza\u00e7\u00e3o, que tem dado muitos frutos at\u00e9 hoje.<\/p>\n<p>\u00c0 medida que fui crescendo, fiz alguns outros trabalhos pontuais parecidos na equipe de circula\u00e7\u00e3o e expedi\u00e7\u00e3o: mala direta, descarregar o caminh\u00e3o, contar o estoque etc.<\/p>\n<p>Mas o ponto de virada no meu envolvimento com Ultimato foi a minha adolesc\u00eancia. Qual foi a minha surpresa ao descobrir que eu poderia ler a revista! Nunca tinha me passado isso pela cabe\u00e7a antes. E foi na adolesc\u00eancia que eu passei a ver Ultimato por aquilo que ela \u00e9: um instrumento de Deus para evangeliza\u00e7\u00e3o e para edifica\u00e7\u00e3o. E a partir de ent\u00e3o passei a ser edificado pela revista e pela editora.<\/p>\n<div id=\"attachment_16093\" style=\"width: 310px\" class=\"wp-caption alignright\"><img loading=\"lazy\" decoding=\"async\" aria-describedby=\"caption-attachment-16093\" class=\"wp-image-16093\" title=\"Por Davi Bastos\" src=\"https:\/\/ultimato.com.br\/sites\/blogdaultimato\/files\/2022\/01\/blog_ult_depoimento_neto_fundador_54_anos-225x300.png\" alt=\"\" width=\"300\" height=\"400\" srcset=\"https:\/\/ultimato.com.br\/sites\/blogdaultimato\/files\/2022\/01\/blog_ult_depoimento_neto_fundador_54_anos-225x300.png 225w, https:\/\/ultimato.com.br\/sites\/blogdaultimato\/files\/2022\/01\/blog_ult_depoimento_neto_fundador_54_anos-768x1024.png 768w, https:\/\/ultimato.com.br\/sites\/blogdaultimato\/files\/2022\/01\/blog_ult_depoimento_neto_fundador_54_anos-1152x1536.png 1152w, https:\/\/ultimato.com.br\/sites\/blogdaultimato\/files\/2022\/01\/blog_ult_depoimento_neto_fundador_54_anos-732x976.png 732w, https:\/\/ultimato.com.br\/sites\/blogdaultimato\/files\/2022\/01\/blog_ult_depoimento_neto_fundador_54_anos-1140x1520.png 1140w, https:\/\/ultimato.com.br\/sites\/blogdaultimato\/files\/2022\/01\/blog_ult_depoimento_neto_fundador_54_anos.png 1200w\" sizes=\"auto, (max-width: 300px) 100vw, 300px\" \/><p id=\"caption-attachment-16093\" class=\"wp-caption-text\">Ao querido neto, que l\u00ea mais C. S. Lewis do que a Ultimato. Com muito ressentimento, Elben Vi\u00e7osa, 3 \/ Junho \/ 2013<\/p><\/div>\n<p>Para exemplificar essa quest\u00e3o da leitura de Ultimato, trouxe um livro de C. S. Lewis que ganhei do v\u00f4. Vejam o que ele escreveu na dedicat\u00f3ria.<\/p>\n<p>Quando completei 18 anos, mudei-me para Campinas, para estudar Filosofia, e me tornei representante de vendas da Ultimato em Campinas. Participei de v\u00e1rios eventos vendendo os livros, e tamb\u00e9m os vendia semanalmente em duas igrejas e na ABU. Teria muitas hist\u00f3rias e loucuras para contar sobre essas aventuras tamb\u00e9m, envolvendo estandes pequenos demais e desprovidos de mesas e prateleiras, viagens de \u00f4nibus carregando 10 caixas de livros no bra\u00e7o, e promo\u00e7\u00f5es de assinatura da revista com doce de leite Vi\u00e7osa como brinde \u2013 essa promo\u00e7\u00e3o infelizmente n\u00e3o fez sucesso, e os doces de leite ficaram guardados na garagem da minha rep\u00fablica at\u00e9 um dia antes do vencimento, quando fizemos v\u00e1rios rocamboles e acabamos com aquelas latinhas. Essas e outras hist\u00f3rias ficar\u00e3o para uma outra ocasi\u00e3o.<\/p>\n<p>Mais recentemente, pude escrever alguns textos para o portal Ultimato, fui secret\u00e1rio do Conselho de Fam\u00edlia, que supervisiona a Ultimato externamente, e, agora em 2022, comecei a trabalhar na Editora.<\/p>\n<p>Ultimato n\u00e3o \u00e9 apenas uma editora, \u00e9 tamb\u00e9m um minist\u00e9rio. E, ao ser t\u00e3o marcada pelo evangelho, Ultimato tem sido sempre um espa\u00e7o de alegria \u2013 com ou sem crian\u00e7as pulando de cima das revistas. Que Deus fortale\u00e7a a n\u00f3s, a equipe da Ultimato hoje, para cumprirmos essa miss\u00e3o e esse trabalho com alegria, pautados naquilo que pregamos: Deus Pai, Criador Todo-Poderoso; Cristo Crucificado e Ressurreto, Nosso Senhor; e sua Comunidade de Amor e Paz dirigida por Seu Esp\u00edrito Santo.<\/p>\n<p><strong>Davi Bastos<\/strong> \u00e9 casado com Samara, e \u00e9 pai do Mois\u00e9s e da Irene. Fil\u00f3sofo e estudante de p\u00f3s-gradua\u00e7\u00e3o, trabalha no departamento editorial da Ultimato.<\/p>\n","protected":false},"excerpt":{"rendered":"<p>Por Davi Bastos<br \/>\nO ponto de virada no meu envolvimento com Ultimato foi a minha adolesc\u00eancia. Qual foi a minha surpresa ao descobrir que eu poderia ler a revista! Passei a ver Ultimato por aquilo que ela \u00e9: um instrumento de Deus para evangeliza\u00e7\u00e3o e para edifica\u00e7\u00e3o. E a partir de ent\u00e3o passei a ser edificado [&#8230;]<\/p>\n","protected":false},"author":21,"featured_media":0,"comment_status":"open","ping_status":"open","sticky":false,"template":"","format":"standard","meta":{"ngg_post_thumbnail":0,"footnotes":""},"categories":[5153],"tags":[],"class_list":["post-16089","post","type-post","status-publish","format-standard","hentry","category-prateleira"],"_links":{"self":[{"href":"https:\/\/ultimato.com.br\/sites\/blogdaultimato\/wp-json\/wp\/v2\/posts\/16089","targetHints":{"allow":["GET"]}}],"collection":[{"href":"https:\/\/ultimato.com.br\/sites\/blogdaultimato\/wp-json\/wp\/v2\/posts"}],"about":[{"href":"https:\/\/ultimato.com.br\/sites\/blogdaultimato\/wp-json\/wp\/v2\/types\/post"}],"author":[{"embeddable":true,"href":"https:\/\/ultimato.com.br\/sites\/blogdaultimato\/wp-json\/wp\/v2\/users\/21"}],"replies":[{"embeddable":true,"href":"https:\/\/ultimato.com.br\/sites\/blogdaultimato\/wp-json\/wp\/v2\/comments?post=16089"}],"version-history":[{"count":8,"href":"https:\/\/ultimato.com.br\/sites\/blogdaultimato\/wp-json\/wp\/v2\/posts\/16089\/revisions"}],"predecessor-version":[{"id":16100,"href":"https:\/\/ultimato.com.br\/sites\/blogdaultimato\/wp-json\/wp\/v2\/posts\/16089\/revisions\/16100"}],"wp:attachment":[{"href":"https:\/\/ultimato.com.br\/sites\/blogdaultimato\/wp-json\/wp\/v2\/media?parent=16089"}],"wp:term":[{"taxonomy":"category","embeddable":true,"href":"https:\/\/ultimato.com.br\/sites\/blogdaultimato\/wp-json\/wp\/v2\/categories?post=16089"},{"taxonomy":"post_tag","embeddable":true,"href":"https:\/\/ultimato.com.br\/sites\/blogdaultimato\/wp-json\/wp\/v2\/tags?post=16089"}],"curies":[{"name":"wp","href":"https:\/\/api.w.org\/{rel}","templated":true}]}}