{"id":15903,"date":"2021-10-05T10:26:45","date_gmt":"2021-10-05T12:26:45","guid":{"rendered":"https:\/\/ultimato.com.br\/sites\/blogdaultimato\/?p=15903"},"modified":"2022-02-11T09:34:12","modified_gmt":"2022-02-11T11:34:12","slug":"a-um-clique-conteudo-extra-da-edicao-392-de-ultimato","status":"publish","type":"post","link":"https:\/\/ultimato.com.br\/sites\/blogdaultimato\/2021\/10\/05\/a-um-clique-conteudo-extra-da-edicao-392-de-ultimato\/","title":{"rendered":"A um clique: conte\u00fado extra da edi\u00e7\u00e3o 392 de Ultimato"},"content":{"rendered":"<p><strong>Leia mais do que foi oferecido na edi\u00e7\u00e3o de <a href=\"https:\/\/www.ultimato.com.br\/revista\/392\">Novembro\/Dezembro<\/a> de Ultimato<\/strong><\/p>\n<p><a href=\"https:\/\/ultimato.com.br\/sites\/blogdaultimato\/files\/2021\/11\/capa_392.jpg\" class=\"lightview\" data-lightview-group=\"group-15903\" data-lightview-options=\"skin: 'dark', controls: 'relative', padding: '10', shadow: { color: '#000000', opacity: 0.08, blur: 3 }\"><img loading=\"lazy\" decoding=\"async\" class=\"alignright size-medium wp-image-15924\" src=\"https:\/\/ultimato.com.br\/sites\/blogdaultimato\/files\/2021\/11\/capa_392-228x300.jpg\" alt=\"\" width=\"228\" height=\"300\" srcset=\"https:\/\/ultimato.com.br\/sites\/blogdaultimato\/files\/2021\/11\/capa_392-228x300.jpg 228w, https:\/\/ultimato.com.br\/sites\/blogdaultimato\/files\/2021\/11\/capa_392.jpg 539w\" sizes=\"auto, (max-width: 228px) 100vw, 228px\" \/><\/a>Ultimato oferece muito mais conte\u00fado para o leitor aprofundar-se nos assuntos de cada se\u00e7\u00e3o da revista. Nesta postagem voc\u00ea pode conhecer todo o conte\u00fado extra que foi divulgado na edi\u00e7\u00e3o de <strong><a href=\"https:\/\/www.ultimato.com.br\/revista\/392\">Novembro\/Dezembro<\/a><\/strong>&nbsp;de&nbsp;<strong>Ultimato<\/strong>. Aproveite!<\/p>\n<p>&nbsp;<\/p>\n<p><strong>ABERTURA<\/strong> \u2013 <em>Milagres n\u00e3o solicitados<\/em>, por Elben C\u00e9sar<br \/>\n<a href=\"http:\/\/ultimato.com.br\/sites\/elbencesar\" target=\"_blank\" rel=\"noopener noreferrer\">Legado Elben C\u00e9sar<\/a><\/p>\n<p>&nbsp;<\/p>\n<p><strong>PASTORAIS<\/strong> \u2013 <em>A B\u00edblia, na pr\u00e1tica<\/em>, por Maruilson Souza<br \/>\n<a href=\"http:\/\/bit.ly\/392-pastorais\">A B\u00edblia&#8230; sempre a B\u00edblia &#8211; o livro que me entende<\/a><\/p>\n<p>&nbsp;<\/p>\n<p><strong>MAIS DO QUE NOT\u00cdCIAS<\/strong> \u2013 <em>&#8220;Somos chamados a ser resposta ao Afeganist\u00e3o&#8221;<\/em>, por Liss\u00e2nder Dias<br \/>\n<a href=\"http:\/\/bit.ly\/392-entrevista\">&#8220;Meu cora\u00e7\u00e3o est\u00e1 no Afeganist\u00e3o&#8221;, conta mission\u00e1ria brasileira<\/a><\/p>\n<p>&nbsp;<\/p>\n<p><strong>CAPA<\/strong> \u2013 <em>O que ser\u00e1 desta crian\u00e7a?<\/em>, da reda\u00e7\u00e3o<br \/>\n<a href=\"http:\/\/bit.ly\/392-crianca\">Mais sobre as crian\u00e7as<\/a><\/p>\n<p>&nbsp;<\/p>\n<p><strong>CAPA<\/strong> \u2013 <em>Uma vida plena para todas as crian\u00e7as<\/em>, por Terezinha Candieiro<br \/>\n<a href=\"http:\/\/bit.ly\/392-cuidar-criancas\">Chamados para cuidar das crian\u00e7as<\/a><\/p>\n<p>&nbsp;<\/p>\n<p><strong>CAPA<\/strong> \u2013 <em>Ensine a crian\u00e7a no caminho em que deve andar,&nbsp;<\/em>por Ricardo Barbosa de Souza<br \/>\n<a href=\"http:\/\/bit.ly\/392-lei-transmissao\">A lei da transmiss\u00e3o<\/a><br \/>\n<a href=\"http:\/\/bit.ly\/392-ensina-crianca\">O desafio de ser como uma crian\u00e7a<\/a><\/p>\n<p>&nbsp;<\/p>\n<p><strong>CAPA<\/strong> \u2013 <em>A crian\u00e7a &#8211; espelho da alma da sociedade<\/em>, por Valdir Steuernagel<br \/>\n<a href=\"http:\/\/bit.ly\/392-crianca-sociedade\">Jesus, as crian\u00e7as e os valores do reino<\/a><\/p>\n<p>&nbsp;<\/p>\n<p><strong>CAPA<\/strong> \u2013 <em>Educar crian\u00e7as na era digital,&nbsp;<\/em>por Davi Lago<br \/>\n<a href=\"http:\/\/bit.ly\/392-tecnologia-infancia\">Como lidar com a tecnologia na inf\u00e2ncia<\/a><\/p>\n<p>&nbsp;<\/p>\n<p><strong>SESSENTA+<\/strong> &#8211; <em>De cedros, deisc\u00eancias e eu<\/em>, por Karin Kepler Wondracek<br \/>\n<a href=\"http:\/\/bit.ly\/392-sessenta\">Aprendendo a envelhecer<\/a><\/p>\n<p>&nbsp;<\/p>\n<p><strong>FAM\u00cdLIA<\/strong> \u2013 <em>Pessoas espirituais entram em conflito?<\/em>, por Carlos \u201cCatito\u201d e Dagmar<br \/>\n<a href=\"http:\/\/bit.ly\/392-familia\">O primeiro casal: o pecado complicou tudo<\/a><\/p>\n<p>&nbsp;<\/p>\n<p><strong>CAMINHOS DA MISS\u00c3O<\/strong> \u2013 <em>Unidade e compaix\u00e3o<\/em>, por Leandro Silva<br \/>\n<a href=\"http:\/\/bit.ly\/392-caminhos-missao\">Igreja em a\u00e7\u00e3o na pandemia<\/a><\/p>\n<p>&nbsp;<\/p>\n<p><strong>REFLEX\u00c3O<\/strong> \u2013 <em>Desesperan\u00e7ados S\/A<\/em>, por Lucas Meloni<br \/>\n<a href=\"http:\/\/bit.ly\/392-reflexao\">Ainda ouso, por\u00e9m, ter esperan\u00e7a<\/a><\/p>\n<p>&nbsp;<\/p>\n<p><strong>OPINI\u00c3O<\/strong> \u2013 <em>Democracia<\/em>, por Ed Ren\u00e9 Kivitz<br \/>\n<a href=\"http:\/\/bit.ly\/392-opiniao\">Romanos 13 e a democracia<\/a><\/p>\n<p>&nbsp;<\/p>\n<p><strong>HIST\u00d3RIA<\/strong> \u2013 <em>Levando a s\u00e9rio a hist\u00f3ria da Igreja<\/em>, por Alderi S. Matos<br \/>\n<a href=\"http:\/\/bit.ly\/392-historia\">Enxergando a nossa hist\u00f3ria na hist\u00f3ria da salva\u00e7\u00e3o<\/a><\/p>\n<p>&nbsp;<\/p>\n<p><strong>OPINI\u00c3O<\/strong> \u2013 <em>Como manter a sanidade?<\/em>, por Br\u00e1ulia Ribeiro<br \/>\n<a href=\"http:\/\/bit.ly\/392-opiniao-verdade\">A Verdade &#8211; a Palavra em um mundo plural<\/a><\/p>\n<p>&nbsp;<\/p>\n<p><strong>\u00c9TICA<\/strong> \u2013 Corrup\u00e7\u00e3o: mudar as pessoas ou as institui\u00e7\u00f5es?, por Paul Freston<br \/>\n<a href=\"http:\/\/bit.ly\/392-etica\">Os crist\u00e3os e a democracia em tempos turbulentos<\/a><\/p>\n<p>&nbsp;<\/p>\n<p><strong>LITERATURA E CULTURA<\/strong> \u2013 <em>Inf\u00e2ncia, mem\u00f3ria e imagina\u00e7\u00e3o em a A bibliotec\u00e1ria de Auschwitz<\/em>, por Gladir Cabral<br \/>\n<a href=\"http:\/\/bit.ly\/392-literatura\">O legado de f\u00e9 que superou a guerra<\/a><\/p>\n<p>&nbsp;<\/p>\n<p><strong>ACONTECEU COMIGO<\/strong> \u2013 <em>O Esp\u00edrito Santo me fez compreender o Evangelho<\/em>, Hana (nome fict\u00edcio)<br \/>\n<a href=\"http:\/\/bit.ly\/392-testemunho\" target=\"_blank\" rel=\"noopener\">Como a mul\u00e7umana Hana reconheceu Jesus como Senhor<\/a><\/p>\n","protected":false},"excerpt":{"rendered":"<p>Leia mais do que foi oferecido na edi\u00e7\u00e3o de Novembro\/Dezembro de Ultimato<br \/>\nUltimato oferece muito mais conte\u00fado para o leitor aprofundar-se nos assuntos de cada se\u00e7\u00e3o da revista. Nesta postagem voc\u00ea pode conhecer todo o conte\u00fado extra que foi divulgado na edi\u00e7\u00e3o de Novembro\/Dezembro&nbsp;de&nbsp;Ultimato. Aproveite!<br \/>\n&nbsp;<br \/>\nABERTURA \u2013 Milagres n\u00e3o solicitados, por Elben C\u00e9sar<br \/>\nLegado Elben C\u00e9sar<br \/>\n&nbsp;<br \/>\nPASTORAIS \u2013 A [&#8230;]<\/p>\n","protected":false},"author":21,"featured_media":0,"comment_status":"open","ping_status":"open","sticky":false,"template":"","format":"standard","meta":{"ngg_post_thumbnail":0,"footnotes":""},"categories":[5153],"tags":[32231,5953],"class_list":["post-15903","post","type-post","status-publish","format-standard","hentry","category-prateleira","tag-mais-na-internet","tag-revista-ultimato"],"_links":{"self":[{"href":"https:\/\/ultimato.com.br\/sites\/blogdaultimato\/wp-json\/wp\/v2\/posts\/15903","targetHints":{"allow":["GET"]}}],"collection":[{"href":"https:\/\/ultimato.com.br\/sites\/blogdaultimato\/wp-json\/wp\/v2\/posts"}],"about":[{"href":"https:\/\/ultimato.com.br\/sites\/blogdaultimato\/wp-json\/wp\/v2\/types\/post"}],"author":[{"embeddable":true,"href":"https:\/\/ultimato.com.br\/sites\/blogdaultimato\/wp-json\/wp\/v2\/users\/21"}],"replies":[{"embeddable":true,"href":"https:\/\/ultimato.com.br\/sites\/blogdaultimato\/wp-json\/wp\/v2\/comments?post=15903"}],"version-history":[{"count":5,"href":"https:\/\/ultimato.com.br\/sites\/blogdaultimato\/wp-json\/wp\/v2\/posts\/15903\/revisions"}],"predecessor-version":[{"id":16258,"href":"https:\/\/ultimato.com.br\/sites\/blogdaultimato\/wp-json\/wp\/v2\/posts\/15903\/revisions\/16258"}],"wp:attachment":[{"href":"https:\/\/ultimato.com.br\/sites\/blogdaultimato\/wp-json\/wp\/v2\/media?parent=15903"}],"wp:term":[{"taxonomy":"category","embeddable":true,"href":"https:\/\/ultimato.com.br\/sites\/blogdaultimato\/wp-json\/wp\/v2\/categories?post=15903"},{"taxonomy":"post_tag","embeddable":true,"href":"https:\/\/ultimato.com.br\/sites\/blogdaultimato\/wp-json\/wp\/v2\/tags?post=15903"}],"curies":[{"name":"wp","href":"https:\/\/api.w.org\/{rel}","templated":true}]}}