{"id":15593,"date":"2021-06-29T00:00:35","date_gmt":"2021-06-29T02:00:35","guid":{"rendered":"https:\/\/ultimato.com.br\/sites\/blogdaultimato\/?p=15593"},"modified":"2021-07-01T10:36:08","modified_gmt":"2021-07-01T12:36:08","slug":"isaias-o-profeta-da-graca-de-deus","status":"publish","type":"post","link":"https:\/\/ultimato.com.br\/sites\/blogdaultimato\/2021\/06\/29\/isaias-o-profeta-da-graca-de-deus\/","title":{"rendered":"Isa\u00edas &#8211; o profeta do ju\u00edzo e da gra\u00e7a de Deus!"},"content":{"rendered":"<p>Disponibilizamos para os leitores o arquivo em PDF da mat\u00e9ria de capa da edi\u00e7\u00e3o de mar\u00e7o\/abril de 2016: \u201cIsa\u00edas ainda fala\u201d, uma edi\u00e7\u00e3o com arte da capa muito bonita.<\/p>\n<p>Este oferecimento \u00e9 feito na carona da <a href=\"https:\/\/www.ultimato.com.br\/revista\/390\" target=\"_blank\" rel=\"noopener\">edi\u00e7\u00e3o mais recente<\/a> da revista, cujo tema de capa \u00e9 &#8220;O que os profetas diriam?&#8221;.<\/p>\n<p>&nbsp;<\/p>\n<h5><a href=\"https:\/\/ultimato.com.br\/sites\/blogdaultimato\/files\/2021\/07\/blog_ult_data-6-2021_isaias-pdf_390.pdf\" target=\"_blank\" rel=\"noopener\"><strong><span style=\"color: #993300;\">Aqui o link para a mat\u00e9ria em PDF.<\/span><\/strong><\/a><\/h5>\n<p>&nbsp;<\/p>\n<p>E, abaixo, a introdu\u00e7\u00e3o \u00e0 mat\u00e9ria de capa da <a href=\"https:\/\/www.ultimato.com.br\/revista\/359\" target=\"_blank\" rel=\"noopener\">edi\u00e7\u00e3o antiga<\/a>:<\/p>\n<blockquote><p>Isa\u00edas era tremendo! Homem culto, conhecido como o rei dos profetas e o evangelista da primeira alian\u00e7a, deve ter nascido em Jerusal\u00e9m de uma fam\u00edlia aparentada da casa real. Era casado e pai de pelo menos dois filhos. Quando morreu o rei Uzias, no ano 740 antes de Cristo, Isa\u00edas foi chamado para o minist\u00e9rio prof\u00e9tico em meio a uma experi\u00eancia religiosa dram\u00e1tica. Exerceu essa responsabilidade durante o reinado de Uzias, Jot\u00e3o, Acaz e Ezequias, reis de Jud\u00e1, o reino do sul, de 740 a 701 antes de Cristo, 40 anos ao todo. Segundo a tradi\u00e7\u00e3o judaica, teria sido serrado pelo meio, v\u00edtima da oposi\u00e7\u00e3o.<\/p>\n<p>&nbsp;<\/p>\n<p>O livro de Isa\u00edas, o primeiro e maior dos cinco profetas maiores, \u00e9 simpaticamente chamado de \u201ca B\u00edblia em miniatura\u201d. Por ser parte do Antigo Testamento que mais se refere a Jesus, \u00e9 tamb\u00e9m denominado \u201co quinto Evangelho\u201d. (A palavra \u201csalva\u00e7\u00e3o\u201d aparece 27 vezes s\u00f3 em Isa\u00edas e apenas dez vezes em todos os demais livros prof\u00e9ticos.)<\/p>\n<p>&nbsp;<\/p>\n<p>O recado de Paulo aos Romanos \u201cVejam como Deus \u00e9 bom e tamb\u00e9m \u00e9 duro\u201d (Rm 11.22) lembra o livro de Isa\u00edas. O profeta escreve tanto sobre o ju\u00edzo severo de Deus como sobre a gra\u00e7a de Deus. As mensagens duras s\u00e3o mescladas \u201ccomo belos poemas de conforto e promessa\u201d. Da\u00ed os textos <em>O \u201cque horror!\u201d em Isa\u00edas<\/em>, na p\u00e1gina 24, e <em>O \u201cque beleza!\u201d em Isa\u00edas<\/em>, na p\u00e1gina seguinte.<\/p><\/blockquote>\n<p>&nbsp;<\/p>\n<p><a href=\"https:\/\/ultimato.com.br\/sites\/elbencesar\/files\/2021\/06\/capa_ULT390.jpg\" class=\"lightview\" data-lightview-group=\"group-15593\" data-lightview-options=\"skin: 'dark', controls: 'relative', padding: '10', shadow: { color: '#000000', opacity: 0.08, blur: 3 }\"><img loading=\"lazy\" decoding=\"async\" class=\"alignright wp-image-2750\" src=\"https:\/\/ultimato.com.br\/sites\/elbencesar\/files\/2021\/06\/capa_ULT390-228x300.jpg\" alt=\"\" width=\"154\" height=\"203\"><\/a><\/p>\n<p>&nbsp;<\/p>\n<p>&nbsp;<\/p>\n<p>A <a href=\"https:\/\/www.ultimato.com.br\/revista\/390\" target=\"_blank\" rel=\"noopener\">edi\u00e7\u00e3o de julho\/agosto da revista Ultimato<\/a> quer abrir os pr\u00f3prios ouvidos e os olhos para ouvir e enxergar melhor o que Deus \u201crequer de n\u00f3s\u201d. Quer ajudar a igreja brasileira a ouvir \u201ctodo o conselho de Deus\u201d, a responder \u00e0s muitas perguntas que nos s\u00e3o feitas diariamente e atuar nos diferentes campos da cultura. Espalhe essa boa not\u00edcia.<\/p>\n","protected":false},"excerpt":{"rendered":"<p>Disponibilizamos para os leitores o arquivo em PDF da mat\u00e9ria de capa da edi\u00e7\u00e3o de mar\u00e7o\/abril de 2016: \u201cIsa\u00edas ainda fala\u201d, uma edi\u00e7\u00e3o com arte da capa muito bonita.<br \/>\nEste oferecimento \u00e9 feito na carona da edi\u00e7\u00e3o mais recente da revista, cujo tema de capa \u00e9 &#8220;O que os profetas diriam?&#8221;.<br \/>\n&nbsp;<br \/>\nAqui o link para a mat\u00e9ria [&#8230;]<\/p>\n","protected":false},"author":21,"featured_media":0,"comment_status":"open","ping_status":"open","sticky":false,"template":"","format":"standard","meta":{"ngg_post_thumbnail":0,"footnotes":""},"categories":[5153,5953],"tags":[30091,44824,5953],"class_list":["post-15593","post","type-post","status-publish","format-standard","hentry","category-prateleira","category-revista-ultimato","tag-isaias","tag-o-que-os-profetas-diriam","tag-revista-ultimato"],"_links":{"self":[{"href":"https:\/\/ultimato.com.br\/sites\/blogdaultimato\/wp-json\/wp\/v2\/posts\/15593","targetHints":{"allow":["GET"]}}],"collection":[{"href":"https:\/\/ultimato.com.br\/sites\/blogdaultimato\/wp-json\/wp\/v2\/posts"}],"about":[{"href":"https:\/\/ultimato.com.br\/sites\/blogdaultimato\/wp-json\/wp\/v2\/types\/post"}],"author":[{"embeddable":true,"href":"https:\/\/ultimato.com.br\/sites\/blogdaultimato\/wp-json\/wp\/v2\/users\/21"}],"replies":[{"embeddable":true,"href":"https:\/\/ultimato.com.br\/sites\/blogdaultimato\/wp-json\/wp\/v2\/comments?post=15593"}],"version-history":[{"count":6,"href":"https:\/\/ultimato.com.br\/sites\/blogdaultimato\/wp-json\/wp\/v2\/posts\/15593\/revisions"}],"predecessor-version":[{"id":15677,"href":"https:\/\/ultimato.com.br\/sites\/blogdaultimato\/wp-json\/wp\/v2\/posts\/15593\/revisions\/15677"}],"wp:attachment":[{"href":"https:\/\/ultimato.com.br\/sites\/blogdaultimato\/wp-json\/wp\/v2\/media?parent=15593"}],"wp:term":[{"taxonomy":"category","embeddable":true,"href":"https:\/\/ultimato.com.br\/sites\/blogdaultimato\/wp-json\/wp\/v2\/categories?post=15593"},{"taxonomy":"post_tag","embeddable":true,"href":"https:\/\/ultimato.com.br\/sites\/blogdaultimato\/wp-json\/wp\/v2\/tags?post=15593"}],"curies":[{"name":"wp","href":"https:\/\/api.w.org\/{rel}","templated":true}]}}