{"id":15543,"date":"2021-05-13T18:40:21","date_gmt":"2021-05-13T20:40:21","guid":{"rendered":"https:\/\/ultimato.com.br\/sites\/blogdaultimato\/?p=15543"},"modified":"2021-05-17T12:46:06","modified_gmt":"2021-05-17T14:46:06","slug":"pentecostes-para-celebrar-de-fato","status":"publish","type":"post","link":"https:\/\/ultimato.com.br\/sites\/blogdaultimato\/2021\/05\/13\/pentecostes-para-celebrar-de-fato\/","title":{"rendered":"PENTECOSTES &#8211; Para celebrar de fato!"},"content":{"rendered":"<p><a href=\"https:\/\/ultimato.com.br\/sites\/blogdaultimato\/files\/2021\/05\/image.png\" class=\"lightview\" data-lightview-group=\"group-15543\" data-lightview-options=\"skin: 'dark', controls: 'relative', padding: '10', shadow: { color: '#000000', opacity: 0.08, blur: 3 }\" data-lightview-title=\"www.artway.eu\"><img loading=\"lazy\" decoding=\"async\" class=\"alignright wp-image-15545 size-medium\" title=\"www.artway.eu\" src=\"https:\/\/ultimato.com.br\/sites\/blogdaultimato\/files\/2021\/05\/image-225x300.png\" alt=\"\" width=\"225\" height=\"300\" srcset=\"https:\/\/ultimato.com.br\/sites\/blogdaultimato\/files\/2021\/05\/image-225x300.png 225w, https:\/\/ultimato.com.br\/sites\/blogdaultimato\/files\/2021\/05\/image-732x976.png 732w, https:\/\/ultimato.com.br\/sites\/blogdaultimato\/files\/2021\/05\/image.png 768w\" sizes=\"auto, (max-width: 225px) 100vw, 225px\" \/><\/a>\u00c9 hora de dar mais \u00eanfase a esta importante data do Calend\u00e1rio Crist\u00e3o. Ultimato compilou uma s\u00e9rie de artigos e recursos sobre o tema, que podem ser compartilhados livremente. Uma boa forma de se preparar para o Pentecostes: Domingo, 23\/05.<\/p>\n<p>&nbsp;<\/p>\n<p>\u00bb&nbsp;<a href=\"https:\/\/ultimato.com.br\/sites\/blogdaultimato\/2021\/03\/01\/o-espirito-santo-em-movimento\/\" target=\"_blank\" rel=\"noopener\">O PDF da edi\u00e7\u00e3o <em>O Esp\u00edrito Santo em A\u00e7\u00e3o<\/em><\/a><\/p>\n<p>&nbsp;<\/p>\n<p><strong>John Stott:<\/strong><\/p>\n<p>\u00bb&nbsp;<a href=\"https:\/\/ultimato.com.br\/sites\/john-stott\/2017\/06\/02\/o-evento-de-pentecostes\/\" target=\"_blank\" rel=\"noopener\">O evento de Pentecostes<\/a><br \/>\n\u00bb&nbsp;<a href=\"https:\/\/ultimato.com.br\/sites\/john-stott\/2017\/06\/10\/a-trindade\/\" target=\"_blank\" rel=\"noopener\">A Trindade<\/a><\/p>\n<p>&nbsp;<\/p>\n<p><strong>Elben C\u00e9sar:<\/strong><\/p>\n<p>\u00bb <a href=\"https:\/\/ultimato.com.br\/sites\/elbencesar\/2018\/04\/04\/da-pascoa-ao-pentecostes\/\" target=\"_blank\" rel=\"noopener\">Da P\u00e1scoa ao Pentecostes<\/a><br \/>\n\u00bb <a href=\"https:\/\/ultimato.com.br\/sites\/elbencesar\/2021\/03\/12\/o-poder-que-torna-possivel-o-impossivel\/\" target=\"_blank\" rel=\"noopener\">O poder que torna poss\u00edvel o imposs\u00edvel<\/a><\/p>\n<p>&nbsp;<\/p>\n<p><strong>Ehud Marques Garcia:<\/strong><\/p>\n<p>\u00bb&nbsp;<a href=\"https:\/\/www.ultimato.com.br\/conteudo\/o-pentecostes-foi-um-presente-para-a-igreja\" target=\"_blank\" rel=\"noopener\">O Pentecostes foi um presente para a Igreja<\/a><br \/>\n\u00bb&nbsp;<a href=\"https:\/\/www.ultimato.com.br\/conteudo\/quem-explica-o-pentecostes\" target=\"_blank\" rel=\"noopener\">Quem explica o Pentecostes?<\/a><\/p>\n<p>&nbsp;<\/p>\n<p><strong>Rosifran Machado:<\/strong><\/p>\n<p>\u00bb&nbsp;<a href=\"https:\/\/www.ultimato.com.br\/conteudo\/c-s-lewis-pentecostes-e-os-dons-do-espirito\" target=\"_blank\" rel=\"noopener\">C. S. Lewis, Pentecostes e os dons do Esp\u00edrito<\/a><\/p>\n<p>&nbsp;<\/p>\n<p><strong>Christian Gillis:<\/strong><\/p>\n<p>\u00bb&nbsp;<a href=\"https:\/\/www.ultimato.com.br\/conteudo\/pentecostes-cristao-uma-nova-linguagem-que-todos-podem-falar\" target=\"_blank\" rel=\"noopener\">Pentecostes crist\u00e3o: uma nova linguagem que todos podem falar<\/a><br \/>\n\u00bb&nbsp;<a href=\"https:\/\/www.youtube.com\/watch?v=gnLqoFTMi4M&amp;list=PLtez-CeNd8izKR_ppyjbV22i9F_VY7w51&amp;index=8\" target=\"_blank\" rel=\"noopener\">Pentecostes &#8211; Pr. Christian Gillis [v\u00eddeo]<\/a><\/p>\n","protected":false},"excerpt":{"rendered":"<p>\u00c9 hora de dar mais \u00eanfase a esta importante data do Calend\u00e1rio Crist\u00e3o. Ultimato compilou uma s\u00e9rie de artigos e recursos sobre o tema, que podem ser compartilhados livremente. Uma boa forma de se preparar para o Pentecostes: Domingo, 23\/05.<br \/>\n&nbsp;<br \/>\n\u00bb&nbsp;O PDF da edi\u00e7\u00e3o O Esp\u00edrito Santo em A\u00e7\u00e3o<br \/>\n&nbsp;<br \/>\nJohn Stott:<br \/>\n\u00bb&nbsp;O evento de Pentecostes<br \/>\n\u00bb&nbsp;A Trindade<br \/>\n&nbsp;<br \/>\nElben C\u00e9sar:<br \/>\n\u00bb Da [&#8230;]<\/p>\n","protected":false},"author":21,"featured_media":0,"comment_status":"open","ping_status":"open","sticky":false,"template":"","format":"standard","meta":{"ngg_post_thumbnail":0,"footnotes":""},"categories":[9536,5153,5953],"tags":[38,26182,43674],"class_list":["post-15543","post","type-post","status-publish","format-standard","hentry","category-do-editor","category-prateleira","category-revista-ultimato","tag-igreja","tag-pentecostes","tag-revista-ultimato-388"],"_links":{"self":[{"href":"https:\/\/ultimato.com.br\/sites\/blogdaultimato\/wp-json\/wp\/v2\/posts\/15543","targetHints":{"allow":["GET"]}}],"collection":[{"href":"https:\/\/ultimato.com.br\/sites\/blogdaultimato\/wp-json\/wp\/v2\/posts"}],"about":[{"href":"https:\/\/ultimato.com.br\/sites\/blogdaultimato\/wp-json\/wp\/v2\/types\/post"}],"author":[{"embeddable":true,"href":"https:\/\/ultimato.com.br\/sites\/blogdaultimato\/wp-json\/wp\/v2\/users\/21"}],"replies":[{"embeddable":true,"href":"https:\/\/ultimato.com.br\/sites\/blogdaultimato\/wp-json\/wp\/v2\/comments?post=15543"}],"version-history":[{"count":3,"href":"https:\/\/ultimato.com.br\/sites\/blogdaultimato\/wp-json\/wp\/v2\/posts\/15543\/revisions"}],"predecessor-version":[{"id":15546,"href":"https:\/\/ultimato.com.br\/sites\/blogdaultimato\/wp-json\/wp\/v2\/posts\/15543\/revisions\/15546"}],"wp:attachment":[{"href":"https:\/\/ultimato.com.br\/sites\/blogdaultimato\/wp-json\/wp\/v2\/media?parent=15543"}],"wp:term":[{"taxonomy":"category","embeddable":true,"href":"https:\/\/ultimato.com.br\/sites\/blogdaultimato\/wp-json\/wp\/v2\/categories?post=15543"},{"taxonomy":"post_tag","embeddable":true,"href":"https:\/\/ultimato.com.br\/sites\/blogdaultimato\/wp-json\/wp\/v2\/tags?post=15543"}],"curies":[{"name":"wp","href":"https:\/\/api.w.org\/{rel}","templated":true}]}}