{"id":15411,"date":"2021-03-05T00:00:15","date_gmt":"2021-03-05T02:00:15","guid":{"rendered":"http:\/\/ultimato.com.br\/sites\/blogdaultimato\/?p=15411"},"modified":"2021-02-22T14:17:17","modified_gmt":"2021-02-22T16:17:17","slug":"a-um-clique-conteudo-extra-da-edicao-388-de-ultimato","status":"publish","type":"post","link":"https:\/\/ultimato.com.br\/sites\/blogdaultimato\/2021\/03\/05\/a-um-clique-conteudo-extra-da-edicao-388-de-ultimato\/","title":{"rendered":"A um clique: conte\u00fado extra da edi\u00e7\u00e3o 388 de Ultimato"},"content":{"rendered":"<p><strong>Leia mais do que foi oferecido na edi\u00e7\u00e3o de&nbsp;<a href=\"https:\/\/www.ultimato.com.br\/revista\/388\" target=\"_blank\" rel=\"noopener noreferrer\">mar\u00e7o\/abril<\/a>&nbsp;de Ultimato<\/strong><\/p>\n<p><a href=\"https:\/\/www.ultimato.com.br\/revista\/388\" target=\"_blank\" rel=\"noopener noreferrer\"><img loading=\"lazy\" decoding=\"async\" class=\"alignright wp-image-15434 size-medium\" src=\"http:\/\/ultimato.com.br\/sites\/blogdaultimato\/files\/2021\/03\/388_insta-268x300.jpg\" alt=\"\" width=\"268\" height=\"300\" srcset=\"https:\/\/ultimato.com.br\/sites\/blogdaultimato\/files\/2021\/03\/388_insta-268x300.jpg 268w, https:\/\/ultimato.com.br\/sites\/blogdaultimato\/files\/2021\/03\/388_insta-914x1024.jpg 914w, https:\/\/ultimato.com.br\/sites\/blogdaultimato\/files\/2021\/03\/388_insta-768x860.jpg 768w, https:\/\/ultimato.com.br\/sites\/blogdaultimato\/files\/2021\/03\/388_insta-1371x1536.jpg 1371w, https:\/\/ultimato.com.br\/sites\/blogdaultimato\/files\/2021\/03\/388_insta-1828x2048.jpg 1828w, https:\/\/ultimato.com.br\/sites\/blogdaultimato\/files\/2021\/03\/388_insta-732x820.jpg 732w, https:\/\/ultimato.com.br\/sites\/blogdaultimato\/files\/2021\/03\/388_insta-1140x1277.jpg 1140w\" sizes=\"auto, (max-width: 268px) 100vw, 268px\" \/><\/a><\/p>\n<p>Ultimato oferece muito mais conte\u00fado para o leitor aprofundar-se nos assuntos de cada se\u00e7\u00e3o da revista. Nesta postagem voc\u00ea pode conhecer todo o conte\u00fado extra que foi divulgado na edi\u00e7\u00e3o de <a href=\"https:\/\/www.ultimato.com.br\/revista\/388\" target=\"_blank\" rel=\"noopener noreferrer\">mar\u00e7o\/abril<\/a>&nbsp;de&nbsp;<strong>Ultimato<\/strong>. Aproveite!<\/p>\n<p>&nbsp;<\/p>\n<p><strong>ABERTURA<\/strong> \u2013 <em>O Pai desconhecido<\/em>, por Elben C\u00e9sar<br \/>\n<a href=\"http:\/\/ultimato.com.br\/sites\/elbencesar\" target=\"_blank\" rel=\"noopener noreferrer\">Legado Elben C\u00e9sar<\/a><\/p>\n<p>&nbsp;<\/p>\n<p><strong>PASTORAIS<\/strong> \u2013 <em>N\u00e3o amando a pr\u00f3pria vida<\/em>, por Jony Wagner de Almeida<br \/>\n<a href=\"https:\/\/www.ultimato.com.br\/conteudo\/cruz-sofrimento-e-espiritualidade\" target=\"_blank\" rel=\"noopener\">Cruz, sofrimento e espiritualidade<\/a><\/p>\n<p><a href=\"https:\/\/www.ultimato.com.br\/conteudo\/aprendendo-a-sofrer-como-cristao\" target=\"_blank\" rel=\"noopener\">Aprendendo a sofrer como crist\u00e3o<\/a><\/p>\n<p>&nbsp;<\/p>\n<p><strong>MAIS DO QUE NOT\u00cdCIAS<\/strong> \u2013 <em>Nomes<\/em>, por Kl\u00eania Fassoni<br \/>\n<a href=\"https:\/\/www.ultimato.com.br\/conteudo\/o-que-as-mulheres-do-antigo-testamento-tem-a-dizer\" target=\"_blank\" rel=\"noopener\">O que as mulheres &#8211; do Antigo Testamento &#8211; t\u00eam a dizer<\/a><\/p>\n<p>&nbsp;<\/p>\n<p><strong>MAIS DO QUE NOT\u00cdCIAS<\/strong> \u2013 <em>A unidade da igreja em meio ao caos da pandemia em Manaus, AM<\/em>, por Phelipe Reis<br \/>\n<a href=\"http:\/\/ultimato.com.br\/sites\/paralelo10\/2021\/02\/o-que-acontece-quando-a-igreja-se-une\/\" target=\"_blank\" rel=\"noopener\">O que acontece quando a igreja se une<\/a><\/p>\n<p>&nbsp;<\/p>\n<p><strong>CAPA<\/strong> \u2013 <em>Saudades do Pentecostes<\/em><br \/>\n<a href=\"http:\/\/ultimato.com.br\/sites\/blogdaultimato\/2021\/03\/01\/o-espirito-santo-em-movimento\/\" target=\"_blank\" rel=\"noopener\">O Esp\u00edrito Santo em movimento<\/a><\/p>\n<p>&nbsp;<\/p>\n<p><strong>CAPA<\/strong> \u2013 <em>A pr\u00e1tica da renova\u00e7\u00e3o do poder<\/em>, por Elben C\u00e9sar<br \/>\n<a href=\"https:\/\/ultimato.com.br\/sites\/estudos-biblicos\/assunto\/vida-crista\/pratica-do-poder\/\" target=\"_blank\" rel=\"noopener\">Estudo b\u00edblico \u201cPr\u00e1tica do poder\u201d<\/a><\/p>\n<p>&nbsp;<\/p>\n<p><strong>CAPA<\/strong> \u2013 <em>Testificando a a\u00e7\u00e3o do Esp\u00edrito no cotidiano<\/em>, por Durvalina Bezerra<br \/>\n<a href=\"http:\/\/ultimato.com.br\/sites\/elbencesar\/2021\/02\/02\/o-sucesso-do-espirito\/\" target=\"_blank\" rel=\"noopener\">O sucesso do Esp\u00edrito<\/a><\/p>\n<p>&nbsp;<\/p>\n<p><strong>CAPA<\/strong> \u2013 <em>O Esp\u00edrito Santo: pomba, fogo ou cifr\u00e3o?<\/em>, por Maur\u00edcio Z\u00e1gari<br \/>\n<a href=\"https:\/\/www.ultimato.com.br\/conteudo\/versao-ampliada-de-o-espirito-santo-pomba-fogo-ou-cifrao\" target=\"_blank\" rel=\"noopener\">Vers\u00e3o ampliada de \u201cO Esp\u00edrito Santo: pomba, fogo ou cifr\u00e3o?&#8221;<\/a><\/p>\n<p>&nbsp;<\/p>\n<p><strong>CAPA<\/strong> \u2013 <em>Nascidos do Pentecostes<\/em>, por Christian Gillis<br \/>\n<a href=\"http:\/\/ultimato.com.br\/sites\/estudos-biblicos\/series\/serie-revista-ultimato\/nascidos-do-pentecostes\/\" target=\"_blank\" rel=\"noopener\">Estudo b\u00edblico \u201cNascidos do Pentecostes\u201d<\/a><\/p>\n<p>&nbsp;<\/p>\n<p><strong>CAPA<\/strong> \u2013 <em>Os dons do Esp\u00edrito n\u00e3o s\u00e3o ornamentos<\/em>, por C\u00e9sar Mois\u00e9s<br \/>\n<a href=\"https:\/\/www.ultimato.com.br\/conteudo\/os-dons-do-espirito-santo-nao-sao-ornamentos\" target=\"_blank\" rel=\"noopener\">Vers\u00e3o ampliada de \u201cOs dons do Esp\u00edrito Santo n\u00e3o s\u00e3o ornamentos\u201d<\/a><\/p>\n<p>&nbsp;<\/p>\n<p><strong>O CAMINHO DO CORA\u00c7\u00c3O<\/strong> \u2013 <em>A liberta\u00e7\u00e3o dos dias maus<\/em>, por Ricardo Barbosa<br \/>\n<a href=\"https:\/\/www.ultimato.com.br\/conteudo\/desistir-jamais\" target=\"_blank\" rel=\"noopener\">Desistir jamais!<\/a><\/p>\n<p>&nbsp;<\/p>\n<p><strong>SESSENTA+<\/strong> \u2013 <em>Ser idoso e ser inspirador?<\/em>, por Isabel Murphy<br \/>\n<a href=\"https:\/\/www.ultimato.com.br\/conteudo\/memorial-de-uma-tradutora-da-biblia\" target=\"_blank\" rel=\"noopener\">Memorial de uma tradutora da B\u00edblia<\/a><\/p>\n<p>&nbsp;<\/p>\n<p><strong>REDESCOBRINDO A PALAVRA DE DEUS<\/strong> \u2013 <em>\u201cRecebam o Esp\u00edrito Santo\u201d<\/em>, por Valdir Steuernagel<br \/>\n<a href=\"https:\/\/www.ultimato.com.br\/revista\/artigos\/313\/o-espirito-santo-no-cenaculo\" target=\"_blank\" rel=\"noopener\">O Esp\u00edrito Santo no cen\u00e1culo<\/a><\/p>\n<p>&nbsp;<\/p>\n<p><strong>FAM\u00cdLIA<\/strong> \u2013 <em>Honra tua hist\u00f3ria<\/em>, por Catito e Dagmar<br \/>\n<a href=\"https:\/\/www.ultimato.com.br\/conteudo\/livro-analisa-o-fenomeno-das-fake-news-a-partir-da-otica-crista\" target=\"_blank\" rel=\"noopener\">Livro analisa o fen\u00f4meno das fake news a partir da \u00f3tica crist\u00e3<\/a><\/p>\n<p><a href=\"https:\/\/www.ultimato.com.br\/revista\/artigos\/387\/honra-teu-pai\" target=\"_blank\" rel=\"noopener\">Honra teu pai\u2026<\/a><\/p>\n<p>&nbsp;<\/p>\n<p><strong>CAMINHOS DA MISS\u00c3O<\/strong> \u2013 <em>Pandemia, gravidez, miss\u00f5es: tudo junto<\/em>, por Mila Gomides<br \/>\n<a href=\"https:\/\/www.ultimato.com.br\/conteudo\/pandemia-gravidez-missoes-tudo-junto\" target=\"_blank\" rel=\"noopener\">Vers\u00e3o ampliada da entrevista &#8220;Pandemia, gravidez, miss\u00f5es: tudo junto\u201d<\/a><\/p>\n<p>&nbsp;<\/p>\n<p><strong>REFLEX\u00c3O<\/strong> \u2013 <em>A arte que n\u00e3o imita a vida<\/em>, por Amanda Almeida<br \/>\n<a href=\"https:\/\/www.ultimato.com.br\/conteudo\/historias-que-nao-gostamos-de-ouvir\" target=\"_blank\" rel=\"noopener\">Hist\u00f3rias que n\u00e3o gostamos de ouvir<\/a><\/p>\n<p>&nbsp;<\/p>\n<p><strong>OPINI\u00c3O<\/strong> \u2013 <em>Ningu\u00e9m solta a m\u00e3o de ningu\u00e9m<\/em>, por Ed Ren\u00e9 Kivitz<br \/>\n<a href=\"https:\/\/www.ultimato.com.br\/conteudo\/os-dons-da-igreja-para-o-bem-comum\" target=\"_blank\" rel=\"noopener\">Os dons da igreja para o bem comum<\/a><\/p>\n<p>&nbsp;<\/p>\n<p><strong>OPINI\u00c3O<\/strong> \u2013 <em>O que nos faz humanos<\/em>, por Br\u00e1ulia Ribeiro<br \/>\n<a href=\"https:\/\/www.ultimato.com.br\/revista\/artigos\/283\/sou-a-criatura-do-que-vejo\" target=\"_blank\" rel=\"noopener\">Sou a criatura do que vejo<\/a><\/p>\n<p>&nbsp;<\/p>\n<p><strong>HIST\u00d3RIA<\/strong> \u2013 <em>O Grande e Santo Instruidor<\/em>, por Alderi S. Matos<br \/>\n<a href=\"https:\/\/www.ultimato.com.br\/conteudo\/o-espirito-santo-esse-missionario\" target=\"_blank\" rel=\"noopener\">O Esp\u00edrito Santo, esse mission\u00e1rio!<\/a><\/p>\n<p>&nbsp;<\/p>\n<p><strong>\u00c9TICA<\/strong> \u2013 <em>A vida crist\u00e3 \u00e9 uma caminhada, n\u00e3o um acampamento<\/em>, por Paul Freston<br \/>\n<a href=\"http:\/\/ultimato.com.br\/sites\/estudos-biblicos\/series\/serie-revista-ultimato\/a-vida-crista-e-uma-caminhada-nao-um-acampamento\/\" target=\"_blank\" rel=\"noopener\">Estudo b\u00edblico \u201cA vida crist\u00e3 \u00e9 uma caminhada, n\u00e3o um acampamento\u201d<\/a><\/p>\n<p>&nbsp;<\/p>\n<p><strong>LITERATURA E CULTURA<\/strong> \u2013 <em>Poema dos Poemas, de Cec\u00edlia Meireles<\/em>, por Gladir Cabral<br \/>\n<a href=\"https:\/\/www.ultimato.com.br\/revista\/artigos\/375\/adelia-prado-a-palavra-que-nao-enferruja\" target=\"_blank\" rel=\"noopener\">Ad\u00e9lia Prado: a palavra que n\u00e3o enferruja<\/a><\/p>\n<p>&nbsp;<\/p>\n<p><strong>VAMOS LER<\/strong><br \/>\nLeia a resenha destes livros em <a href=\"http:\/\/ultimato.com.br\/ultimas\/assunto\/arte-cultura\" target=\"_blank\" rel=\"noopener noreferrer\">ultimato.com.br\/ultimas\/assunto\/arte-cultura<\/a><\/p>\n<p>&nbsp;<\/p>\n<p><strong>ACONTECEU COMIGO<\/strong> \u2013 <em>Os \u201cnascidos na igreja\u201d tamb\u00e9m t\u00eam fome de salva\u00e7\u00e3o<\/em>, por C\u00e1ssia de Oliveira<br \/>\n<a href=\"https:\/\/www.ultimato.com.br\/conteudo\/convertida-aos-poucos\" target=\"_blank\" rel=\"noopener\">Convertida aos poucos<\/a><\/p>\n<p>&nbsp;<\/p>\n<p><strong>PONTO FINAL<\/strong> \u2013 <em>A celebra\u00e7\u00e3o da P\u00e1scoa: drama e transforma\u00e7\u00e3o<\/em>, por Rubem Amorese<br \/>\n<a href=\"https:\/\/ultimato.com.br\/sites\/amorese\/2015\/07\/02\/pascoa-e-aprendizado\/\" target=\"_blank\" rel=\"noopener\">P\u00e1scoa e aprendizado<\/a><\/p>\n","protected":false},"excerpt":{"rendered":"<p>Leia mais do que foi oferecido na edi\u00e7\u00e3o de&nbsp;mar\u00e7o\/abril&nbsp;de Ultimato<\/p>\n<p>Ultimato oferece muito mais conte\u00fado para o leitor aprofundar-se nos assuntos de cada se\u00e7\u00e3o da revista. Nesta postagem voc\u00ea pode conhecer todo o conte\u00fado extra que foi divulgado na edi\u00e7\u00e3o de mar\u00e7o\/abril&nbsp;de&nbsp;Ultimato. Aproveite!<br \/>\n&nbsp;<br \/>\nABERTURA \u2013 O Pai desconhecido, por Elben C\u00e9sar<br \/>\nLegado Elben C\u00e9sar<br \/>\n&nbsp;<br \/>\nPASTORAIS \u2013 N\u00e3o amando a [&#8230;]<\/p>\n","protected":false},"author":24,"featured_media":0,"comment_status":"open","ping_status":"open","sticky":false,"template":"","format":"standard","meta":{"ngg_post_thumbnail":0,"footnotes":""},"categories":[9536,22807,5153,5953],"tags":[32231,5953,43670],"class_list":["post-15411","post","type-post","status-publish","format-standard","hentry","category-do-editor","category-extras","category-prateleira","category-revista-ultimato","tag-mais-na-internet","tag-revista-ultimato","tag-ult388"],"_links":{"self":[{"href":"https:\/\/ultimato.com.br\/sites\/blogdaultimato\/wp-json\/wp\/v2\/posts\/15411","targetHints":{"allow":["GET"]}}],"collection":[{"href":"https:\/\/ultimato.com.br\/sites\/blogdaultimato\/wp-json\/wp\/v2\/posts"}],"about":[{"href":"https:\/\/ultimato.com.br\/sites\/blogdaultimato\/wp-json\/wp\/v2\/types\/post"}],"author":[{"embeddable":true,"href":"https:\/\/ultimato.com.br\/sites\/blogdaultimato\/wp-json\/wp\/v2\/users\/24"}],"replies":[{"embeddable":true,"href":"https:\/\/ultimato.com.br\/sites\/blogdaultimato\/wp-json\/wp\/v2\/comments?post=15411"}],"version-history":[{"count":3,"href":"https:\/\/ultimato.com.br\/sites\/blogdaultimato\/wp-json\/wp\/v2\/posts\/15411\/revisions"}],"predecessor-version":[{"id":15435,"href":"https:\/\/ultimato.com.br\/sites\/blogdaultimato\/wp-json\/wp\/v2\/posts\/15411\/revisions\/15435"}],"wp:attachment":[{"href":"https:\/\/ultimato.com.br\/sites\/blogdaultimato\/wp-json\/wp\/v2\/media?parent=15411"}],"wp:term":[{"taxonomy":"category","embeddable":true,"href":"https:\/\/ultimato.com.br\/sites\/blogdaultimato\/wp-json\/wp\/v2\/categories?post=15411"},{"taxonomy":"post_tag","embeddable":true,"href":"https:\/\/ultimato.com.br\/sites\/blogdaultimato\/wp-json\/wp\/v2\/tags?post=15411"}],"curies":[{"name":"wp","href":"https:\/\/api.w.org\/{rel}","templated":true}]}}