{"id":15364,"date":"2020-12-30T13:06:29","date_gmt":"2020-12-30T15:06:29","guid":{"rendered":"http:\/\/ultimato.com.br\/sites\/blogdaultimato\/?p=15364"},"modified":"2020-12-31T12:29:20","modified_gmt":"2020-12-31T14:29:20","slug":"colecionadores-de-memorias-feliz-2021","status":"publish","type":"post","link":"https:\/\/ultimato.com.br\/sites\/blogdaultimato\/2020\/12\/30\/colecionadores-de-memorias-feliz-2021\/","title":{"rendered":"Colecionadores de mem\u00f3rias &#8211; Feliz 2021"},"content":{"rendered":"<p>S\u00e3o muitos os textos b\u00edblicos que nos convidam a lembrar. Deus sabe que, por natureza, somos \u201cesquecedi\u00e7os\u201d.<\/p>\n<p>Dois deles se destacam: a institui\u00e7\u00e3o do Memorial da Ceia (&#8220;Isto \u00e9 o meu corpo dado em favor de voc\u00eas; fa\u00e7am isto em mem\u00f3ria de mim&#8221;, Lc 22.19) e a promessa de Jesus sobre o Esp\u00edrito Santo: \u201cTenho dito isso enquanto estou com voc\u00eas. Mas o Auxiliador, o Esp\u00edrito Santo, que o Pai vai enviar em meu nome, ensinar\u00e1 a voc\u00eas todas as coisas e far\u00e1 com que lembrem de tudo o que eu disse a voc\u00eas\u201d (Jo 14.24-26).<\/p>\n<p>O salmista reconhece: \u201cO Senhor n\u00e3o nos deixa esquecer dos seus feitos maravilhosos; ele \u00e9 bom e tem muita miseric\u00f3rdia\u201d (Sl 111.4).<\/p>\n<p>Lembrar \u00e9 se apropriar. Experi\u00eancia, mem\u00f3ria e esperan\u00e7a andam de m\u00e3os dadas. Lembramos para seguir em frente, com os olhos no futuro. Um desmemoriado anda \u00e0s tontas.<\/p>\n<p>Lembrar \u00e9 uma disciplina espiritual que pode ser exercitada.<\/p>\n<p>Neste fim de 2020 &#8211; ano que n\u00e3o deve ser esquecido &#8211; convidamos voc\u00ea a se tornar um \u201ccolecionador de mem\u00f3rias\u201d. O colecionador sabe o que vale a pena guardar, reconhece o valor de sua cole\u00e7\u00e3o e volta a ela com frequ\u00eancia. Ele n\u00e3o anda por a\u00ed distra\u00eddo, mas atento, \u00e0 procura de coisas valiosas &#8211; de novas mem\u00f3rias.&nbsp;<\/p>\n<p>Em 2021, vamos lembrar e relembrar quem somos e quem Deus \u00e9: \u201cLembrem que o Senhor \u00e9 Deus. Ele nos fez, e n\u00f3s somos dele; somos o seu povo, o seu rebanho\u201d (Sl 100.3).<\/p>\n<p>A m\u00fasica rec\u00e9m-lan\u00e7ada <a href=\"https:\/\/www.youtube.com\/watch?v=E-2wp3etYgw&amp;feature=youtu.be\" target=\"_blank\" rel=\"noopener noreferrer\">&#8220;Vim te, vinte vezes vim&#8221;<\/a>, de Carlinhos Veiga, nos lembra do mais importante: Deus n\u00e3o se esquece. \u201cPois sou o Deus que perdoa e acolhe. Que ouve o clamor da ora\u00e7\u00e3o. E mesmo que voc\u00ea me esque\u00e7a eu n\u00e3o te esquecerei\u201d.<\/p>\n<p>Feliz 2021!<\/p>\n<p>Equipe Ultimato<\/p>\n<p>&nbsp;<\/p>\n<p><iframe loading=\"lazy\" src=\"https:\/\/www.youtube.com\/embed\/E-2wp3etYgw\" width=\"653\" height=\"350\" frameborder=\"0\" allowfullscreen=\"allowfullscreen\">&amp;amp;amp;lt;span data-mce-type=&#8221;bookmark&#8221; style=&#8221;display: inline-block; width: 0px; overflow: hidden; line-height: 0;&#8221; class=&#8221;mce_SELRES_start&#8221;&amp;amp;amp;gt;\ufeff&amp;amp;amp;lt;\/span&amp;amp;amp;gt;&amp;amp;amp;amp;amp;lt;span data-mce-type=&#8221;bookmark&#8221; style=&#8221;display: inline-block; width: 0px; overflow: hidden; line-height: 0;&#8221; class=&#8221;mce_SELRES_start&#8221;&amp;amp;amp;amp;amp;gt;\ufeff&amp;amp;amp;amp;amp;lt;\/span&amp;amp;amp;amp;amp;gt;<\/iframe><br \/>\n&nbsp;<\/p>\n<blockquote><p><a href=\"https:\/\/www.youtube.com\/watch?v=E-2wp3etYgw&amp;feature=youtu.be\" target=\"_blank\" rel=\"noopener noreferrer\"><strong>Vim te, vinte vezes vim<\/strong><\/a><br \/>\nCarlinhos Veiga<\/p>\n<p>&nbsp;<\/p>\n<p>Nos dias de tua ang\u00fastia<br \/>\nN\u00e3o te abandonei<br \/>\nVim te consolar<\/p>\n<p>&nbsp;<\/p>\n<p>Nos dias de teus medos<br \/>\nN\u00e3o me escondi<br \/>\nVim te encontrar<\/p>\n<p>&nbsp;<\/p>\n<p>Nos dias de pobreza<br \/>\nN\u00e3o me esqueci<br \/>\nVim te fartar<\/p>\n<p>&nbsp;<\/p>\n<p>Eu vim te, vinte vezes vim<br \/>\ne ainda virei<\/p>\n<p>&nbsp;<\/p>\n<p>Nos dias de clausuras<br \/>\nN\u00e3o me recolhi<br \/>\nVim te visitar<\/p>\n<p>&nbsp;<\/p>\n<p>Nos dias de doen\u00e7as<br \/>\nN\u00e3o te desprezei<br \/>\nVim te curar<\/p>\n<p>&nbsp;<\/p>\n<p>Nos dias de teus lutos<br \/>\nN\u00e3o te esqueci<br \/>\nVim te alentar<\/p>\n<p>&nbsp;<\/p>\n<p>Eu vim te, vinte vezes vim<br \/>\ne ainda virei<\/p>\n<p>&nbsp;<\/p>\n<p>Pois sou o Deus que perdoa e acolhe<br \/>\nQue ouve o clamor da ora\u00e7\u00e3o<br \/>\nQue est\u00e1 ao lado de quem anda<br \/>\nem vale escuro de afli\u00e7\u00e3o<\/p>\n<p>&nbsp;<\/p>\n<p><strong>E mesmo que voc\u00ea me esque\u00e7a eu <\/strong><br \/>\n<strong>N\u00e3o te esquecerei<\/strong><\/p>\n<p>&nbsp;<\/p>\n<p>Eu vim te, vinte vezes vim<br \/>\nE ainda virei<br \/>\nPois vinte, vinte vezes vinte<br \/>\nAinda virei<br \/>\nEu vim te, vinte vezes vim<br \/>\nE ainda virei<br \/>\nPois vinte, duas mil e vinte vezes ainda virei<\/p><\/blockquote>\n<p><strong>FICHA T\u00c9CNICA <\/strong><br \/>\nVoz e viol\u00f5es \u2013 Carlinhos Veiga<br \/>\nVocais \u2013 Vitor Quevedo<br \/>\nCavaquinho \u2013 Matheus Donato<br \/>\nPiano \u2013 Fernando Mandolini<br \/>\nBaixo ac\u00fastico \u2013 Dido Mariano<\/p>\n<p>Grava\u00e7\u00f5es feitas em casa pelos pr\u00f3prios m\u00fasicos<br \/>\nMixagem e Masteriza\u00e7\u00e3o por Vitor Quevedo<br \/>\nProdu\u00e7\u00e3o Musical de Carlinhos Veiga<br \/>\nProdu\u00e7\u00e3o de V\u00eddeo KZA Inova (Rapha Sousas)<\/p>\n","protected":false},"excerpt":{"rendered":"<p>S\u00e3o muitos os textos b\u00edblicos que nos convidam a lembrar. Deus sabe que, por natureza, somos \u201cesquecedi\u00e7os\u201d.<br \/>\nDois deles se destacam: a institui\u00e7\u00e3o do Memorial da Ceia (&#8220;Isto \u00e9 o meu corpo dado em favor de voc\u00eas; fa\u00e7am isto em mem\u00f3ria de mim&#8221;, Lc 22.19) e a promessa de Jesus sobre o Esp\u00edrito Santo: \u201cTenho dito [&#8230;]<\/p>\n","protected":false},"author":21,"featured_media":0,"comment_status":"open","ping_status":"open","sticky":false,"template":"","format":"standard","meta":{"ngg_post_thumbnail":0,"footnotes":""},"categories":[4230,5153,6111,9539],"tags":[5215,35,43668,43669,18],"class_list":["post-15364","post","type-post","status-publish","format-standard","hentry","category-multimidia","category-prateleira","category-ultimas-de-ca","category-videos-multimidia","tag-ano-novo","tag-carlinhos-veiga","tag-colecionador-de-memorias","tag-feliz-2021","tag-musica"],"_links":{"self":[{"href":"https:\/\/ultimato.com.br\/sites\/blogdaultimato\/wp-json\/wp\/v2\/posts\/15364","targetHints":{"allow":["GET"]}}],"collection":[{"href":"https:\/\/ultimato.com.br\/sites\/blogdaultimato\/wp-json\/wp\/v2\/posts"}],"about":[{"href":"https:\/\/ultimato.com.br\/sites\/blogdaultimato\/wp-json\/wp\/v2\/types\/post"}],"author":[{"embeddable":true,"href":"https:\/\/ultimato.com.br\/sites\/blogdaultimato\/wp-json\/wp\/v2\/users\/21"}],"replies":[{"embeddable":true,"href":"https:\/\/ultimato.com.br\/sites\/blogdaultimato\/wp-json\/wp\/v2\/comments?post=15364"}],"version-history":[{"count":9,"href":"https:\/\/ultimato.com.br\/sites\/blogdaultimato\/wp-json\/wp\/v2\/posts\/15364\/revisions"}],"predecessor-version":[{"id":15376,"href":"https:\/\/ultimato.com.br\/sites\/blogdaultimato\/wp-json\/wp\/v2\/posts\/15364\/revisions\/15376"}],"wp:attachment":[{"href":"https:\/\/ultimato.com.br\/sites\/blogdaultimato\/wp-json\/wp\/v2\/media?parent=15364"}],"wp:term":[{"taxonomy":"category","embeddable":true,"href":"https:\/\/ultimato.com.br\/sites\/blogdaultimato\/wp-json\/wp\/v2\/categories?post=15364"},{"taxonomy":"post_tag","embeddable":true,"href":"https:\/\/ultimato.com.br\/sites\/blogdaultimato\/wp-json\/wp\/v2\/tags?post=15364"}],"curies":[{"name":"wp","href":"https:\/\/api.w.org\/{rel}","templated":true}]}}