{"id":15357,"date":"2020-12-24T13:29:35","date_gmt":"2020-12-24T15:29:35","guid":{"rendered":"http:\/\/ultimato.com.br\/sites\/blogdaultimato\/?p=15357"},"modified":"2020-12-24T13:51:50","modified_gmt":"2020-12-24T15:51:50","slug":"canticos-a-melhor-tradicao-de-natal","status":"publish","type":"post","link":"https:\/\/ultimato.com.br\/sites\/blogdaultimato\/2020\/12\/24\/canticos-a-melhor-tradicao-de-natal\/","title":{"rendered":"C\u00e2nticos: a melhor tradi\u00e7\u00e3o de Natal"},"content":{"rendered":"<p><span style=\"color: #993300;\"><strong>Por Davi Steuernagel<\/strong><\/span><\/p>\n<blockquote><p>Os c\u00e2nticos preparam a alma e o cora\u00e7\u00e3o para receber Jesus e abrem a nossa mente para que possamos verdadeiramente ver a alegria e a gl\u00f3ria do Natal.<\/p><\/blockquote>\n<p><img loading=\"lazy\" decoding=\"async\" class=\"alignright size-medium wp-image-15361\" src=\"http:\/\/ultimato.com.br\/sites\/blogdaultimato\/files\/2020\/12\/blog_ult_24-12-2020_a-melhor-tradicao-300x277.png\" alt=\"\" width=\"300\" height=\"277\" srcset=\"https:\/\/ultimato.com.br\/sites\/blogdaultimato\/files\/2020\/12\/blog_ult_24-12-2020_a-melhor-tradicao-300x277.png 300w, https:\/\/ultimato.com.br\/sites\/blogdaultimato\/files\/2020\/12\/blog_ult_24-12-2020_a-melhor-tradicao.png 498w\" sizes=\"auto, (max-width: 300px) 100vw, 300px\" \/>Meus pais nunca contaram para mim e meus irm\u00e3os que o Papai Noel era algo real. Eu acho que eles fizeram a escolha certa porque Natal n\u00e3o \u00e9 um velhinho de dois mil anos de idade andando por a\u00ed usando um casaco peludo e vermelho dando presentes para crian\u00e7as boazinhas. Natal \u00e9 celebrar o nascimento de Jesus, o Salvador. Por esse motivo, a melhor e mais importante tradi\u00e7\u00e3o dessa \u00e9poca \u00e9 cantar c\u00e2nticos natalinos, porque isso nos ajuda a perceber a verdadeira raz\u00e3o do Natal. Cantar hinos entra profundamente no cora\u00e7\u00e3o para que n\u00f3s sempre nos lembremos de Jesus e nos prepara para a celebra\u00e7\u00e3o da vinda de Jesus.<\/p>\n<p>Muitos pais contam para seus filhos que o Papai Noel existe e as crian\u00e7as acabam n\u00e3o entendendo a verdadeira raz\u00e3o da festa. Sim, presentes s\u00e3o legais e todo mundo gosta deles, mas voc\u00ea sabia que essa tradi\u00e7\u00e3o celebrada em todo o mundo por todo tipo de gente, na verdade vem do fato de que os tr\u00eas reis magos deram presentes, incenso, ouro e mirra, para Jesus quando ele era beb\u00ea? A raz\u00e3o verdadeira do Natal \u00e9 celebrar o nascimento de Jesus e as pessoas \u00e0s vezes esquecem disso. Os c\u00e2nticos natalinos nos lembram de que Natal n\u00e3o \u00e9 s\u00f3 presentes, \u00e9 celebrar Jesus. Se n\u00e3o fosse por esses c\u00e2nticos, muitas pessoas que s\u00e3o crist\u00e3s agora, talvez nem conhecessem Jesus.<\/p>\n<p>O meu pai \u00e9 m\u00fasico e toca viol\u00e3o muito bem. M\u00fasica \u00e9 uma coisa que \u00e9 muito importante na nossa fam\u00edlia e \u00e9 algo que todos n\u00f3s apreciamos. Por essa raz\u00e3o, n\u00f3s amamos sentar juntos na sala nos domingos de Advento e cantar hinos, como \u201c\u00d3 vem, \u00d3 vem, Emanuel\u201d ou \u201cNoite Feliz\u201d. Esses c\u00e2nticos me lembram, e eu acho que outras pessoas da minha fam\u00edlia tamb\u00e9m, da beleza do Natal e de que a m\u00fasica \u00e9 uma coisa muito profunda e constante. A m\u00fasica n\u00e3o vai embora. Ela n\u00e3o \u00e9 como um evento que acontece um dia e quando voc\u00ea vai dormir de noite j\u00e1 acabou. \u00c9 como uma cicatriz que nunca vai embora. E \u00e0 medida que voc\u00ea cresce, ela cresce junto. Tamb\u00e9m \u00e9 um tipo de cicatriz diferente. A maioria das cicatrizes te lembram da dor de uma ferida, mas essa cicatriz te lembra da alegria da m\u00fasica. E da mesma maneira que cicatrizes nunca v\u00e3o embora, a m\u00fasica fica no teu cora\u00e7\u00e3o e te lembra de Jesus para que voc\u00ea nunca se esque\u00e7a de que voc\u00ea foi perdoado.<\/p>\n<p>C\u00e2nticos de Natal s\u00e3o uma grande parte do Advento, o per\u00edodo em que nos preparamos para a celebra\u00e7\u00e3o do nascimento de Jesus. Os c\u00e2nticos preparam a alma e o cora\u00e7\u00e3o para receber Jesus e abrem a nossa mente para que possamos verdadeiramente ver a alegria e a gl\u00f3ria do Natal. O Natal n\u00e3o \u00e9 algo que de repente est\u00e1 aqui. Existe um ritual que nos prepara para ele. Os hinos fazem a sua alma sentir o quanto Jesus \u00e9 especial e que celebramos a sua vinda por uma raz\u00e3o. Louvamos a ele por uma raz\u00e3o. Nos preparamos para receb\u00ea-lo por uma raz\u00e3o. Como Jo\u00e3o Batista preparou o caminho para Jesus na B\u00edblia, n\u00f3s preparamos os nossos cora\u00e7\u00f5es para a vinda de Jesus durante o Advento.<\/p>\n<p>Cantar c\u00e2nticos crist\u00e3os natalinos <em>\u00e9 <\/em>a melhor tradi\u00e7\u00e3o do Natal porque nos ajuda a enxergar a verdadeira raz\u00e3o do Natal. Cantar hinos \u00e9 algo que entra profundamente e cria ra\u00edzes no cora\u00e7\u00e3o, nos fazendo sempre lembrar de Jesus e nos preparar para a celebra\u00e7\u00e3o de seu nascimento. Sem esses c\u00e2nticos, para nos lembrar do nascimento dele, muitas pessoas talvez at\u00e9 poderiam esquecer-se de Jesus, o maior presente de Natal de todos.<\/p>\n<p>&nbsp;<\/p>\n<ul>\n<li><strong>Davi Steuernagel<\/strong>, 11 anos, nascido em Curitiba, PR, e hoje morando em Dallas, TX.<\/li>\n<\/ul>\n<p>&nbsp;<\/p>\n<p><strong>Leia mais:<\/strong><\/p>\n<p><a href=\"https:\/\/www.ultimato.com.br\/conteudo\/noite-de-paz\">Noite de paz<\/a><\/p>\n<p><a href=\"https:\/\/www.ultimato.com.br\/conteudo\/no-presepio-de-belem\">No pres\u00e9pio de Bel\u00e9m<\/a><\/p>\n","protected":false},"excerpt":{"rendered":"<p>Por Davi Steuernagel<br \/>\nOs c\u00e2nticos preparam a alma e o cora\u00e7\u00e3o para receber Jesus e abrem a nossa mente para que possamos verdadeiramente ver a alegria e a gl\u00f3ria do Natal.<br \/>\nMeus pais nunca contaram para mim e meus irm\u00e3os que o Papai Noel era algo real. Eu acho que eles fizeram a escolha certa porque Natal [&#8230;]<\/p>\n","protected":false},"author":21,"featured_media":0,"comment_status":"open","ping_status":"open","sticky":false,"template":"","format":"standard","meta":{"ngg_post_thumbnail":0,"footnotes":""},"categories":[5153],"tags":[15,18,82],"class_list":["post-15357","post","type-post","status-publish","format-standard","hentry","category-prateleira","tag-criancas","tag-musica","tag-natal"],"_links":{"self":[{"href":"https:\/\/ultimato.com.br\/sites\/blogdaultimato\/wp-json\/wp\/v2\/posts\/15357","targetHints":{"allow":["GET"]}}],"collection":[{"href":"https:\/\/ultimato.com.br\/sites\/blogdaultimato\/wp-json\/wp\/v2\/posts"}],"about":[{"href":"https:\/\/ultimato.com.br\/sites\/blogdaultimato\/wp-json\/wp\/v2\/types\/post"}],"author":[{"embeddable":true,"href":"https:\/\/ultimato.com.br\/sites\/blogdaultimato\/wp-json\/wp\/v2\/users\/21"}],"replies":[{"embeddable":true,"href":"https:\/\/ultimato.com.br\/sites\/blogdaultimato\/wp-json\/wp\/v2\/comments?post=15357"}],"version-history":[{"count":4,"href":"https:\/\/ultimato.com.br\/sites\/blogdaultimato\/wp-json\/wp\/v2\/posts\/15357\/revisions"}],"predecessor-version":[{"id":15362,"href":"https:\/\/ultimato.com.br\/sites\/blogdaultimato\/wp-json\/wp\/v2\/posts\/15357\/revisions\/15362"}],"wp:attachment":[{"href":"https:\/\/ultimato.com.br\/sites\/blogdaultimato\/wp-json\/wp\/v2\/media?parent=15357"}],"wp:term":[{"taxonomy":"category","embeddable":true,"href":"https:\/\/ultimato.com.br\/sites\/blogdaultimato\/wp-json\/wp\/v2\/categories?post=15357"},{"taxonomy":"post_tag","embeddable":true,"href":"https:\/\/ultimato.com.br\/sites\/blogdaultimato\/wp-json\/wp\/v2\/tags?post=15357"}],"curies":[{"name":"wp","href":"https:\/\/api.w.org\/{rel}","templated":true}]}}