{"id":15326,"date":"2020-12-09T17:37:50","date_gmt":"2020-12-09T19:37:50","guid":{"rendered":"http:\/\/ultimato.com.br\/sites\/blogdaultimato\/?p=15326"},"modified":"2020-12-09T17:37:50","modified_gmt":"2020-12-09T19:37:50","slug":"quarentena-castigo-e-contemplacao","status":"publish","type":"post","link":"https:\/\/ultimato.com.br\/sites\/blogdaultimato\/2020\/12\/09\/quarentena-castigo-e-contemplacao\/","title":{"rendered":"Quarentena, castigo e contempla\u00e7\u00e3o"},"content":{"rendered":"<p><span style=\"color: #993300;\"><strong>Experi\u00eancias de jardim<\/strong><\/span><\/p>\n<p>&nbsp;<\/p>\n<p><span style=\"color: #000000;\"><strong>Por Tonica Van der merr<\/strong><\/span><\/p>\n<p>Posso gozar a vida na quarentena?<br \/>\nA quarentena \u00e9 um castigo?<br \/>\nMuitas vezes parece que \u00e9, mas<br \/>\nConsegui muito mais tempo para me alegrar na natureza<br \/>\nCuidar das plantinhas, alegrar-me com as flores<br \/>\nT\u00e3o variadas em forma, em cor, em textura<br \/>\nTodas delicadas, florescendo para alegrar<br \/>\nAos que as observam, sejam pessoas, seja o Criador<br \/>\nAlegrar-me com o canto dos p\u00e1ssaros<br \/>\nTamb\u00e9m t\u00e3o variados em cores, em tamanho, em seu canto<br \/>\nLindos e \u00e1geis, uma del\u00edcia para os olhos<br \/>\nQue vontade de voar como eles!<br \/>\nSem preocupa\u00e7\u00e3o com o coronav\u00edrus&#8230;<br \/>\nAlegrar-me com as \u00e1rvores<br \/>\nAlgumas d\u00e3o frutas, outras flores, outras sua sombra fresca<br \/>\nComo gosto de caminhar no meu jardim<br \/>\nE encontrar os cachorros sempre entusiasmados<br \/>\nCom minha presen\u00e7a, comida, carinho.<br \/>\nAndando um pouco mais, n\u00e3o muito, porque n\u00e3o pode<br \/>\nA\u00ed posso ver os morros verdes<br \/>\nUns mais pertos, depois outros, e mais outros bem distantes<br \/>\nQuantas tonalidades de verde!<br \/>\nQuem fez tantas coisas lindas, vivas, em constante muta\u00e7\u00e3o<br \/>\nFoi meu Senhor, a quem amo.<br \/>\nQue possamos cuidar bem desse mundo belo!<\/p>\n<p>&nbsp;<\/p>\n<p><a href=\"http:\/\/ultimato.com.br\/sites\/blogdaultimato\/files\/2020\/12\/blog_ult_experiencia_jardim_tania.jpg\" class=\"lightview\" data-lightview-group=\"group-15326\" data-lightview-options=\"skin: 'dark', controls: 'relative', padding: '10', shadow: { color: '#000000', opacity: 0.08, blur: 3 }\"><img loading=\"lazy\" decoding=\"async\" class=\"size-medium wp-image-15327 alignleft\" src=\"http:\/\/ultimato.com.br\/sites\/blogdaultimato\/files\/2020\/12\/blog_ult_experiencia_jardim_tania-207x300.jpg\" alt=\"\" width=\"207\" height=\"300\" srcset=\"https:\/\/ultimato.com.br\/sites\/blogdaultimato\/files\/2020\/12\/blog_ult_experiencia_jardim_tania-207x300.jpg 207w, https:\/\/ultimato.com.br\/sites\/blogdaultimato\/files\/2020\/12\/blog_ult_experiencia_jardim_tania.jpg 700w\" sizes=\"auto, (max-width: 207px) 100vw, 207px\" \/><\/a><\/p>\n<blockquote><p>&nbsp;<\/p>\n<p>&nbsp;<\/p>\n<p style=\"text-align: right;\">Em dias dif\u00edceis de pandemia, me encanto quando dentro da sala&nbsp;vem o suave perfume da lavanda&#8230; delicado, leve, como n\u00e3o lembrar do Criador&nbsp;e seu cuidado? Como n\u00e3o celebrar a vida que brota e resiste mesmo em&nbsp;condi\u00e7\u00f5es adversas? Gratid\u00e3o!<\/p>\n<p style=\"text-align: right;\">&nbsp;<\/p>\n<p style=\"text-align: right;\"><strong>T\u00e2nia Wutisk, <\/strong>Campinas, S\u00e3o Paulo.<\/p>\n<p>&nbsp;<\/p>\n<p>&nbsp;<\/p>\n<p>&nbsp;<\/p><\/blockquote>\n<p>&nbsp;<\/p>\n<p><img loading=\"lazy\" decoding=\"async\" class=\"size-medium wp-image-15329 alignright\" src=\"http:\/\/ultimato.com.br\/sites\/blogdaultimato\/files\/2020\/12\/blog_ult_experiencia_jardim_andrew-300x300.png\" alt=\"\" width=\"300\" height=\"300\" srcset=\"https:\/\/ultimato.com.br\/sites\/blogdaultimato\/files\/2020\/12\/blog_ult_experiencia_jardim_andrew-300x300.png 300w, https:\/\/ultimato.com.br\/sites\/blogdaultimato\/files\/2020\/12\/blog_ult_experiencia_jardim_andrew-150x150.png 150w, https:\/\/ultimato.com.br\/sites\/blogdaultimato\/files\/2020\/12\/blog_ult_experiencia_jardim_andrew.png 700w\" sizes=\"auto, (max-width: 300px) 100vw, 300px\" \/><\/p>\n<blockquote><p>Tenho passado bastante dos meus dias lendo, e desenhando no meu \u201cescrit\u00f3rio\u201d. Uma das minhas leituras mencionava Van Gogh, que foi um dos motivos pelos quais eu quis ser artista. A sensibilidade que ele tinha, a habilidade em ver cor e beleza. Foi um evangelista nas minas de carv\u00e3o por parte de sua vida e acho que ele nunca parou de ver beleza, de ver um Deus abundante. Eu acabei misturando um pouco dos dois, a minha vista e o que tenho lido nesses dias. Ambos s\u00e3o lembran\u00e7as para mim dessa vida que \u00e9 abundante.<\/p>\n<p>&nbsp;<\/p>\n<p><strong>Andrew Gilbert, <\/strong>24 anos, Austin, Texas. Instagram: @orangeunicorn.studio<\/p><\/blockquote>\n<p>&nbsp;<\/p>\n<blockquote><p><a href=\"http:\/\/ultimato.com.br\/sites\/blogdaultimato\/files\/2020\/12\/blog_ult_experiencia_jardim_wilma.jpeg\" class=\"lightview\" data-lightview-group=\"group-15326\" data-lightview-options=\"skin: 'dark', controls: 'relative', padding: '10', shadow: { color: '#000000', opacity: 0.08, blur: 3 }\"><img loading=\"lazy\" decoding=\"async\" class=\"alignleft  wp-image-15328\" src=\"http:\/\/ultimato.com.br\/sites\/blogdaultimato\/files\/2020\/12\/blog_ult_experiencia_jardim_wilma-1024x512.jpeg\" alt=\"\" width=\"356\" height=\"178\" srcset=\"https:\/\/ultimato.com.br\/sites\/blogdaultimato\/files\/2020\/12\/blog_ult_experiencia_jardim_wilma-1024x512.jpeg 1024w, https:\/\/ultimato.com.br\/sites\/blogdaultimato\/files\/2020\/12\/blog_ult_experiencia_jardim_wilma-300x150.jpeg 300w, https:\/\/ultimato.com.br\/sites\/blogdaultimato\/files\/2020\/12\/blog_ult_experiencia_jardim_wilma-768x384.jpeg 768w, https:\/\/ultimato.com.br\/sites\/blogdaultimato\/files\/2020\/12\/blog_ult_experiencia_jardim_wilma-732x366.jpeg 732w, https:\/\/ultimato.com.br\/sites\/blogdaultimato\/files\/2020\/12\/blog_ult_experiencia_jardim_wilma-1140x570.jpeg 1140w, https:\/\/ultimato.com.br\/sites\/blogdaultimato\/files\/2020\/12\/blog_ult_experiencia_jardim_wilma.jpeg 1160w\" sizes=\"auto, (max-width: 356px) 100vw, 356px\" \/><\/a>No meio tr\u00e2nsito ca\u00f3tico, havia uma bonita \u00e1rvore.<\/p>\n<p>Vinha dirigindo apressada [&#8230;] me queixava por causa do tr\u00e2nsito intenso e dos motoristas que n\u00e3o davam a vez para eu passar. Quando entrei na rua pretendida, me deparei com um imenso p\u00e9 de arvore, todo florido de rosa, fiquei encantada com tanta beleza. Sorri ao passar por ele, tive vontade de jogar um beijo, mas me contive. Mas meio sem querer, exclamei a frase: \u201cSeu lindo!\u201d. Segui meu caminho muito mais feliz. A ansiedade passou e pude sentir o cuidado de Deus, que nos d\u00e1 esses mimos, numa profus\u00e3o de cores e beleza.<\/p>\n<p><strong>Wilma Rodrigues da Silva Ribeiro<\/strong>, 56, Manaus, Amazonas.<\/p><\/blockquote>\n<p>&nbsp;<\/p>\n<p>&nbsp;<\/p>\n<p><strong>O que s\u00e3o Experi\u00eancias de Jardim?<\/strong><\/p>\n<p>Experi\u00eancias de Jardim \u00e9 um selo de iniciativa da Ultimato em parceria com o movimento Renovar Nosso Mundo. Ele acolhe textos ou imagens que nascem a partir da observa\u00e7\u00e3o e da contempla\u00e7\u00e3o da cria\u00e7\u00e3o de Deus, quando nossos olhos e ouvidos se deparam com os \u201cecos de Deus\u201d, conforme lemos nos \u00faltimos vers\u00edculos do cap\u00edtulo 26 do livro de J\u00f3:<\/p>\n<p>&nbsp;<\/p>\n<p><img loading=\"lazy\" decoding=\"async\" class=\"alignright wp-image-15195\" src=\"http:\/\/ultimato.com.br\/sites\/blogdaultimato\/files\/2020\/10\/selo_experiencias_jardim-300x300.png\" alt=\"\" width=\"133\" height=\"133\" srcset=\"https:\/\/ultimato.com.br\/sites\/blogdaultimato\/files\/2020\/10\/selo_experiencias_jardim-300x300.png 300w, https:\/\/ultimato.com.br\/sites\/blogdaultimato\/files\/2020\/10\/selo_experiencias_jardim-150x150.png 150w, https:\/\/ultimato.com.br\/sites\/blogdaultimato\/files\/2020\/10\/selo_experiencias_jardim.png 700w\" sizes=\"auto, (max-width: 133px) 100vw, 133px\" \/><em>\u201cCom seu sopro [Deus] deu beleza aos c\u00e9us [&#8230;] Essas s\u00e3o apenas bordas do seu caminho, e dele s\u00f3 percebemos um fr\u00e1gil eco. Quem poderia compreender o estrondo do seu poder?\u201d <\/em>(B\u00edblia Pastoral, Paulus).<\/p>\n<p>&nbsp;<\/p>\n<p>O selo <strong>Experi\u00eancias de Jardim<\/strong> quer dar destaque \u00e0queles momentos em que somos tomados por deslumbramento diante da cria\u00e7\u00e3o e por um enorme sentimento de gratid\u00e3o e louvor a Deus. Davi, autor do Salmo 19 escreve impactado por suas pr\u00f3prias \u201cexperi\u00eancias de jardim\u201d e convida seus leitores para que n\u00e3o permane\u00e7am alheios ao espet\u00e1culo do Artista-Mor: em todos os lugares o amanhecer e o anoitecer se revezam chamando \u201cVenham e adorem\u201d.<\/p>\n<p>Voc\u00ea pode conhecer outras experi\u00eancias de jardim no blog do movimento Renovar Nosso Mundo, <a href=\"https:\/\/renewourworld.net\/pt-br\/2020\/09\/as-cores-da-criacao\/\">aqui<\/a>.<\/p>\n<p><strong>Leia mais:&nbsp;<\/strong><\/p>\n<p>\u00bb <a href=\"http:\/\/ultimato.com.br\/sites\/blogdaultimato\/2020\/11\/13\/o-sol-e-a-lua\/\" target=\"_blank\" rel=\"noopener noreferrer\">O sol e a lua<\/a><br \/>\n\u00bb <a href=\"https:\/\/ultimato.com.br\/sites\/blogdaultimato\/wp-admin\/post.php?post=15189&amp;action=edit\" target=\"_blank\" rel=\"noopener noreferrer\">(In)vis\u00edvel<\/a><\/p>\n","protected":false},"excerpt":{"rendered":"<p>Experi\u00eancias de jardim<br \/>\n&nbsp;<br \/>\nPor Tonica Van der merr<br \/>\nPosso gozar a vida na quarentena?<br \/>\nA quarentena \u00e9 um castigo?<br \/>\nMuitas vezes parece que \u00e9, mas<br \/>\nConsegui muito mais tempo para me alegrar na natureza<br \/>\nCuidar das plantinhas, alegrar-me com as flores<br \/>\nT\u00e3o variadas em forma, em cor, em textura<br \/>\nTodas delicadas, florescendo para alegrar<br \/>\nAos que as observam, sejam pessoas, seja o Criador<br \/>\nAlegrar-me com [&#8230;]<\/p>\n","protected":false},"author":21,"featured_media":0,"comment_status":"open","ping_status":"open","sticky":false,"template":"","format":"standard","meta":{"ngg_post_thumbnail":0,"footnotes":""},"categories":[41764,9538,4230,5153],"tags":[41765,30,41197,160],"class_list":["post-15326","post","type-post","status-publish","format-standard","hentry","category-experiencias-de-jadim","category-fotos-multimidia","category-multimidia","category-prateleira","tag-experiencias-de-jardim","tag-fotos","tag-pandemia","tag-poesia"],"_links":{"self":[{"href":"https:\/\/ultimato.com.br\/sites\/blogdaultimato\/wp-json\/wp\/v2\/posts\/15326","targetHints":{"allow":["GET"]}}],"collection":[{"href":"https:\/\/ultimato.com.br\/sites\/blogdaultimato\/wp-json\/wp\/v2\/posts"}],"about":[{"href":"https:\/\/ultimato.com.br\/sites\/blogdaultimato\/wp-json\/wp\/v2\/types\/post"}],"author":[{"embeddable":true,"href":"https:\/\/ultimato.com.br\/sites\/blogdaultimato\/wp-json\/wp\/v2\/users\/21"}],"replies":[{"embeddable":true,"href":"https:\/\/ultimato.com.br\/sites\/blogdaultimato\/wp-json\/wp\/v2\/comments?post=15326"}],"version-history":[{"count":14,"href":"https:\/\/ultimato.com.br\/sites\/blogdaultimato\/wp-json\/wp\/v2\/posts\/15326\/revisions"}],"predecessor-version":[{"id":15343,"href":"https:\/\/ultimato.com.br\/sites\/blogdaultimato\/wp-json\/wp\/v2\/posts\/15326\/revisions\/15343"}],"wp:attachment":[{"href":"https:\/\/ultimato.com.br\/sites\/blogdaultimato\/wp-json\/wp\/v2\/media?parent=15326"}],"wp:term":[{"taxonomy":"category","embeddable":true,"href":"https:\/\/ultimato.com.br\/sites\/blogdaultimato\/wp-json\/wp\/v2\/categories?post=15326"},{"taxonomy":"post_tag","embeddable":true,"href":"https:\/\/ultimato.com.br\/sites\/blogdaultimato\/wp-json\/wp\/v2\/tags?post=15326"}],"curies":[{"name":"wp","href":"https:\/\/api.w.org\/{rel}","templated":true}]}}