{"id":15317,"date":"2020-12-04T10:18:43","date_gmt":"2020-12-04T12:18:43","guid":{"rendered":"http:\/\/ultimato.com.br\/sites\/blogdaultimato\/?p=15317"},"modified":"2020-12-04T10:18:43","modified_gmt":"2020-12-04T12:18:43","slug":"justica-que-promove-a-equidade","status":"publish","type":"post","link":"https:\/\/ultimato.com.br\/sites\/blogdaultimato\/2020\/12\/04\/justica-que-promove-a-equidade\/","title":{"rendered":"Justi\u00e7a que promove a equidade"},"content":{"rendered":"<h4><span style=\"color: #808000;\"><strong>Livro da semana | <a style=\"color: #808000;\" href=\"https:\/\/www.ultimato.com.br\/loja\/produtos\/o-deus-da-justica-e-a-justica-de-deus\" target=\"_blank\" rel=\"noopener noreferrer\">O Deus da Justi\u00e7a e a Justi\u00e7a de Deus<\/a><\/strong><\/span><\/h4>\n<p>&nbsp;<\/p>\n<p><span style=\"color: #808000;\"><strong>Por Carlos Queiroz<\/strong><\/span><\/p>\n<h4>Se os crist\u00e3os ricos e as institui\u00e7\u00f5es crist\u00e3s fossem mais solid\u00e1rios e praticassem e lutassem por equidade, o mundo seria mais justo<\/h4>\n<p><a href=\"https:\/\/www.ultimato.com.br\/loja\/produtos\/o-deus-da-justica-e-a-justica-de-deus\"><img loading=\"lazy\" decoding=\"async\" class=\"alignleft size-full wp-image-15322\" src=\"http:\/\/ultimato.com.br\/sites\/blogdaultimato\/files\/2020\/12\/capa_odeusdajustica_web2.jpg\" alt=\"\" width=\"160\" height=\"237\"><\/a>As viv\u00eancias humanas est\u00e3o marcadas por muitas desigualdades e injusti\u00e7as. Algumas desigualdades s\u00e3o provocadas por condi\u00e7\u00f5es naturais (as v\u00edtimas de uma s\u00edndrome ou doen\u00e7a degenerativa, de terremotos ou outros cataclismas), por interven\u00e7\u00e3o humana (pessoas mutiladas por armas de fogo, adoecidas pelo efeito de agrot\u00f3xicos etc.) ou por impedimento de acesso aos direitos b\u00e1sicos de sa\u00fade, educa\u00e7\u00e3o e seguran\u00e7a em consequ\u00eancia de processos hist\u00f3ricos perversos, espoliadores e excludentes.<\/p>\n<p>Nos cen\u00e1rios de injusti\u00e7a, o princ\u00edpio da equidade procura estabelecer mecanismos que possam garantir \u00e0 pessoa o acesso ao direito, na mesma propor\u00e7\u00e3o em que ela foi impedida de ter o seu direito respeitado.<\/p>\n<p>N\u00f3s somos, de fato, iguais perante a lei apenas quando encontramos instrumentos legais capazes de assegurar aos mais prejudicados a garantia do direito na mesma proporcionalidade do que lhes foi negado ou retirado.<\/p>\n<p>Um cadeirante, por exemplo, torna-se igual aos demais cidad\u00e3os, perante a lei, no uso do transporte p\u00fablico quando lhe s\u00e3o oferecidas as condi\u00e7\u00f5es b\u00e1sicas de acesso a este transporte na proporcionalidade em que ele possa sentir-se suprido em meio \u00e0 sua limita\u00e7\u00e3o, podendo desfrutar das mesmas chances e oportunidades que as demais pessoas. Esta mesma prerrogativa deve funcionar para uma gestante, pessoas idosas, portadores de uma defici\u00eancia f\u00edsica e outros cidad\u00e3os.<\/p>\n<p>A equidade tem por finalidade equacionar a rela\u00e7\u00e3o entre o que foi perdido e a recupera\u00e7\u00e3o disto, a fim de que, na mesma proporcionalidade, possa ser garantido a determinadas pessoas o acesso ao direito de que as demais desfrutam, sem estas terem tido impedimento algum.<\/p>\n<p>O princ\u00edpio de equidade \u00e9 muito evidente e expl\u00edcito no evangelho. Jesus Cristo prop\u00f4s, na experi\u00eancia sociopol\u00edtica dos seus disc\u00edpulos, uma esp\u00e9cie de hierarquia invertida: \u201cAssim, os \u00faltimos ser\u00e3o primeiros, e os primeiros ser\u00e3o \u00faltimos\u201d (Mt 20.16). \u201c&#8230;O maior entre voc\u00eas deve ser como o mais jovem, e aquele que governa como o que serve\u201d (Lc 22.26). As crian\u00e7as (embora n\u00e3o \u201cpaguem a conta\u201d e n\u00e3o estejam em fase produtiva) s\u00e3o priorit\u00e1rias no reino de Deus: \u201cDeixem vir a mim as crian\u00e7as e n\u00e3o as impe\u00e7am; pois o reino de Deus pertence aos que s\u00e3o semelhantes a elas\u201d (Lc 18.16).<\/p>\n<p>Conforme o evangelho ensina, quem colhe muito deve repartir com outros o que possui, para n\u00e3o ter em excesso, e quem colhe pouco pode desfrutar de parte da abund\u00e2ncia do outro, para n\u00e3o ter falta de v\u00edveres.<\/p>\n<p>Nosso desejo n\u00e3o \u00e9 que outros sejam aliviados enquanto voc\u00eas s\u00e3o sobrecarregados, mas que haja igualdade. No presente momento, a fartura de voc\u00eas suprir\u00e1 a necessidade deles, para que, por sua vez, a fartura deles supra a necessidade de voc\u00eas. Ent\u00e3o haver\u00e1 igualdade, como est\u00e1 escrito: &#8220;Quem tinha recolhido muito n\u00e3o teve demais, e n\u00e3o faltou a quem tinha recolhido pouco&#8221; (2Co 8.13-15).<\/p>\n<p>Paulo n\u00e3o estava propondo o confisco compuls\u00f3rio do direito \u00e0 propriedade, mas um ato volunt\u00e1rio de quem, tendo encontrado o evangelho e percebendo-se um instrumento nas conjunturas de injusti\u00e7a, esvazia-se de tudo, inclusive dos bens em excesso.<\/p>\n<p>Se os crist\u00e3os ricos e as institui\u00e7\u00f5es crist\u00e3s fossem mais solid\u00e1rios e praticassem e lutassem por equidade, o mundo seria mais justo.&nbsp;<\/p>\n<p>A equidade visa ao estabelecimento da igualdade de condi\u00e7\u00f5es no acesso ao direito e \u00e0s oportunidades concretas da vida.<\/p>\n<p>A m\u00e1xima \u201ctodos s\u00e3o iguais perante a lei\u201d n\u00e3o significa que todos necessitam ser tratados de igual modo. Significa que, como todos n\u00f3s estamos sob um contexto de algum tipo de injusti\u00e7a, as pessoas que, por algum motivo, tiveram os seus direitos negados necessitam de alguma compensa\u00e7\u00e3o na proporcionalidade e na mesma medida que o direito lhe foi negado, a fim de que sejam tratadas no mesmo p\u00e9 de igualdade das demais pessoas.<\/p>\n<p>Se a inspira\u00e7\u00e3o dessa premissa do direito veio do evangelho, honestamente n\u00e3o sei. Mas o evangelho est\u00e1, em ess\u00eancia, fundamentado na equidade.<\/p>\n<p><strong>\u2022 Carlos Queiroz<\/strong>&nbsp;\u00e9 pastor da Igreja de Cristo, em Fortaleza, CE, com longa trajet\u00f3ria na Vis\u00e3o Mundial do Brasil, onde exerceu o papel de diretor executivo. \u00c9 autor de, entre outros, <a href=\"https:\/\/www.ultimato.com.br\/loja\/produtos\/ser-e-o-bastante\" target=\"_blank\" rel=\"noopener noreferrer\"><strong>Ser \u00e9 o Bastante<\/strong><\/a>.<\/p>\n<pre>Texto originalmente publicado em <strong><a href=\"https:\/\/www.ultimato.com.br\/loja\/produtos\/o-deus-da-justica-e-a-justica-de-deus\" target=\"_blank\" rel=\"noopener noreferrer\">O Deus da Justi\u00e7a e a Justi\u00e7a de Deus<\/a><\/strong> (Ultimato, 2020).<\/pre>\n","protected":false},"excerpt":{"rendered":"<p>Livro da semana | O Deus da Justi\u00e7a e a Justi\u00e7a de Deus<br \/>\n&nbsp;<br \/>\nPor Carlos Queiroz<br \/>\nSe os crist\u00e3os ricos e as institui\u00e7\u00f5es crist\u00e3s fossem mais solid\u00e1rios e praticassem e lutassem por equidade, o mundo seria mais justo<br \/>\nAs viv\u00eancias humanas est\u00e3o marcadas por muitas desigualdades e injusti\u00e7as. Algumas desigualdades s\u00e3o provocadas por condi\u00e7\u00f5es naturais (as v\u00edtimas de [&#8230;]<\/p>\n","protected":false},"author":24,"featured_media":0,"comment_status":"open","ping_status":"open","sticky":false,"template":"","format":"standard","meta":{"ngg_post_thumbnail":0,"footnotes":""},"categories":[5153],"tags":[5681,32198,43667],"class_list":["post-15317","post","type-post","status-publish","format-standard","hentry","category-prateleira","tag-justica","tag-livro-da-semana","tag-o-deus-da-justica-e-a-justica-de-deus"],"_links":{"self":[{"href":"https:\/\/ultimato.com.br\/sites\/blogdaultimato\/wp-json\/wp\/v2\/posts\/15317","targetHints":{"allow":["GET"]}}],"collection":[{"href":"https:\/\/ultimato.com.br\/sites\/blogdaultimato\/wp-json\/wp\/v2\/posts"}],"about":[{"href":"https:\/\/ultimato.com.br\/sites\/blogdaultimato\/wp-json\/wp\/v2\/types\/post"}],"author":[{"embeddable":true,"href":"https:\/\/ultimato.com.br\/sites\/blogdaultimato\/wp-json\/wp\/v2\/users\/24"}],"replies":[{"embeddable":true,"href":"https:\/\/ultimato.com.br\/sites\/blogdaultimato\/wp-json\/wp\/v2\/comments?post=15317"}],"version-history":[{"count":4,"href":"https:\/\/ultimato.com.br\/sites\/blogdaultimato\/wp-json\/wp\/v2\/posts\/15317\/revisions"}],"predecessor-version":[{"id":15324,"href":"https:\/\/ultimato.com.br\/sites\/blogdaultimato\/wp-json\/wp\/v2\/posts\/15317\/revisions\/15324"}],"wp:attachment":[{"href":"https:\/\/ultimato.com.br\/sites\/blogdaultimato\/wp-json\/wp\/v2\/media?parent=15317"}],"wp:term":[{"taxonomy":"category","embeddable":true,"href":"https:\/\/ultimato.com.br\/sites\/blogdaultimato\/wp-json\/wp\/v2\/categories?post=15317"},{"taxonomy":"post_tag","embeddable":true,"href":"https:\/\/ultimato.com.br\/sites\/blogdaultimato\/wp-json\/wp\/v2\/tags?post=15317"}],"curies":[{"name":"wp","href":"https:\/\/api.w.org\/{rel}","templated":true}]}}