{"id":15313,"date":"2020-12-21T00:00:06","date_gmt":"2020-12-21T02:00:06","guid":{"rendered":"http:\/\/ultimato.com.br\/sites\/blogdaultimato\/?p=15313"},"modified":"2020-12-31T16:18:23","modified_gmt":"2020-12-31T18:18:23","slug":"disciplinas-espirituais","status":"publish","type":"post","link":"https:\/\/ultimato.com.br\/sites\/blogdaultimato\/2020\/12\/21\/disciplinas-espirituais\/","title":{"rendered":"Comece o ano escolhendo o melhor"},"content":{"rendered":"<p><span style=\"font-weight: 400;\"><a href=\"https:\/\/www.ultimato.com.br\/revista\/387\" target=\"_blank\" rel=\"noopener noreferrer\"><img loading=\"lazy\" decoding=\"async\" class=\"alignright wp-image-15349 size-medium\" src=\"http:\/\/ultimato.com.br\/sites\/blogdaultimato\/files\/2020\/12\/ult-387-capa-228x300.jpg\" alt=\"\" width=\"228\" height=\"300\" srcset=\"https:\/\/ultimato.com.br\/sites\/blogdaultimato\/files\/2020\/12\/ult-387-capa-228x300.jpg 228w, https:\/\/ultimato.com.br\/sites\/blogdaultimato\/files\/2020\/12\/ult-387-capa.jpg 533w\" sizes=\"auto, (max-width: 228px) 100vw, 228px\" \/><\/a>Assumir compromissos no in\u00edcio de um ano \u00e9 muito mais f\u00e1cil do que mant\u00ea-los por trinta dias, por um ano e, que dir\u00e1, por toda a vida. Toda mudan\u00e7a envolve abandonar alguns h\u00e1bitos e adquirir outros, e isso exige esfor\u00e7o e treinamento. Nessa jornada, a disciplina \u00e9 companheira indispens\u00e1vel.<\/span><\/p>\n<p>A <a href=\"https:\/\/www.ultimato.com.br\/revista\/387\" target=\"_blank\" rel=\"noopener noreferrer\">primeira edi\u00e7\u00e3o <strong>Ultimato<\/strong> de 2021<\/a> convida seus leitores a buscarem uma vida em que a presen\u00e7a de Deus se manifeste mais intensamente a partir do exerc\u00edcio das disciplinas espirituais. A promessa expressa pelo salmista \u00e9 encorajadora: \u201cS\u00e3o felizes os que de ti recebem for\u00e7as, os que decidem percorrer os teus caminhos\u201d (Sl 84.5, NVT).<\/p>\n<p><span style=\"font-weight: 400;\">Abaixo voc\u00ea encontra artigos, estudos b\u00edblicos e livros que podem acompanh\u00e1-lo e encoraj\u00e1-lo nesta jornada. Vamos seguir juntos nesta jornada?<\/span><\/p>\n<p>&nbsp;<\/p>\n<p><b>ARTIGOS<\/b><\/p>\n<p><a href=\"https:\/\/www.ultimato.com.br\/conteudo\/a-espiritualidade-crista\" target=\"_blank\" rel=\"noopener noreferrer\"><span style=\"font-weight: 400;\">A espiritualidade crist\u00e3<\/span><\/a><span style=\"font-weight: 400;\"> | Ricardo Barbosa<\/span><\/p>\n<p><a href=\"https:\/\/www.ultimato.com.br\/conteudo\/a-devocao-do-coracao-a-deus\" target=\"_blank\" rel=\"noopener noreferrer\"><span style=\"font-weight: 400;\">A devo\u00e7\u00e3o do cora\u00e7\u00e3o a Deus<\/span><\/a><span style=\"font-weight: 400;\"> | Luiz Fernando dos Santos<\/span><\/p>\n<p><a href=\"https:\/\/www.ultimato.com.br\/conteudo\/descanso-para-sentir-silencio-para-ouvir\" target=\"_blank\" rel=\"noopener noreferrer\"><span style=\"font-weight: 400;\">Descanso para sentir. Sil\u00eancio para ouvir<\/span><\/a><span style=\"font-weight: 400;\"> | Gladir Cabral<\/span><\/p>\n<p><a href=\"https:\/\/www.ultimato.com.br\/conteudo\/dez-dicas-praticas-de-como-orar\" target=\"_blank\" rel=\"noopener noreferrer\"><span style=\"font-weight: 400;\">Dez dicas pr\u00e1ticas de como orar<\/span><\/a><span style=\"font-weight: 400;\"> | Maria Luiza R\u00fcckert<\/span><\/p>\n<p><a href=\"https:\/\/www.ultimato.com.br\/conteudo\/auto-ajuda-nao-e-exercicio-espiritual\" target=\"_blank\" rel=\"noopener noreferrer\"><span style=\"font-weight: 400;\">Autoajuda n\u00e3o \u00e9 exerc\u00edcio espiritual<\/span><\/a><span style=\"font-weight: 400;\"> | Elben C\u00e9sar<\/span><\/p>\n<p><a href=\"https:\/\/www.ultimato.com.br\/conteudo\/por-uma-espiritualidade-que-silencia-para-ouvir\" target=\"_blank\" rel=\"noopener noreferrer\"><span style=\"font-weight: 400;\">Por uma espiritualidade que silencia para ouvir<\/span><\/a><span style=\"font-weight: 400;\"> | Phelipe Reis<\/span><\/p>\n<p><a href=\"https:\/\/www.ultimato.com.br\/conteudo\/como-lidar-com-a-espera\" target=\"_blank\" rel=\"noopener noreferrer\"><span style=\"font-weight: 400;\">Como lidar com a espera<\/span><\/a><span style=\"font-weight: 400;\"> | Liz Valente<\/span><\/p>\n<p><a href=\"https:\/\/www.ultimato.com.br\/conteudo\/a-anatomia-do-carater\" target=\"_blank\" rel=\"noopener noreferrer\"><span style=\"font-weight: 400;\">A anatomia do car\u00e1ter<\/span><\/a><span style=\"font-weight: 400;\"> | William Lane<\/span><\/p>\n<p><a href=\"https:\/\/www.ultimato.com.br\/conteudo\/alegrai-vos-no-senhor\" target=\"_blank\" rel=\"noopener noreferrer\"><span style=\"font-weight: 400;\">Alegrai-vos no Senhor<\/span><\/a><span style=\"font-weight: 400;\"> | Ronaldo Lid\u00f3rio<\/span><\/p>\n<p><a href=\"https:\/\/www.ultimato.com.br\/conteudo\/a-oracao-serve-para-alguma-coisa\" target=\"_blank\" rel=\"noopener noreferrer\"><span style=\"font-weight: 400;\">A ora\u00e7\u00e3o serve para alguma coisa?<\/span><\/a><span style=\"font-weight: 400;\"> | Harold Segura<\/span><\/p>\n<p><a href=\"https:\/\/www.ultimato.com.br\/conteudo\/tempo-para-viver\" target=\"_blank\" rel=\"noopener noreferrer\"><span style=\"font-weight: 400;\">Tempo para viver<\/span><\/a><span style=\"font-weight: 400;\"> | Isabelle Ludovico<\/span><\/p>\n<p><a href=\"https:\/\/www.ultimato.com.br\/conteudo\/encontrar-deus-na-cozinha\" target=\"_blank\" rel=\"noopener noreferrer\"><span style=\"font-weight: 400;\">Encontrar Deus na cozinha<\/span><\/a><span style=\"font-weight: 400;\"> | Osmar Ludovico<\/span><\/p>\n<p><a href=\"https:\/\/www.ultimato.com.br\/conteudo\/dimensao-liturgica-da-vida\" target=\"_blank\" rel=\"noopener noreferrer\"><span style=\"font-weight: 400;\">Dimens\u00e3o lit\u00fargica da vida<\/span><\/a><span style=\"font-weight: 400;\"> | Reginaldo von Zuben<\/span><\/p>\n<p><a href=\"https:\/\/www.ultimato.com.br\/conteudo\/a-boa-parte\" target=\"_blank\" rel=\"noopener noreferrer\"><span style=\"font-weight: 400;\">A boa parte<\/span><\/a><span style=\"font-weight: 400;\"> | Samara Monteiro de Andrade<\/span><\/p>\n<p><a href=\"https:\/\/www.ultimato.com.br\/conteudo\/penitencia-castigo-ou-arrependimento\" target=\"_blank\" rel=\"noopener noreferrer\"><span style=\"font-weight: 400;\">Penit\u00eancia: castigo ou arrependimento<\/span><\/a><span style=\"font-weight: 400;\"> | Gustavo Ver\u00edssimo<\/span><\/p>\n<p><a href=\"https:\/\/www.ultimato.com.br\/conteudo\/exercicio-fisico-e-util-para-a-vida-crista\" target=\"_blank\" rel=\"noopener noreferrer\"><span style=\"font-weight: 400;\">Exerc\u00edcio f\u00edsico \u00e9 \u00fatil para a vida crist\u00e3?<\/span><\/a><span style=\"font-weight: 400;\"> | Ricardo Wesley Borges<\/span><\/p>\n<p><a href=\"https:\/\/www.ultimato.com.br\/conteudo\/corrigindo-as-lentes\" target=\"_blank\" rel=\"noopener noreferrer\"><span style=\"font-weight: 400;\">Corrigindo as lentes<\/span><\/a><span style=\"font-weight: 400;\"> | Dan Bianchin<\/span><\/p>\n<p>&nbsp;<\/p>\n<p><b>ESTUDOS B\u00cdBLICOS<\/b><\/p>\n<p><span style=\"font-weight: 400;\">S\u00e9rie \u201c<\/span><a href=\"https:\/\/ultimato.com.br\/sites\/estudos-biblicos\/categoria\/assunto\/livros\/praticas-devocionais\/\" target=\"_blank\" rel=\"noopener noreferrer\"><span style=\"font-weight: 400;\">Pr\u00e1ticas devocionais<\/span><\/a><span style=\"font-weight: 400;\">\u201d<\/span><\/p>\n<p><a href=\"https:\/\/ultimato.com.br\/sites\/estudos-biblicos\/assunto\/vida-crista\/maturidade-abandonando-a-infancia-espiritual\/\" target=\"_blank\" rel=\"noopener noreferrer\"><span style=\"font-weight: 400;\">Maturidade \u2013 abandonando a inf\u00e2ncia espiritual<\/span><\/a><\/p>\n<p><a href=\"https:\/\/ultimato.com.br\/sites\/estudos-biblicos\/assunto\/vida-crista\/a-disciplina-e-seus-beneficios\/\" target=\"_blank\" rel=\"noopener noreferrer\"><span style=\"font-weight: 400;\">A disciplina e seus benef\u00edcios<\/span><\/a><\/p>\n<p><a href=\"https:\/\/ultimato.com.br\/sites\/estudos-biblicos\/assunto\/vida-crista\/santo-no-mundo-em-cristo\/\" target=\"_blank\" rel=\"noopener noreferrer\"><span style=\"font-weight: 400;\">Santo no mundo (em Cristo)<\/span><\/a><\/p>\n<p><a href=\"https:\/\/ultimato.com.br\/sites\/estudos-biblicos\/assunto\/igreja\/para-cantar-com-graca-no-coracao\/\" target=\"_blank\" rel=\"noopener noreferrer\"><span style=\"font-weight: 400;\">Para cantar com gra\u00e7a no cora\u00e7\u00e3o<\/span><\/a><\/p>\n<p><a href=\"https:\/\/ultimato.com.br\/sites\/estudos-biblicos\/assunto\/igreja\/quem-sao-os-adoradores-uma-ressonancia-biblica\/\" target=\"_blank\" rel=\"noopener noreferrer\"><span style=\"font-weight: 400;\">Que s\u00e3o os adoradores \u2013 uma resson\u00e2ncia b\u00edblica<\/span><\/a><\/p>\n<p><a href=\"https:\/\/ultimato.com.br\/sites\/estudos-biblicos\/assunto\/espiritualidade\/o-mapa-da-oracao\/\" target=\"_blank\" rel=\"noopener noreferrer\"><span style=\"font-weight: 400;\">O mapa da ora\u00e7\u00e3o<\/span><\/a><\/p>\n<p><a href=\"https:\/\/ultimato.com.br\/sites\/estudos-biblicos\/assunto\/vida-crista\/contentamento-e-gratidao-o-que-pedimos-nem-sempre-combina-com-o-que-recebemos-de-deus\/\" target=\"_blank\" rel=\"noopener noreferrer\"><span style=\"font-weight: 400;\">Contentamento e gratid\u00e3o: o que pedimos nem sempre combina com o que recebemos de Deus<\/span><\/a><\/p>\n<p><a href=\"https:\/\/ultimato.com.br\/sites\/estudos-biblicos\/assunto\/vida-crista\/oracao-e-maturidade-espiritual-meu-colo-minha-vida\/\" target=\"_blank\" rel=\"noopener noreferrer\"><span style=\"font-weight: 400;\">Ora\u00e7\u00e3o e maturidade espiritual<\/span><\/a><\/p>\n<p><a href=\"https:\/\/ultimato.com.br\/sites\/estudos-biblicos\/assunto\/vida-crista\/jejum-nao-e-apenas-deixar-de-comer\/\" target=\"_blank\" rel=\"noopener noreferrer\"><span style=\"font-weight: 400;\">Jejum n\u00e3o \u00e9 (apenas) deixar de comer<\/span><\/a><\/p>\n<p><a href=\"https:\/\/ultimato.com.br\/sites\/estudos-biblicos\/assunto\/vida-crista\/chamado-a-santificacao\/\" target=\"_blank\" rel=\"noopener noreferrer\"><span style=\"font-weight: 400;\">Chamado \u00e0 santifica\u00e7\u00e3o<\/span><\/a><\/p>\n<p><a href=\"https:\/\/ultimato.com.br\/sites\/estudos-biblicos\/assunto\/vida-crista\/quem-precisa-confessar-pecados\/\" target=\"_blank\" rel=\"noopener noreferrer\"><span style=\"font-weight: 400;\">Quem precisa confessar pecados?<\/span><\/a><\/p>\n<p>&nbsp;<\/p>\n<p><b>LIVROS<\/b><\/p>\n<p><span style=\"font-weight: 400;\"><a href=\"https:\/\/www.ultimato.com.br\/loja\/produtos\/praticas-devocionais-2\" target=\"_blank\" rel=\"noopener noreferrer\">Pr\u00e1ticas Devocionais<\/a> | Elben C\u00e9sar<\/span><\/p>\n<p><span style=\"font-weight: 400;\"><a href=\"https:\/\/www.ultimato.com.br\/loja\/produtos\/cristianismo-basico\" target=\"_blank\" rel=\"noopener noreferrer\">Cristianismo B\u00e1sico<\/a> | John Stott<\/span><\/p>\n<p><span style=\"font-weight: 400;\"><a href=\"https:\/\/www.ultimato.com.br\/loja\/produtos\/eu-creio-e-agora-1\" target=\"_blank\" rel=\"noopener noreferrer\">Eu creio. E agora?<\/a> | N. T. Wright<\/span><\/p>\n<p><span style=\"font-weight: 400;\"><a href=\"https:\/\/www.ultimato.com.br\/loja\/produtos\/o-caminho-do-coracao\" target=\"_blank\" rel=\"noopener noreferrer\">O Caminho do Cora\u00e7\u00e3o<\/a> | Ricardo Barbosa<\/span><\/p>\n<p><span style=\"font-weight: 400;\"><a href=\"https:\/\/www.ultimato.com.br\/loja\/produtos\/a-espiritualidade-na-pratica\" target=\"_blank\" rel=\"noopener noreferrer\">A Espiritualidade na Pr\u00e1tica<\/a> | Paul Stevens<\/span><\/p>\n<p><span style=\"font-weight: 400;\"><a href=\"https:\/\/www.ultimato.com.br\/loja\/produtos\/25-livros-que-todo-cristao-deveria-ler\" target=\"_blank\" rel=\"noopener noreferrer\">25 Livros que Todo Crist\u00e3o Deveria Ler<\/a> | Dallas Willard<\/span><\/p>\n<p><span style=\"font-weight: 400;\"><a href=\"https:\/\/www.ultimato.com.br\/loja\/produtos\/livres-da-tirania-da-urgencia-1\" target=\"_blank\" rel=\"noopener noreferrer\">Livres da Tirania da Urg\u00eancia<\/a> | Charles E. Hummel<\/span><\/p>\n<p><span style=\"font-weight: 400;\"><a href=\"https:\/\/www.ultimato.com.br\/loja\/produtos\/nem-monge-nem-executivo\" target=\"_blank\" rel=\"noopener noreferrer\">Nem Monge, Nem Executivo<\/a> | Paul Freston<\/span><\/p>\n<p><span style=\"font-weight: 400;\"><a href=\"https:\/\/www.ultimato.com.br\/loja\/produtos\/em-busca-da-espiritualidade\" target=\"_blank\" rel=\"noopener noreferrer\">Em Busca da Espiritualidade<\/a> | Carlos Queiroz<\/span><\/p>\n","protected":false},"excerpt":{"rendered":"<p>Assumir compromissos no in\u00edcio de um ano \u00e9 muito mais f\u00e1cil do que mant\u00ea-los por trinta dias, por um ano e, que dir\u00e1, por toda a vida. Toda mudan\u00e7a envolve abandonar alguns h\u00e1bitos e adquirir outros, e isso exige esfor\u00e7o e treinamento. Nessa jornada, a disciplina \u00e9 companheira indispens\u00e1vel.<br \/>\nA primeira edi\u00e7\u00e3o Ultimato de 2021 convida [&#8230;]<\/p>\n","protected":false},"author":24,"featured_media":0,"comment_status":"open","ping_status":"open","sticky":false,"template":"","format":"standard","meta":{"ngg_post_thumbnail":0,"footnotes":""},"categories":[5153],"tags":[29838,32231,5953,43666],"class_list":["post-15313","post","type-post","status-publish","format-standard","hentry","category-prateleira","tag-disciplina","tag-mais-na-internet","tag-revista-ultimato","tag-ult387"],"_links":{"self":[{"href":"https:\/\/ultimato.com.br\/sites\/blogdaultimato\/wp-json\/wp\/v2\/posts\/15313","targetHints":{"allow":["GET"]}}],"collection":[{"href":"https:\/\/ultimato.com.br\/sites\/blogdaultimato\/wp-json\/wp\/v2\/posts"}],"about":[{"href":"https:\/\/ultimato.com.br\/sites\/blogdaultimato\/wp-json\/wp\/v2\/types\/post"}],"author":[{"embeddable":true,"href":"https:\/\/ultimato.com.br\/sites\/blogdaultimato\/wp-json\/wp\/v2\/users\/24"}],"replies":[{"embeddable":true,"href":"https:\/\/ultimato.com.br\/sites\/blogdaultimato\/wp-json\/wp\/v2\/comments?post=15313"}],"version-history":[{"count":7,"href":"https:\/\/ultimato.com.br\/sites\/blogdaultimato\/wp-json\/wp\/v2\/posts\/15313\/revisions"}],"predecessor-version":[{"id":15354,"href":"https:\/\/ultimato.com.br\/sites\/blogdaultimato\/wp-json\/wp\/v2\/posts\/15313\/revisions\/15354"}],"wp:attachment":[{"href":"https:\/\/ultimato.com.br\/sites\/blogdaultimato\/wp-json\/wp\/v2\/media?parent=15313"}],"wp:term":[{"taxonomy":"category","embeddable":true,"href":"https:\/\/ultimato.com.br\/sites\/blogdaultimato\/wp-json\/wp\/v2\/categories?post=15313"},{"taxonomy":"post_tag","embeddable":true,"href":"https:\/\/ultimato.com.br\/sites\/blogdaultimato\/wp-json\/wp\/v2\/tags?post=15313"}],"curies":[{"name":"wp","href":"https:\/\/api.w.org\/{rel}","templated":true}]}}