{"id":14804,"date":"2020-06-30T09:54:42","date_gmt":"2020-06-30T11:54:42","guid":{"rendered":"http:\/\/ultimato.com.br\/sites\/blogdaultimato\/?p=14804"},"modified":"2020-07-10T11:35:14","modified_gmt":"2020-07-10T13:35:14","slug":"a-graca-de-deus-nos-basta-em-dias-calmos-ou-sombrios","status":"publish","type":"post","link":"https:\/\/ultimato.com.br\/sites\/blogdaultimato\/2020\/06\/30\/a-graca-de-deus-nos-basta-em-dias-calmos-ou-sombrios\/","title":{"rendered":"A Gra\u00e7a de Deus nos basta em dias calmos ou sombrios"},"content":{"rendered":"<p><strong><a href=\"https:\/\/www.ultimato.com.br\/conteudo\/covid-19-arte-para-nao-esquecer\" target=\"_blank\" rel=\"noopener noreferrer\"><span style=\"color: #993300;\"><b>Covid-19 &#8211; Arte para n\u00e3o esquecer<\/b><\/span><\/a><\/strong><br \/>\n<strong><span style=\"color: #808000;\">Por Anderson G. Monteiro<\/span><\/strong><\/p>\n<p><a href=\"http:\/\/ultimato.com.br\/sites\/blogdaultimato\/files\/2020\/06\/Covid-19-Arte-para-nao-esquecer_Anderson-5.jpg\" class=\"lightview\" data-lightview-group=\"group-14804\" data-lightview-options=\"skin: 'dark', controls: 'relative', padding: '10', shadow: { color: '#000000', opacity: 0.08, blur: 3 }\"><img loading=\"lazy\" decoding=\"async\" class=\"wp-image-14805 aligncenter\" src=\"http:\/\/ultimato.com.br\/sites\/blogdaultimato\/files\/2020\/06\/Covid-19-Arte-para-nao-esquecer_Anderson-5-1022x1024.jpg\" alt=\"\" width=\"533\" height=\"534\" srcset=\"https:\/\/ultimato.com.br\/sites\/blogdaultimato\/files\/2020\/06\/Covid-19-Arte-para-nao-esquecer_Anderson-5-1022x1024.jpg 1022w, https:\/\/ultimato.com.br\/sites\/blogdaultimato\/files\/2020\/06\/Covid-19-Arte-para-nao-esquecer_Anderson-5-300x300.jpg 300w, https:\/\/ultimato.com.br\/sites\/blogdaultimato\/files\/2020\/06\/Covid-19-Arte-para-nao-esquecer_Anderson-5-150x150.jpg 150w, https:\/\/ultimato.com.br\/sites\/blogdaultimato\/files\/2020\/06\/Covid-19-Arte-para-nao-esquecer_Anderson-5-768x770.jpg 768w, https:\/\/ultimato.com.br\/sites\/blogdaultimato\/files\/2020\/06\/Covid-19-Arte-para-nao-esquecer_Anderson-5-732x734.jpg 732w, https:\/\/ultimato.com.br\/sites\/blogdaultimato\/files\/2020\/06\/Covid-19-Arte-para-nao-esquecer_Anderson-5-1140x1143.jpg 1140w, https:\/\/ultimato.com.br\/sites\/blogdaultimato\/files\/2020\/06\/Covid-19-Arte-para-nao-esquecer_Anderson-5.jpg 1242w\" sizes=\"auto, (max-width: 533px) 100vw, 533px\" \/><\/a><\/p>\n<p>Anderson Monteiro \u00e9 um dos artistas convidados por Ultimato para representar aspectos da Covid-19 na s\u00e9rie \u201c<a href=\"https:\/\/www.ultimato.com.br\/conteudo\/covid-19-arte-para-nao-esquecer\" target=\"_blank\" rel=\"noopener noreferrer\">Covid-19 \u2013 Arte para n\u00e3o esquecer<\/a>\u201d. Como alguns outros artistas, ele \u00e9 amigo antigo e teve obras suas publicadas na se\u00e7\u00e3o \u201cArte e cultura\u201d da revista, quando no artigo <a href=\"https:\/\/www.ultimato.com.br\/revista\/artigos\/351\/literatura-e-cultura\" target=\"_blank\" rel=\"noopener noreferrer\">A voz da tela: a arte de Anderson Monteiro<\/a> o professor Gladir Cabral comentou a sua obra, e no <a href=\"https:\/\/ultimato.com.br\/sites\/blogdaultimato\/2012\/01\/12\/a-arte-de-anderson-monteiro\/\" target=\"_blank\" rel=\"noopener noreferrer\">Blog Ultimato<\/a>.<\/p>\n<p>Em conversa recente com Anderson, a prop\u00f3sito dos dias desafiadores trazidos pela pandemia, ele lembrou bem: \u201cEstamos debaixo das miseric\u00f3rdias do Senhor, como tamb\u00e9m da sua infinita Gra\u00e7a. E \u00e9 assim que devemos seguir, pois a Gra\u00e7a de Deus nos basta em dias calmos ou sombrios\u201d. Que seja sempre assim.<\/p>\n<p>Para conhecer mais do Anderson e de sua obra, leia a entrevista <em><a href=\"https:\/\/ultimato.com.br\/sites\/blogdaultimato\/2017\/03\/10\/na-arte-tudo-pode-ser-novo-de-novo\/\" target=\"_blank\" rel=\"noopener noreferrer\">Na arte tudo pode ser novo de novo<\/a><\/em> e visite <a href=\"https:\/\/www.instagram.com\/andergoes\/\" target=\"_blank\" rel=\"noopener noreferrer\">@andergoes<\/a>.<\/p>\n\n\t\t<style type=\"text\/css\">\n\t\t\t#gallery-1 {\n\t\t\t\tmargin: auto;\n\t\t\t}\n\t\t\t#gallery-1 .gallery-item {\n\t\t\t\tfloat: left;\n\t\t\t\tmargin-top: 10px;\n\t\t\t\ttext-align: center;\n\t\t\t\twidth: 50%;\n\t\t\t}\n\t\t\t#gallery-1 img {\n\t\t\t\tborder: 2px solid #cfcfcf;\n\t\t\t}\n\t\t\t#gallery-1 .gallery-caption {\n\t\t\t\tmargin-left: 0;\n\t\t\t}\n\t\t\t\/* see gallery_shortcode() in wp-includes\/media.php *\/\n\t\t<\/style>\n\t\t<div id='gallery-1' class='gallery galleryid-14804 gallery-columns-2 gallery-size-large'><dl class='gallery-item'>\n\t\t\t<dt class='gallery-icon portrait'>\n\t\t\t\t<a href='https:\/\/ultimato.com.br\/sites\/blogdaultimato\/files\/2020\/06\/Covid-19-Arte-para-nao-esquecer_Anderson-1.jpeg#main'><img loading=\"lazy\" decoding=\"async\" width=\"750\" height=\"752\" src=\"https:\/\/ultimato.com.br\/sites\/blogdaultimato\/files\/2020\/06\/Covid-19-Arte-para-nao-esquecer_Anderson-1-1021x1024.jpeg\" class=\"attachment-large size-large\" alt=\"\" srcset=\"https:\/\/ultimato.com.br\/sites\/blogdaultimato\/files\/2020\/06\/Covid-19-Arte-para-nao-esquecer_Anderson-1-1021x1024.jpeg 1021w, https:\/\/ultimato.com.br\/sites\/blogdaultimato\/files\/2020\/06\/Covid-19-Arte-para-nao-esquecer_Anderson-1-300x300.jpeg 300w, https:\/\/ultimato.com.br\/sites\/blogdaultimato\/files\/2020\/06\/Covid-19-Arte-para-nao-esquecer_Anderson-1-150x150.jpeg 150w, https:\/\/ultimato.com.br\/sites\/blogdaultimato\/files\/2020\/06\/Covid-19-Arte-para-nao-esquecer_Anderson-1-768x771.jpeg 768w, https:\/\/ultimato.com.br\/sites\/blogdaultimato\/files\/2020\/06\/Covid-19-Arte-para-nao-esquecer_Anderson-1-732x734.jpeg 732w, https:\/\/ultimato.com.br\/sites\/blogdaultimato\/files\/2020\/06\/Covid-19-Arte-para-nao-esquecer_Anderson-1-1140x1144.jpeg 1140w, https:\/\/ultimato.com.br\/sites\/blogdaultimato\/files\/2020\/06\/Covid-19-Arte-para-nao-esquecer_Anderson-1.jpeg 1211w\" sizes=\"auto, (max-width: 750px) 100vw, 750px\" \/><\/a>\n\t\t\t<\/dt><\/dl><dl class='gallery-item'>\n\t\t\t<dt class='gallery-icon landscape'>\n\t\t\t\t<a href='https:\/\/ultimato.com.br\/sites\/blogdaultimato\/files\/2020\/06\/Covid-19-Arte-para-nao-esquecer_Anderson-3.jpg#main'><img loading=\"lazy\" decoding=\"async\" width=\"750\" height=\"559\" src=\"https:\/\/ultimato.com.br\/sites\/blogdaultimato\/files\/2020\/06\/Covid-19-Arte-para-nao-esquecer_Anderson-3-1024x763.jpg\" class=\"attachment-large size-large\" alt=\"\" srcset=\"https:\/\/ultimato.com.br\/sites\/blogdaultimato\/files\/2020\/06\/Covid-19-Arte-para-nao-esquecer_Anderson-3-1024x763.jpg 1024w, https:\/\/ultimato.com.br\/sites\/blogdaultimato\/files\/2020\/06\/Covid-19-Arte-para-nao-esquecer_Anderson-3-300x223.jpg 300w, https:\/\/ultimato.com.br\/sites\/blogdaultimato\/files\/2020\/06\/Covid-19-Arte-para-nao-esquecer_Anderson-3-768x572.jpg 768w, https:\/\/ultimato.com.br\/sites\/blogdaultimato\/files\/2020\/06\/Covid-19-Arte-para-nao-esquecer_Anderson-3-732x545.jpg 732w, https:\/\/ultimato.com.br\/sites\/blogdaultimato\/files\/2020\/06\/Covid-19-Arte-para-nao-esquecer_Anderson-3-1140x849.jpg 1140w, https:\/\/ultimato.com.br\/sites\/blogdaultimato\/files\/2020\/06\/Covid-19-Arte-para-nao-esquecer_Anderson-3.jpg 1242w\" sizes=\"auto, (max-width: 750px) 100vw, 750px\" \/><\/a>\n\t\t\t<\/dt><\/dl><br style=\"clear: both\" \/><dl class='gallery-item'>\n\t\t\t<dt class='gallery-icon landscape'>\n\t\t\t\t<a href='https:\/\/ultimato.com.br\/sites\/blogdaultimato\/files\/2020\/06\/Covid-19-Arte-para-nao-esquecer_Anderson-1.jpg#main'><img loading=\"lazy\" decoding=\"async\" width=\"750\" height=\"561\" src=\"https:\/\/ultimato.com.br\/sites\/blogdaultimato\/files\/2020\/06\/Covid-19-Arte-para-nao-esquecer_Anderson-1-1024x766.jpg\" class=\"attachment-large size-large\" alt=\"\" srcset=\"https:\/\/ultimato.com.br\/sites\/blogdaultimato\/files\/2020\/06\/Covid-19-Arte-para-nao-esquecer_Anderson-1-1024x766.jpg 1024w, https:\/\/ultimato.com.br\/sites\/blogdaultimato\/files\/2020\/06\/Covid-19-Arte-para-nao-esquecer_Anderson-1-300x224.jpg 300w, https:\/\/ultimato.com.br\/sites\/blogdaultimato\/files\/2020\/06\/Covid-19-Arte-para-nao-esquecer_Anderson-1-768x574.jpg 768w, https:\/\/ultimato.com.br\/sites\/blogdaultimato\/files\/2020\/06\/Covid-19-Arte-para-nao-esquecer_Anderson-1-732x547.jpg 732w, https:\/\/ultimato.com.br\/sites\/blogdaultimato\/files\/2020\/06\/Covid-19-Arte-para-nao-esquecer_Anderson-1-1140x852.jpg 1140w, https:\/\/ultimato.com.br\/sites\/blogdaultimato\/files\/2020\/06\/Covid-19-Arte-para-nao-esquecer_Anderson-1.jpg 1233w\" sizes=\"auto, (max-width: 750px) 100vw, 750px\" \/><\/a>\n\t\t\t<\/dt><\/dl><dl class='gallery-item'>\n\t\t\t<dt class='gallery-icon landscape'>\n\t\t\t\t<a href='https:\/\/ultimato.com.br\/sites\/blogdaultimato\/files\/2020\/06\/Covid-19-Arte-para-nao-esquecer_Anderson-2.jpg#main'><img loading=\"lazy\" decoding=\"async\" width=\"750\" height=\"571\" src=\"https:\/\/ultimato.com.br\/sites\/blogdaultimato\/files\/2020\/06\/Covid-19-Arte-para-nao-esquecer_Anderson-2-1024x779.jpg\" class=\"attachment-large size-large\" alt=\"\" srcset=\"https:\/\/ultimato.com.br\/sites\/blogdaultimato\/files\/2020\/06\/Covid-19-Arte-para-nao-esquecer_Anderson-2-1024x779.jpg 1024w, https:\/\/ultimato.com.br\/sites\/blogdaultimato\/files\/2020\/06\/Covid-19-Arte-para-nao-esquecer_Anderson-2-300x228.jpg 300w, https:\/\/ultimato.com.br\/sites\/blogdaultimato\/files\/2020\/06\/Covid-19-Arte-para-nao-esquecer_Anderson-2-768x584.jpg 768w, https:\/\/ultimato.com.br\/sites\/blogdaultimato\/files\/2020\/06\/Covid-19-Arte-para-nao-esquecer_Anderson-2-732x557.jpg 732w, https:\/\/ultimato.com.br\/sites\/blogdaultimato\/files\/2020\/06\/Covid-19-Arte-para-nao-esquecer_Anderson-2-1140x867.jpg 1140w, https:\/\/ultimato.com.br\/sites\/blogdaultimato\/files\/2020\/06\/Covid-19-Arte-para-nao-esquecer_Anderson-2.jpg 1239w\" sizes=\"auto, (max-width: 750px) 100vw, 750px\" \/><\/a>\n\t\t\t<\/dt><\/dl><br style=\"clear: both\" \/><dl class='gallery-item'>\n\t\t\t<dt class='gallery-icon landscape'>\n\t\t\t\t<a href='https:\/\/ultimato.com.br\/sites\/blogdaultimato\/files\/2020\/06\/Covid-19-Arte-para-nao-esquecer_Anderson-3.jpeg#main'><img loading=\"lazy\" decoding=\"async\" width=\"750\" height=\"674\" src=\"https:\/\/ultimato.com.br\/sites\/blogdaultimato\/files\/2020\/06\/Covid-19-Arte-para-nao-esquecer_Anderson-3-1024x920.jpeg\" class=\"attachment-large size-large\" alt=\"\" srcset=\"https:\/\/ultimato.com.br\/sites\/blogdaultimato\/files\/2020\/06\/Covid-19-Arte-para-nao-esquecer_Anderson-3-1024x920.jpeg 1024w, https:\/\/ultimato.com.br\/sites\/blogdaultimato\/files\/2020\/06\/Covid-19-Arte-para-nao-esquecer_Anderson-3-300x270.jpeg 300w, https:\/\/ultimato.com.br\/sites\/blogdaultimato\/files\/2020\/06\/Covid-19-Arte-para-nao-esquecer_Anderson-3-768x690.jpeg 768w, https:\/\/ultimato.com.br\/sites\/blogdaultimato\/files\/2020\/06\/Covid-19-Arte-para-nao-esquecer_Anderson-3-732x658.jpeg 732w, https:\/\/ultimato.com.br\/sites\/blogdaultimato\/files\/2020\/06\/Covid-19-Arte-para-nao-esquecer_Anderson-3-1140x1024.jpeg 1140w, https:\/\/ultimato.com.br\/sites\/blogdaultimato\/files\/2020\/06\/Covid-19-Arte-para-nao-esquecer_Anderson-3.jpeg 1242w\" sizes=\"auto, (max-width: 750px) 100vw, 750px\" \/><\/a>\n\t\t\t<\/dt><\/dl><dl class='gallery-item'>\n\t\t\t<dt class='gallery-icon landscape'>\n\t\t\t\t<a href='https:\/\/ultimato.com.br\/sites\/blogdaultimato\/files\/2020\/06\/Covid-19-Arte-para-nao-esquecer_Anderson-2.jpeg#main'><img loading=\"lazy\" decoding=\"async\" width=\"750\" height=\"738\" src=\"https:\/\/ultimato.com.br\/sites\/blogdaultimato\/files\/2020\/06\/Covid-19-Arte-para-nao-esquecer_Anderson-2-1024x1007.jpeg\" class=\"attachment-large size-large\" alt=\"\" srcset=\"https:\/\/ultimato.com.br\/sites\/blogdaultimato\/files\/2020\/06\/Covid-19-Arte-para-nao-esquecer_Anderson-2-1024x1007.jpeg 1024w, https:\/\/ultimato.com.br\/sites\/blogdaultimato\/files\/2020\/06\/Covid-19-Arte-para-nao-esquecer_Anderson-2-300x295.jpeg 300w, https:\/\/ultimato.com.br\/sites\/blogdaultimato\/files\/2020\/06\/Covid-19-Arte-para-nao-esquecer_Anderson-2-768x756.jpeg 768w, https:\/\/ultimato.com.br\/sites\/blogdaultimato\/files\/2020\/06\/Covid-19-Arte-para-nao-esquecer_Anderson-2-732x720.jpeg 732w, https:\/\/ultimato.com.br\/sites\/blogdaultimato\/files\/2020\/06\/Covid-19-Arte-para-nao-esquecer_Anderson-2-1140x1122.jpeg 1140w, https:\/\/ultimato.com.br\/sites\/blogdaultimato\/files\/2020\/06\/Covid-19-Arte-para-nao-esquecer_Anderson-2.jpeg 1234w\" sizes=\"auto, (max-width: 750px) 100vw, 750px\" \/><\/a>\n\t\t\t<\/dt><\/dl><br style=\"clear: both\" \/><dl class='gallery-item'>\n\t\t\t<dt class='gallery-icon landscape'>\n\t\t\t\t<a href='https:\/\/ultimato.com.br\/sites\/blogdaultimato\/files\/2020\/06\/Covid-19-Arte-para-nao-esquecer_Anderson-4.jpg#main'><img loading=\"lazy\" decoding=\"async\" width=\"750\" height=\"749\" src=\"https:\/\/ultimato.com.br\/sites\/blogdaultimato\/files\/2020\/06\/Covid-19-Arte-para-nao-esquecer_Anderson-4-1024x1022.jpg\" class=\"attachment-large size-large\" alt=\"\" srcset=\"https:\/\/ultimato.com.br\/sites\/blogdaultimato\/files\/2020\/06\/Covid-19-Arte-para-nao-esquecer_Anderson-4-1024x1022.jpg 1024w, https:\/\/ultimato.com.br\/sites\/blogdaultimato\/files\/2020\/06\/Covid-19-Arte-para-nao-esquecer_Anderson-4-300x300.jpg 300w, https:\/\/ultimato.com.br\/sites\/blogdaultimato\/files\/2020\/06\/Covid-19-Arte-para-nao-esquecer_Anderson-4-150x150.jpg 150w, https:\/\/ultimato.com.br\/sites\/blogdaultimato\/files\/2020\/06\/Covid-19-Arte-para-nao-esquecer_Anderson-4-768x767.jpg 768w, https:\/\/ultimato.com.br\/sites\/blogdaultimato\/files\/2020\/06\/Covid-19-Arte-para-nao-esquecer_Anderson-4-732x731.jpg 732w, https:\/\/ultimato.com.br\/sites\/blogdaultimato\/files\/2020\/06\/Covid-19-Arte-para-nao-esquecer_Anderson-4-1140x1138.jpg 1140w, https:\/\/ultimato.com.br\/sites\/blogdaultimato\/files\/2020\/06\/Covid-19-Arte-para-nao-esquecer_Anderson-4.jpg 1239w\" sizes=\"auto, (max-width: 750px) 100vw, 750px\" \/><\/a>\n\t\t\t<\/dt><\/dl>\n\t\t\t<br style='clear: both' \/>\n\t\t<\/div>\n\n","protected":false},"excerpt":{"rendered":"<p>Covid-19 &#8211; Arte para n\u00e3o esquecer<br \/>\nPor Anderson G. Monteiro<\/p>\n<p>Anderson Monteiro \u00e9 um dos artistas convidados por Ultimato para representar aspectos da Covid-19 na s\u00e9rie \u201cCovid-19 \u2013 Arte para n\u00e3o esquecer\u201d. Como alguns outros artistas, ele \u00e9 amigo antigo e teve obras suas publicadas na se\u00e7\u00e3o \u201cArte e cultura\u201d da revista, quando no artigo A voz [&#8230;]<\/p>\n","protected":false},"author":21,"featured_media":0,"comment_status":"open","ping_status":"open","sticky":false,"template":"","format":"standard","meta":{"ngg_post_thumbnail":0,"footnotes":""},"categories":[41768,9538,4230,5153],"tags":[11416,33],"class_list":["post-14804","post","type-post","status-publish","format-standard","hentry","category-covid-19-arte-para-nao-esquecer","category-fotos-multimidia","category-multimidia","category-prateleira","tag-anderson-monteiro","tag-arte"],"_links":{"self":[{"href":"https:\/\/ultimato.com.br\/sites\/blogdaultimato\/wp-json\/wp\/v2\/posts\/14804","targetHints":{"allow":["GET"]}}],"collection":[{"href":"https:\/\/ultimato.com.br\/sites\/blogdaultimato\/wp-json\/wp\/v2\/posts"}],"about":[{"href":"https:\/\/ultimato.com.br\/sites\/blogdaultimato\/wp-json\/wp\/v2\/types\/post"}],"author":[{"embeddable":true,"href":"https:\/\/ultimato.com.br\/sites\/blogdaultimato\/wp-json\/wp\/v2\/users\/21"}],"replies":[{"embeddable":true,"href":"https:\/\/ultimato.com.br\/sites\/blogdaultimato\/wp-json\/wp\/v2\/comments?post=14804"}],"version-history":[{"count":8,"href":"https:\/\/ultimato.com.br\/sites\/blogdaultimato\/wp-json\/wp\/v2\/posts\/14804\/revisions"}],"predecessor-version":[{"id":14869,"href":"https:\/\/ultimato.com.br\/sites\/blogdaultimato\/wp-json\/wp\/v2\/posts\/14804\/revisions\/14869"}],"wp:attachment":[{"href":"https:\/\/ultimato.com.br\/sites\/blogdaultimato\/wp-json\/wp\/v2\/media?parent=14804"}],"wp:term":[{"taxonomy":"category","embeddable":true,"href":"https:\/\/ultimato.com.br\/sites\/blogdaultimato\/wp-json\/wp\/v2\/categories?post=14804"},{"taxonomy":"post_tag","embeddable":true,"href":"https:\/\/ultimato.com.br\/sites\/blogdaultimato\/wp-json\/wp\/v2\/tags?post=14804"}],"curies":[{"name":"wp","href":"https:\/\/api.w.org\/{rel}","templated":true}]}}