{"id":14488,"date":"2020-02-28T12:42:37","date_gmt":"2020-02-28T14:42:37","guid":{"rendered":"http:\/\/ultimato.com.br\/sites\/blogdaultimato\/?p=14488"},"modified":"2020-02-28T13:21:00","modified_gmt":"2020-02-28T15:21:00","slug":"alargando-as-tendas-2020-o-profissional-cristao-e-a-responsabilidade-com-o-meio-ambiente","status":"publish","type":"post","link":"https:\/\/ultimato.com.br\/sites\/blogdaultimato\/2020\/02\/28\/alargando-as-tendas-2020-o-profissional-cristao-e-a-responsabilidade-com-o-meio-ambiente\/","title":{"rendered":"Alargando as Tendas 2020: o profissional crist\u00e3o e o meio ambiente"},"content":{"rendered":"<p><span style=\"color: #808000;\"><strong>\/\/ \u00daltimas de c\u00e1<\/strong><\/span><\/p>\n<p><span style=\"color: #808000;\"><strong>Por Gabriel Sant\u2019Ana<\/strong><\/span><\/p>\n<p><img loading=\"lazy\" decoding=\"async\" class=\"alignright wp-image-14506 size-medium\" title=\"Foto: instagram.com\/cem_missoes\" src=\"http:\/\/ultimato.com.br\/sites\/blogdaultimato\/files\/2020\/02\/87286736_626528081478149_24927378726161112_n-300x190.jpg\" alt=\"\" width=\"300\" height=\"190\" srcset=\"https:\/\/ultimato.com.br\/sites\/blogdaultimato\/files\/2020\/02\/87286736_626528081478149_24927378726161112_n-300x190.jpg 300w, https:\/\/ultimato.com.br\/sites\/blogdaultimato\/files\/2020\/02\/87286736_626528081478149_24927378726161112_n-732x463.jpg 732w, https:\/\/ultimato.com.br\/sites\/blogdaultimato\/files\/2020\/02\/87286736_626528081478149_24927378726161112_n.jpg 750w\" sizes=\"auto, (max-width: 300px) 100vw, 300px\" \/>Aconteceu entre os dias 22 e 26 de fevereiro o <a href=\"http:\/\/www.cem.org.br\/novo\/?page_id=886\" target=\"_blank\" rel=\"noopener noreferrer\">Alargando as Tendas 2020<\/a>, evento que ocorre a cada dois anos no Centro Evang\u00e9lico de Miss\u00f5es, em Vi\u00e7osa, MG. Com o tema \u201co meio ambiente e sua rela\u00e7\u00e3o com o profissional crist\u00e3o\u201d, o encontro reuniu jovens e adultos de v\u00e1rias idades e de diversas \u00e1reas de atua\u00e7\u00e3o.<\/p>\n<p>Durante as palestras foram apresentados conceitos b\u00e1sicos relacionados ao <a href=\"https:\/\/www.ultimato.com.br\/conteudo\/no-principio-criou-deus-o-que-a-igreja-tem-a-ver-com-isso\" target=\"_blank\" rel=\"noopener noreferrer\">meio ambiente<\/a> e um panorama sobre o que est\u00e1 sendo feito em rela\u00e7\u00e3o aos diversos problemas ambientais existentes. Vimos tamb\u00e9m como pr\u00e1ticas ecologicamente corretas se relacionam com a vida crist\u00e3 e com a obra mission\u00e1ria.<\/p>\n<p>Diversas atividades foram desenvolvidas para auxiliar na assimila\u00e7\u00e3o do conte\u00fado visto durante as palestras, como o desenvolvimento de ideias e projetos para uso em casa, na comunidade e na igreja. Assim, percebemos que muito precisa e pode ser feito para desempenharmos nosso papel como mordomos de Deus, respons\u00e1veis por <a href=\"https:\/\/www.ultimato.com.br\/conteudo\/o-gemido-da-criacao-e-a-missao-da-igreja\" target=\"_blank\" rel=\"noopener noreferrer\">cultivar e guardar a sua cria\u00e7\u00e3o<\/a> (G\u00eanesis 2.15).<\/p>\n<p>Os participantes tiveram a oportunidade de visitar a sede da Editora Ultimato, localizada pr\u00f3xima ao CEM, e conhecer um pouco a <a href=\"https:\/\/www.ultimato.com.br\/pagina\/diario-intimo-de-ultimato\" target=\"_blank\" rel=\"noopener noreferrer\">hist\u00f3ria da revista <strong>Ultimato<\/strong><\/a> e o funcionamento da editora. E, al\u00e9m de receber a <a href=\"https:\/\/www.ultimato.com.br\/conteudo\/desigualdade-deus-tem-os-seus-preferidos\" target=\"_blank\" rel=\"noopener noreferrer\">nova edi\u00e7\u00e3o<\/a>, puderam apreciar um bom caf\u00e9 mineiro com doce de leite.<\/p>\n<p>Foram dias muito edificantes, de trocas de experi\u00eancias e conhecimentos sobre um tema importante e que muitas vezes \u00e9 negligenciado. Aprendemos que n\u00e3o \u00e9 preciso necessariamente estar na \u00e1rea ambiental para agir como um profissional crist\u00e3o \u00e0 servi\u00e7o do Reino. Pr\u00e1ticas simples como n\u00e3o usar copos e utens\u00edlios descart\u00e1veis, n\u00e3o usar sacola pl\u00e1stica e adotar o sistema de reciclagem s\u00e3o um bom come\u00e7o na caminhada para uma vida mais sustent\u00e1vel, n\u00e3o por ativismo, mas por obedi\u00eancia ao Criador.<\/p>\n<p><strong>\u2022 Gabriel Sant\u2019Ana<\/strong>&nbsp;tem 19 anos, \u00e9 membro da Igreja Presbiteriana de Vi\u00e7osa, estudante de Administra\u00e7\u00e3o na Universidade Federal de Vi\u00e7osa e estagi\u00e1rio do setor financeiro na Ultimato.<\/p>\n\n\t\t<style type=\"text\/css\">\n\t\t\t#gallery-1 {\n\t\t\t\tmargin: auto;\n\t\t\t}\n\t\t\t#gallery-1 .gallery-item {\n\t\t\t\tfloat: left;\n\t\t\t\tmargin-top: 10px;\n\t\t\t\ttext-align: center;\n\t\t\t\twidth: 33%;\n\t\t\t}\n\t\t\t#gallery-1 img {\n\t\t\t\tborder: 2px solid #cfcfcf;\n\t\t\t}\n\t\t\t#gallery-1 .gallery-caption {\n\t\t\t\tmargin-left: 0;\n\t\t\t}\n\t\t\t\/* see gallery_shortcode() in wp-includes\/media.php *\/\n\t\t<\/style>\n\t\t<div id='gallery-1' class='gallery galleryid-14488 gallery-columns-3 gallery-size-thumbnail'><dl class='gallery-item'>\n\t\t\t<dt class='gallery-icon landscape'>\n\t\t\t\t<a href='https:\/\/ultimato.com.br\/sites\/blogdaultimato\/files\/2020\/02\/IMG_20200224_152606586_HDR.jpg' class=\"lightview\" data-lightview-group=\"group-14488\" data-lightview-options=\"skin: 'dark', controls: 'relative', padding: '10', shadow: { color: '#000000', opacity: 0.08, blur: 3 }\"><img loading=\"lazy\" decoding=\"async\" width=\"150\" height=\"150\" src=\"https:\/\/ultimato.com.br\/sites\/blogdaultimato\/files\/2020\/02\/IMG_20200224_152606586_HDR-150x150.jpg\" class=\"attachment-thumbnail size-thumbnail\" alt=\"\" \/><\/a>\n\t\t\t<\/dt><\/dl><dl class='gallery-item'>\n\t\t\t<dt class='gallery-icon landscape'>\n\t\t\t\t<a href='https:\/\/ultimato.com.br\/sites\/blogdaultimato\/files\/2020\/02\/IMG_20200224_152638780_HDR.jpg' class=\"lightview\" data-lightview-group=\"group-14488\" data-lightview-options=\"skin: 'dark', controls: 'relative', padding: '10', shadow: { color: '#000000', opacity: 0.08, blur: 3 }\"><img loading=\"lazy\" decoding=\"async\" width=\"150\" height=\"150\" src=\"https:\/\/ultimato.com.br\/sites\/blogdaultimato\/files\/2020\/02\/IMG_20200224_152638780_HDR-150x150.jpg\" class=\"attachment-thumbnail size-thumbnail\" alt=\"\" \/><\/a>\n\t\t\t<\/dt><\/dl><dl class='gallery-item'>\n\t\t\t<dt class='gallery-icon landscape'>\n\t\t\t\t<a href='https:\/\/ultimato.com.br\/sites\/blogdaultimato\/files\/2020\/02\/IMG_20200224_152642678_HDR.jpg' class=\"lightview\" data-lightview-group=\"group-14488\" data-lightview-options=\"skin: 'dark', controls: 'relative', padding: '10', shadow: { color: '#000000', opacity: 0.08, blur: 3 }\"><img loading=\"lazy\" decoding=\"async\" width=\"150\" height=\"150\" src=\"https:\/\/ultimato.com.br\/sites\/blogdaultimato\/files\/2020\/02\/IMG_20200224_152642678_HDR-150x150.jpg\" class=\"attachment-thumbnail size-thumbnail\" alt=\"\" \/><\/a>\n\t\t\t<\/dt><\/dl><br style=\"clear: both\" \/><dl class='gallery-item'>\n\t\t\t<dt class='gallery-icon landscape'>\n\t\t\t\t<a href='https:\/\/ultimato.com.br\/sites\/blogdaultimato\/files\/2020\/02\/IMG_20200224_154411616.jpg' class=\"lightview\" data-lightview-group=\"group-14488\" data-lightview-options=\"skin: 'dark', controls: 'relative', padding: '10', shadow: { color: '#000000', opacity: 0.08, blur: 3 }\"><img loading=\"lazy\" decoding=\"async\" width=\"150\" height=\"150\" src=\"https:\/\/ultimato.com.br\/sites\/blogdaultimato\/files\/2020\/02\/IMG_20200224_154411616-150x150.jpg\" class=\"attachment-thumbnail size-thumbnail\" alt=\"\" \/><\/a>\n\t\t\t<\/dt><\/dl><dl class='gallery-item'>\n\t\t\t<dt class='gallery-icon landscape'>\n\t\t\t\t<a href='https:\/\/ultimato.com.br\/sites\/blogdaultimato\/files\/2020\/02\/IMG_20200224_154428277.jpg' class=\"lightview\" data-lightview-group=\"group-14488\" data-lightview-options=\"skin: 'dark', controls: 'relative', padding: '10', shadow: { color: '#000000', opacity: 0.08, blur: 3 }\"><img loading=\"lazy\" decoding=\"async\" width=\"150\" height=\"150\" src=\"https:\/\/ultimato.com.br\/sites\/blogdaultimato\/files\/2020\/02\/IMG_20200224_154428277-150x150.jpg\" class=\"attachment-thumbnail size-thumbnail\" alt=\"\" \/><\/a>\n\t\t\t<\/dt><\/dl><dl class='gallery-item'>\n\t\t\t<dt class='gallery-icon landscape'>\n\t\t\t\t<a href='https:\/\/ultimato.com.br\/sites\/blogdaultimato\/files\/2020\/02\/IMG_20200224_154442518.jpg' class=\"lightview\" data-lightview-group=\"group-14488\" data-lightview-options=\"skin: 'dark', controls: 'relative', padding: '10', shadow: { color: '#000000', opacity: 0.08, blur: 3 }\"><img loading=\"lazy\" decoding=\"async\" width=\"150\" height=\"150\" src=\"https:\/\/ultimato.com.br\/sites\/blogdaultimato\/files\/2020\/02\/IMG_20200224_154442518-150x150.jpg\" class=\"attachment-thumbnail size-thumbnail\" alt=\"\" \/><\/a>\n\t\t\t<\/dt><\/dl><br style=\"clear: both\" \/><dl class='gallery-item'>\n\t\t\t<dt class='gallery-icon landscape'>\n\t\t\t\t<a href='https:\/\/ultimato.com.br\/sites\/blogdaultimato\/files\/2020\/02\/IMG_20200224_163826985.jpg' class=\"lightview\" data-lightview-group=\"group-14488\" data-lightview-options=\"skin: 'dark', controls: 'relative', padding: '10', shadow: { color: '#000000', opacity: 0.08, blur: 3 }\"><img loading=\"lazy\" decoding=\"async\" width=\"150\" height=\"150\" src=\"https:\/\/ultimato.com.br\/sites\/blogdaultimato\/files\/2020\/02\/IMG_20200224_163826985-150x150.jpg\" class=\"attachment-thumbnail size-thumbnail\" alt=\"\" \/><\/a>\n\t\t\t<\/dt><\/dl><dl class='gallery-item'>\n\t\t\t<dt class='gallery-icon landscape'>\n\t\t\t\t<a href='https:\/\/ultimato.com.br\/sites\/blogdaultimato\/files\/2020\/02\/IMG_20200224_152453611_HDR.jpg' class=\"lightview\" data-lightview-group=\"group-14488\" data-lightview-options=\"skin: 'dark', controls: 'relative', padding: '10', shadow: { color: '#000000', opacity: 0.08, blur: 3 }\"><img loading=\"lazy\" decoding=\"async\" width=\"150\" height=\"150\" src=\"https:\/\/ultimato.com.br\/sites\/blogdaultimato\/files\/2020\/02\/IMG_20200224_152453611_HDR-150x150.jpg\" class=\"attachment-thumbnail size-thumbnail\" alt=\"\" \/><\/a>\n\t\t\t<\/dt><\/dl><dl class='gallery-item'>\n\t\t\t<dt class='gallery-icon landscape'>\n\t\t\t\t<a href='https:\/\/ultimato.com.br\/sites\/blogdaultimato\/files\/2020\/02\/IMG_20200224_152459005_HDR.jpg' class=\"lightview\" data-lightview-group=\"group-14488\" data-lightview-options=\"skin: 'dark', controls: 'relative', padding: '10', shadow: { color: '#000000', opacity: 0.08, blur: 3 }\"><img loading=\"lazy\" decoding=\"async\" width=\"150\" height=\"150\" src=\"https:\/\/ultimato.com.br\/sites\/blogdaultimato\/files\/2020\/02\/IMG_20200224_152459005_HDR-150x150.jpg\" class=\"attachment-thumbnail size-thumbnail\" alt=\"\" \/><\/a>\n\t\t\t<\/dt><\/dl><br style=\"clear: both\" \/>\n\t\t<\/div>\n\n","protected":false},"excerpt":{"rendered":"<p>\/\/ \u00daltimas de c\u00e1<br \/>\nPor Gabriel Sant\u2019Ana<br \/>\nAconteceu entre os dias 22 e 26 de fevereiro o Alargando as Tendas 2020, evento que ocorre a cada dois anos no Centro Evang\u00e9lico de Miss\u00f5es, em Vi\u00e7osa, MG. Com o tema \u201co meio ambiente e sua rela\u00e7\u00e3o com o profissional crist\u00e3o\u201d, o encontro reuniu jovens e adultos de v\u00e1rias [&#8230;]<\/p>\n","protected":false},"author":24,"featured_media":0,"comment_status":"open","ping_status":"open","sticky":false,"template":"","format":"standard","meta":{"ngg_post_thumbnail":0,"footnotes":""},"categories":[16246,6111],"tags":[38318,91,27196],"class_list":["post-14488","post","type-post","status-publish","format-standard","hentry","category-cafe-ultimato","category-ultimas-de-ca","tag-alargando-as-tendas","tag-cem","tag-ultimas-de-ca"],"_links":{"self":[{"href":"https:\/\/ultimato.com.br\/sites\/blogdaultimato\/wp-json\/wp\/v2\/posts\/14488","targetHints":{"allow":["GET"]}}],"collection":[{"href":"https:\/\/ultimato.com.br\/sites\/blogdaultimato\/wp-json\/wp\/v2\/posts"}],"about":[{"href":"https:\/\/ultimato.com.br\/sites\/blogdaultimato\/wp-json\/wp\/v2\/types\/post"}],"author":[{"embeddable":true,"href":"https:\/\/ultimato.com.br\/sites\/blogdaultimato\/wp-json\/wp\/v2\/users\/24"}],"replies":[{"embeddable":true,"href":"https:\/\/ultimato.com.br\/sites\/blogdaultimato\/wp-json\/wp\/v2\/comments?post=14488"}],"version-history":[{"count":7,"href":"https:\/\/ultimato.com.br\/sites\/blogdaultimato\/wp-json\/wp\/v2\/posts\/14488\/revisions"}],"predecessor-version":[{"id":14507,"href":"https:\/\/ultimato.com.br\/sites\/blogdaultimato\/wp-json\/wp\/v2\/posts\/14488\/revisions\/14507"}],"wp:attachment":[{"href":"https:\/\/ultimato.com.br\/sites\/blogdaultimato\/wp-json\/wp\/v2\/media?parent=14488"}],"wp:term":[{"taxonomy":"category","embeddable":true,"href":"https:\/\/ultimato.com.br\/sites\/blogdaultimato\/wp-json\/wp\/v2\/categories?post=14488"},{"taxonomy":"post_tag","embeddable":true,"href":"https:\/\/ultimato.com.br\/sites\/blogdaultimato\/wp-json\/wp\/v2\/tags?post=14488"}],"curies":[{"name":"wp","href":"https:\/\/api.w.org\/{rel}","templated":true}]}}