{"id":14404,"date":"2020-02-28T00:00:53","date_gmt":"2020-02-28T02:00:53","guid":{"rendered":"http:\/\/ultimato.com.br\/sites\/blogdaultimato\/?p=14404"},"modified":"2020-02-28T11:19:00","modified_gmt":"2020-02-28T13:19:00","slug":"a-um-clique-conteudo-extra-da-edicao-382-de-ultimato","status":"publish","type":"post","link":"https:\/\/ultimato.com.br\/sites\/blogdaultimato\/2020\/02\/28\/a-um-clique-conteudo-extra-da-edicao-382-de-ultimato\/","title":{"rendered":"A um clique: conte\u00fado extra da edi\u00e7\u00e3o 382 de Ultimato"},"content":{"rendered":"<p><strong>Leia mais do que foi oferecido na edi\u00e7\u00e3o de&nbsp;<a href=\"https:\/\/www.ultimato.com.br\/revista\/382\" target=\"_blank\" rel=\"noopener noreferrer\">mar\u00e7o\/abril<\/a>&nbsp;de Ultimato<\/strong><\/p>\n<p><img loading=\"lazy\" decoding=\"async\" class=\"alignright size-medium wp-image-14484\" src=\"http:\/\/ultimato.com.br\/sites\/blogdaultimato\/files\/2020\/02\/Capa_ULT_382_web-231x300.jpg\" alt=\"\" width=\"231\" height=\"300\" srcset=\"https:\/\/ultimato.com.br\/sites\/blogdaultimato\/files\/2020\/02\/Capa_ULT_382_web-231x300.jpg 231w, https:\/\/ultimato.com.br\/sites\/blogdaultimato\/files\/2020\/02\/Capa_ULT_382_web.jpg 500w\" sizes=\"auto, (max-width: 231px) 100vw, 231px\" \/>Ultimato oferece muito mais conte\u00fado para o leitor aprofundar-se nos assuntos de cada se\u00e7\u00e3o da revista. Nesta postagem voc\u00ea pode conhecer todo o conte\u00fado extra que foi divulgado na edi\u00e7\u00e3o de&nbsp;<a href=\"https:\/\/www.ultimato.com.br\/revista\/382\" target=\"_blank\" rel=\"noopener noreferrer\">mar\u00e7o\/abril<\/a>&nbsp;de&nbsp;<strong>Ultimato<\/strong>. Aproveite!<\/p>\n<p>&nbsp;<\/p>\n<p><strong>ABERTURA<\/strong> \u2013 <em>Incapazes da inoc\u00eancia<\/em>, por Elben C\u00e9sar<br \/>\n<a href=\"http:\/\/ultimato.com.br\/sites\/elbencesar\" target=\"_blank\" rel=\"noopener noreferrer\">Legado Elben C\u00e9sar<\/a><\/p>\n<p>&nbsp;<\/p>\n<p><strong>PASTORAIS<\/strong> \u2013 <em>Arrependei-vos<\/em>, por Luiz Fernando dos Santos<br \/>\n<a href=\"https:\/\/ultimato.com.br\/sites\/estudos-biblicos\/assunto\/vida-crista\/para-que-serve-o-arrependimento-ele-e-mesmo-necessario\/\" target=\"_blank\" rel=\"noopener noreferrer\">Para que serve o arrependimento? Ele \u00e9 mesmo necess\u00e1rio?<\/a><\/p>\n<p>&nbsp;<\/p>\n<p><strong>MAIS DO QUE NOT\u00cdCIAS<\/strong> \u2013 <em>Uma alian\u00e7a para a evangeliza\u00e7\u00e3o da Amaz\u00f4nia<\/em>, por Phelipe Reis<br \/>\n<a href=\"http:\/\/ultimato.com.br\/sites\/paralelo10\/2020\/02\/os-desafios-para-a-evangelizacao-dos-ribeirinhos-na-amazonia\/\" target=\"_blank\" rel=\"noopener noreferrer\">Os desafios para a evangeliza\u00e7\u00e3o dos ribeirinhos na Amaz\u00f4nia<\/a><\/p>\n<p>&nbsp;<\/p>\n<p><strong>MAIS DO QUE NOT\u00cdCIAS<\/strong> \u2013 <em>\u201cJesus ainda est\u00e1 vivo\u201d<\/em>, por Liss\u00e2nder Dias<br \/>\n<a href=\"https:\/\/www.ultimato.com.br\/conteudo\/lista-mundial-da-perseguicao-2020-aponta-crescimento-da-hostilidade-aos-cristaos-no-mundo\" target=\"_blank\" rel=\"noopener noreferrer\">Lista mundial de persegui\u00e7\u00e3o 2020 aponta crescimento da hostilidade aos crist\u00e3os no mundo<\/a><\/p>\n<p>&nbsp;<\/p>\n<p><strong>MAIS DO QUE NOT\u00cdCIAS<\/strong> \u2013 <em>Acidente em viagem mission\u00e1ria faz quatro v\u00edtimas fatais<\/em>, por Ariane Gomes<br \/>\n<a href=\"https:\/\/www.ultimato.com.br\/conteudo\/o-dia-em-que-fomos-abracados-pela-igreja-de-jesus\" target=\"_blank\" rel=\"noopener noreferrer\">O dia em que fomos abra\u00e7ados pela igreja de Jesus<\/a><\/p>\n<p>&nbsp;<\/p>\n<p><strong>CAPA<\/strong> \u2013 <em>Agir contra a desigualdade<\/em>, por William Lacy Lane<br \/>\n<a href=\"https:\/\/ultimato.com.br\/sites\/estudos-biblicos\/categoria\/series\/serie-rute\/\" target=\"_blank\" rel=\"noopener noreferrer\">Estudos b\u00edblicos da s\u00e9rie \u201cRute\u201d<\/a><\/p>\n<p>&nbsp;<\/p>\n<p><strong>O CAMINHO DO CORA\u00c7\u00c3O<\/strong> \u2013 <em>Experimentando os limites da confian\u00e7a<\/em>, por Ricardo Barbosa<br \/>\n<a href=\"https:\/\/www.ultimato.com.br\/revista\/artigos\/371\/do-controle-ao-autoabandono\" target=\"_blank\" rel=\"noopener noreferrer\">Do controle ao autoabandono<\/a><\/p>\n<p>&nbsp;<\/p>\n<p><strong>REDESCOBRINDO A PALAVRA DE DEUS<\/strong> \u2013 <em>2020: Uma nova d\u00e9cada? Um novo tempo?<\/em>, por Valdir Steuernagel<br \/>\n<a href=\"https:\/\/www.ultimato.com.br\/revista\/artigos\/370\/deus-se-importa\" target=\"_blank\" rel=\"noopener noreferrer\">Deus se importa<\/a><\/p>\n<p>&nbsp;<\/p>\n<p><strong>CAMINHOS DA MISS\u00c3O<\/strong> \u2013 <em>Miss\u00f5es globais hoje \u2013 parte 2<\/em>, por Bijoy Koshi<br \/>\n<a href=\"https:\/\/www.ultimato.com.br\/revista\/artigos\/381\/missoes-globais-hoje\" target=\"_blank\" rel=\"noopener noreferrer\">Miss\u00f5es globais hoje<\/a><\/p>\n<p>&nbsp;<\/p>\n<p><strong>ALTOS PAPOS<\/strong> \u2013 <em>Por que os jovens fazem tantas perguntas<\/em>, Karol Coelho<br \/>\n<a href=\"https:\/\/www.ultimato.com.br\/conteudo\/a-fe-crista-e-o-jovem-do-seculo-21\" target=\"_blank\" rel=\"noopener noreferrer\">A f\u00e9 crist\u00e3 e o jovem do s\u00e9culo 21<\/a><\/p>\n<p>&nbsp;<\/p>\n<p><strong>FAM\u00cdLIA<\/strong> \u2013 <em>Hiperconectados<\/em>, por Catito e Dagmar<br \/>\n<a href=\"https:\/\/www.ultimato.com.br\/revista\/artigos\/355\/a-midiotizacao-da-familia\" target=\"_blank\" rel=\"noopener noreferrer\">A midiotiza\u00e7\u00e3o da fam\u00edlia<\/a><\/p>\n<p>&nbsp;<\/p>\n<p><strong>REFLEX\u00c3O<\/strong> \u2013 <em>Romanos 13 e a democracia<\/em>, por Ed Ren\u00e9 Kivitz<br \/>\n<a href=\"https:\/\/www.ultimato.com.br\/conteudo\/paulo-e-as-autoridades\" target=\"_blank\" rel=\"noopener noreferrer\">Paulo e as autoridades<\/a><\/p>\n<p>&nbsp;<\/p>\n<p><strong>HIST\u00d3RIA<\/strong> \u2013 <em>Os substitutos de Deus<\/em>, por Alderi S. Matos<br \/>\n<a href=\"https:\/\/ultimato.com.br\/sites\/estudos-biblicos\/assunto\/igreja\/a-loucura-da-idolatria\/\" target=\"_blank\" rel=\"noopener noreferrer\">A loucura da idolatria<\/a><\/p>\n<p>&nbsp;<\/p>\n<p><strong>REFLEX\u00c3O<\/strong> \u2013 <em>O passo que nunca dei<\/em>, por Br\u00e1ulia Ribeiro<br \/>\n<a href=\"https:\/\/www.ultimato.com.br\/revista\/artigos\/359\/a-proposta-politica-da-cruz\" target=\"_blank\" rel=\"noopener noreferrer\">A proposta pol\u00edtica da cruz<\/a><\/p>\n<p>&nbsp;<\/p>\n<p><strong>\u00c9TICA<\/strong> \u2013 <em>A desigualdade no pensamento social dos primeiros autores crist\u00e3os<\/em>, por Paul Freston<br \/>\n<a href=\"https:\/\/www.ultimato.com.br\/revista\/artigos\/330\/o-pai-nosso-e-as-bem-aventurancas-para-hoje-num-texto-do-ano-380\" target=\"_blank\" rel=\"noopener noreferrer\">O Pai-Nosso e as bem-aventuran\u00e7as para hoje, num texto de 380<\/a><\/p>\n<p>&nbsp;<\/p>\n<p><strong>LITERATURA E CULTURA<\/strong> \u2013 <em>A espiritualidade do st\u00e1rietz Z\u00f3sima em Os Irm\u00e3os Karamazov<\/em>, por Gladir Cabral<br \/>\n<a href=\"https:\/\/ultimato.com.br\/sites\/blogdaultimato\/2019\/05\/13\/de-dostoievski-a-isaias-dos-hinos-tradicionais-ao-discurso-moralista-as-influencias-do-meio-evangelico\/\" target=\"_blank\" rel=\"noopener noreferrer\">De Dostoievski a Isa\u00edas, dos hinos tradicionais ao discurso moralista: as influ\u00eancias no meio evang\u00e9lico<\/a><\/p>\n<p>&nbsp;<\/p>\n<p><strong>VAMOS LER<\/strong><br \/>\nLeia a resenha destes livros em <a href=\"http:\/\/ultimato.com.br\/ultimas\/assunto\/arte-cultura\" target=\"_blank\" rel=\"noopener noreferrer\">ultimato.com.br\/ultimas\/assunto\/arte-cultura<\/a><\/p>\n<p>&nbsp;<\/p>\n<p><strong>ACONTECEU COMIGO<\/strong> \u2013 <em>\u201cSim, quero ser sua filha!\u201d<\/em>, por Jacqueline Schalm<br \/>\n<a href=\"https:\/\/www.ultimato.com.br\/conteudo\/um-vazio-do-tamanho-de-deus\" target=\"_blank\" rel=\"noopener noreferrer\">Um vazio do tamanho de Deus<\/a><\/p>\n<p>&nbsp;<\/p>\n<p><strong>PONTO FINAL<\/strong> \u2013 <em>M\u00fasica: provis\u00e3o de Deus para suas criaturas<\/em>, por Rubem Amorese<br \/>\n<a href=\"https:\/\/www.ultimato.com.br\/revista\/artigos\/323\/envelhecimento-e-alzheimer\" target=\"_blank\" rel=\"noopener noreferrer\">Envelhecimento e Alzheimer<\/a><\/p>\n","protected":false},"excerpt":{"rendered":"<p>Leia mais do que foi oferecido na edi\u00e7\u00e3o de&nbsp;mar\u00e7o\/abril&nbsp;de Ultimato<br \/>\nUltimato oferece muito mais conte\u00fado para o leitor aprofundar-se nos assuntos de cada se\u00e7\u00e3o da revista. Nesta postagem voc\u00ea pode conhecer todo o conte\u00fado extra que foi divulgado na edi\u00e7\u00e3o de&nbsp;mar\u00e7o\/abril&nbsp;de&nbsp;Ultimato. Aproveite!<br \/>\n&nbsp;<br \/>\nABERTURA \u2013 Incapazes da inoc\u00eancia, por Elben C\u00e9sar<br \/>\nLegado Elben C\u00e9sar<br \/>\n&nbsp;<br \/>\nPASTORAIS \u2013 Arrependei-vos, por Luiz Fernando [&#8230;]<\/p>\n","protected":false},"author":24,"featured_media":0,"comment_status":"open","ping_status":"open","sticky":false,"template":"","format":"standard","meta":{"ngg_post_thumbnail":0,"footnotes":""},"categories":[9536,22807,5153,5953],"tags":[5442,32231,5953,40058],"class_list":["post-14404","post","type-post","status-publish","format-standard","hentry","category-do-editor","category-extras","category-prateleira","category-revista-ultimato","tag-desigualdade","tag-mais-na-internet","tag-revista-ultimato","tag-ult-382"],"_links":{"self":[{"href":"https:\/\/ultimato.com.br\/sites\/blogdaultimato\/wp-json\/wp\/v2\/posts\/14404","targetHints":{"allow":["GET"]}}],"collection":[{"href":"https:\/\/ultimato.com.br\/sites\/blogdaultimato\/wp-json\/wp\/v2\/posts"}],"about":[{"href":"https:\/\/ultimato.com.br\/sites\/blogdaultimato\/wp-json\/wp\/v2\/types\/post"}],"author":[{"embeddable":true,"href":"https:\/\/ultimato.com.br\/sites\/blogdaultimato\/wp-json\/wp\/v2\/users\/24"}],"replies":[{"embeddable":true,"href":"https:\/\/ultimato.com.br\/sites\/blogdaultimato\/wp-json\/wp\/v2\/comments?post=14404"}],"version-history":[{"count":4,"href":"https:\/\/ultimato.com.br\/sites\/blogdaultimato\/wp-json\/wp\/v2\/posts\/14404\/revisions"}],"predecessor-version":[{"id":14485,"href":"https:\/\/ultimato.com.br\/sites\/blogdaultimato\/wp-json\/wp\/v2\/posts\/14404\/revisions\/14485"}],"wp:attachment":[{"href":"https:\/\/ultimato.com.br\/sites\/blogdaultimato\/wp-json\/wp\/v2\/media?parent=14404"}],"wp:term":[{"taxonomy":"category","embeddable":true,"href":"https:\/\/ultimato.com.br\/sites\/blogdaultimato\/wp-json\/wp\/v2\/categories?post=14404"},{"taxonomy":"post_tag","embeddable":true,"href":"https:\/\/ultimato.com.br\/sites\/blogdaultimato\/wp-json\/wp\/v2\/tags?post=14404"}],"curies":[{"name":"wp","href":"https:\/\/api.w.org\/{rel}","templated":true}]}}