{"id":14269,"date":"2020-01-07T11:56:04","date_gmt":"2020-01-07T13:56:04","guid":{"rendered":"http:\/\/ultimato.com.br\/sites\/blogdaultimato\/?p=14269"},"modified":"2020-01-08T15:34:39","modified_gmt":"2020-01-08T17:34:39","slug":"ainda-acredito-na-fe-simples-nao-ambiciosa-na-varanda-com-o-autor-lissander-dias","status":"publish","type":"post","link":"https:\/\/ultimato.com.br\/sites\/blogdaultimato\/2020\/01\/07\/ainda-acredito-na-fe-simples-nao-ambiciosa-na-varanda-com-o-autor-lissander-dias\/","title":{"rendered":"Ainda acredito na f\u00e9 simples, n\u00e3o ambiciosa \u2014 Na varanda com o autor"},"content":{"rendered":"<h4><span style=\"color: #808000;\"><strong>Na varanda com o autor | Liss\u00e2nder Dias<\/strong><\/span><\/h4>\n<p>&nbsp;<\/p>\n<p><img loading=\"lazy\" decoding=\"async\" class=\"alignright size-medium wp-image-14278\" src=\"http:\/\/ultimato.com.br\/sites\/blogdaultimato\/files\/2020\/01\/IMG_1579_reduz-300x219.jpg\" alt=\"\" width=\"300\" height=\"219\" srcset=\"https:\/\/ultimato.com.br\/sites\/blogdaultimato\/files\/2020\/01\/IMG_1579_reduz-300x219.jpg 300w, https:\/\/ultimato.com.br\/sites\/blogdaultimato\/files\/2020\/01\/IMG_1579_reduz-1024x747.jpg 1024w, https:\/\/ultimato.com.br\/sites\/blogdaultimato\/files\/2020\/01\/IMG_1579_reduz-768x560.jpg 768w, https:\/\/ultimato.com.br\/sites\/blogdaultimato\/files\/2020\/01\/IMG_1579_reduz-1536x1120.jpg 1536w, https:\/\/ultimato.com.br\/sites\/blogdaultimato\/files\/2020\/01\/IMG_1579_reduz-2048x1494.jpg 2048w, https:\/\/ultimato.com.br\/sites\/blogdaultimato\/files\/2020\/01\/IMG_1579_reduz-732x534.jpg 732w, https:\/\/ultimato.com.br\/sites\/blogdaultimato\/files\/2020\/01\/IMG_1579_reduz-1140x831.jpg 1140w\" sizes=\"auto, (max-width: 300px) 100vw, 300px\" \/>Liss\u00e2nder \u00e9 de casa. Embora nascido em Bel\u00e9m, PA, por mais de dez anos frequentamos juntos as mesmas varandas mineiras. Aqui, na Ultimato, na Rede M\u00e3os Dadas e tamb\u00e9m na Igreja Presbiteriana de Vi\u00e7osa.<\/p>\n<p>Assessor editorial na <a href=\"https:\/\/www.unicesumar.edu.br\/\">Unicesumar<\/a>, Liss\u00e2nder Dias \u00e9 jornalista e, desde 2016, reside em Maring\u00e1, com sua esposa Kelen e o pequeno Miguel, nascido na Zona da Mata Mineira. <a href=\"https:\/\/www.ultimato.com.br\/ultimas\/autor\/lissander-dias-do-amaral\">Colaborador do portal<\/a> e da revista Ultimato, ele ainda mant\u00e9m vivo o seu blog <a href=\"https:\/\/www.ultimato.com.br\/sites\/fatosecorrelatos\/\">Fatos e Correlatos<\/a>, em parceria com Ultimatooline. Na Varanda com o Autor recebe Liss\u00e2nder Dias.<\/p>\n<p>&nbsp;<\/p>\n<h4><strong>Alguma pessoa ou livro, em especial, influenciou sua aproxima\u00e7\u00e3o da leitura e da escrita?<\/strong><\/h4>\n<p>Em fui criado em um ambiente familiar favor\u00e1vel aos livros. Meus pais s\u00e3o professores e sempre valorizaram muito a educa\u00e7\u00e3o, mesmo em um contexto de escassez. Meu pai \u00e9 um leitor ininterrupto. Como crist\u00e3o, ele colocava a leitura da B\u00edblia no centro das preocupa\u00e7\u00f5es. Esse, sem d\u00favida, foi o fator externo mais decisivo.<\/p>\n<p>Posso dizer tamb\u00e9m \u2013 mas sem saber explicar muito bem \u2013 que eu, desde sempre, gostei da experi\u00eancia \u00fanica da leitura \u2013 principalmente porque, ao ler um livro, eu poderia adentrar em outros \u201cmundos\u201d e visualizar uma realidade mais ampla do que a que eu vivia. Muitas vezes, esse impulso era gerado pela simples curiosidade, pelo desejo de saber mais sobre coisas que eu n\u00e3o sabia.<\/p>\n<p>J\u00e1 a escrita, posso dizer que foi estimulada no contexto escolar. Uma lembran\u00e7a especial foi quando, no Ensino Fundamental em uma escola p\u00fablica na minha cidadezinha chamada Igarap\u00e9-A\u00e7u (PA), uma das minhas professoras promoveu um concurso de escrita na sala. No in\u00edcio, eu n\u00e3o pensei em participar, mas depois resolvi que sim. Escrevi um poema (talvez tenha sido o meu primeiro poema!) e venci o concurso. Foi a primeira vez em que submeti em p\u00fablico algo que eu mesmo havia escrito. A experi\u00eancia foi fascinante. Da\u00ed em diante n\u00e3o parei mais de escrever.<\/p>\n<h4>&nbsp;<\/h4>\n<h4><strong>Quando a inspira\u00e7\u00e3o para escrever n\u00e3o vem&#8230;<\/strong><\/h4>\n<p><img loading=\"lazy\" decoding=\"async\" class=\"wp-image-9092 alignright\" src=\"http:\/\/ultimato.com.br\/sites\/blogdaultimato\/files\/2017\/04\/selo_navaranda.jpg\" alt=\"\" width=\"261\" height=\"65\" srcset=\"https:\/\/ultimato.com.br\/sites\/blogdaultimato\/files\/2017\/04\/selo_navaranda.jpg 402w, https:\/\/ultimato.com.br\/sites\/blogdaultimato\/files\/2017\/04\/selo_navaranda-300x75.jpg 300w\" sizes=\"auto, (max-width: 261px) 100vw, 261px\" \/><\/p>\n<p>\u201cInspira\u00e7\u00e3o\u201d \u00e9 uma palavra curiosa e dif\u00edcil de ser definida. Acredito que mais do que \u201cinspira\u00e7\u00e3o\u201d, o que me move a escrever \u00e9 o di\u00e1logo que tenho comigo mesmo, com as pessoas e com Deus. O contr\u00e1rio tamb\u00e9m \u00e9 verdadeiro, ou seja, quando n\u00e3o consigo dialogar comigo, com as pessoas e com Deus, n\u00e3o tenho vontade de escrever. A\u00ed vou ver um filme, fazer coisas aleat\u00f3rias &#8211; mas n\u00e3o escrever.<\/p>\n<p>(\u00c9 claro que estou falando no contexto da escrita espont\u00e2nea, pessoal, devocional. Quanto \u00e0 escrita produzida no contexto de trabalho, a\u00ed devemos utilizar as t\u00e9cnicas e a pr\u00f3pria din\u00e2mica de trabalho para cumprir as responsabilidades).<\/p>\n<p>&nbsp;<\/p>\n<h4><strong>O que os adultos devem ler para as crian\u00e7as?<\/strong><\/h4>\n<p>O que gostariam que lessem para eles mesmos quando tamb\u00e9m eram crian\u00e7as. Parece \u00f3bvio, mas \u00e9 isso mesmo. A primeira coisa a fazer para ajudar as crian\u00e7as a tornarem-se leitoras \u00e9 imaginar-se no lugar delas, fazer um resgate memorial.<\/p>\n<p>As crian\u00e7as t\u00eam uma capacidade criativa fant\u00e1stica, e a leitura pode impulsionar ainda mais essa qualidade. Elas criam circunst\u00e2ncias l\u00fadicas para os conceitos e as verdades, e assim aprendem mais. N\u00e3o podemos desperdi\u00e7ar tal virtude. \u00c9 a partir dessa criatividade dada por Deus que elas entender\u00e3o o Evangelho.<\/p>\n<p>&nbsp;<\/p>\n<p><img loading=\"lazy\" decoding=\"async\" class=\"wp-image-14279 alignleft\" title=\"Liss\u00e2nder, Miguel e Kelen\" src=\"http:\/\/ultimato.com.br\/sites\/blogdaultimato\/files\/2020\/01\/IMG_20180514_143720.jpg\" alt=\"\" width=\"300\" height=\"225\" srcset=\"https:\/\/ultimato.com.br\/sites\/blogdaultimato\/files\/2020\/01\/IMG_20180514_143720.jpg 1600w, https:\/\/ultimato.com.br\/sites\/blogdaultimato\/files\/2020\/01\/IMG_20180514_143720-300x225.jpg 300w, https:\/\/ultimato.com.br\/sites\/blogdaultimato\/files\/2020\/01\/IMG_20180514_143720-1024x768.jpg 1024w, https:\/\/ultimato.com.br\/sites\/blogdaultimato\/files\/2020\/01\/IMG_20180514_143720-768x576.jpg 768w, https:\/\/ultimato.com.br\/sites\/blogdaultimato\/files\/2020\/01\/IMG_20180514_143720-1536x1152.jpg 1536w, https:\/\/ultimato.com.br\/sites\/blogdaultimato\/files\/2020\/01\/IMG_20180514_143720-732x549.jpg 732w, https:\/\/ultimato.com.br\/sites\/blogdaultimato\/files\/2020\/01\/IMG_20180514_143720-1140x855.jpg 1140w\" sizes=\"auto, (max-width: 300px) 100vw, 300px\" \/><\/p>\n<h4><strong>Que conselho voc\u00ea gostaria de ter recebido na sua juventude?<\/strong><\/h4>\n<p>Tenha foco! Com foco, voc\u00ea vai bem mais longe.<\/p>\n<p>&nbsp;<\/p>\n<h4><strong>Como voc\u00ea lida com o envelhecer?<\/strong><\/h4>\n<p>A vida \u00e9 um encontro \u00fanico entre o passado, o presente e o futuro. Mais do que contabilizar anos, acredito que viver \u00e9 desfrutar desse encontro continuamente. Ali\u00e1s, \u00e9 nesse exato encontro que Deus est\u00e1. A B\u00edblia \u00e9 um testemunho poderoso de como passado, presente e futuro est\u00e3o maravilhosamente alinhados pelo Senhor do Tempo. Minha maior preocupa\u00e7\u00e3o \u00e9 o risco de desperdi\u00e7ar as oportunidades que Deus me d\u00e1. Sei que fa\u00e7o isso muitas vezes, principalmente, quando meus olhos n\u00e3o est\u00e3o voltados para \u201co autor e consumador da minha f\u00e9\u201d (Hb 12.2).<\/p>\n<p>No \u00faltimo ano, meus amigos brincam com meus fios de cabelo embranquecidos. No in\u00edcio, foram alguns, depois, aumentaram. No momento, ainda n\u00e3o s\u00e3o maioria, mas j\u00e1 estou me acostumado com o fato. Gosto disso. Gosto de perceber que Deus est\u00e1 me dando a oportunidade de mudar de etapa na vida. Ainda n\u00e3o me sinto \u201cenvelhecer\u201d, mas entendo que a vida acontece, muda e muda a gente. A sabedoria est\u00e1 em discernir cada etapa da vida. Que Deus me d\u00ea sabedoria.<\/p>\n<p>&nbsp;<\/p>\n<h4><strong>O que mais o anima e o que mais o incomoda no meio evang\u00e9lico?<\/strong><\/h4>\n<p>\u00c9 dif\u00edcil responder isso, porque o tal \u201cmeio evang\u00e9lico\u201d \u00e9 muito complexo e diversificado. H\u00e1 muitos movimentos dentro dessa poss\u00edvel identidade chamada evang\u00e9lica. At\u00e9 onde meus olhos alcan\u00e7am, eu ainda acredito na f\u00e9 simples, espont\u00e2nea, n\u00e3o ambiciosa; me anima quando converso com gente ainda maravilhada pela mensagem do Evangelho, que \u00e9 amorosa, mas tamb\u00e9m contracultural e provocativa. O Evangelho resgata essa cultura dos afetos, inspirada no amor de Cristo.<\/p>\n<p>Mas entendo que, ao mesmo tempo, n\u00e3o h\u00e1 muito espa\u00e7o para idealiza\u00e7\u00f5es. Na dif\u00edcil arena da vida, n\u00e3o vejo muitos evang\u00e9licos conectando sua f\u00e9 com o realismo da vida; ao contr\u00e1rio, parece que n\u00f3s criamos \u201cmundos paralelos\u201d, separado um do outro: uma coisa \u00e9 a f\u00e9 no contexto religioso e a partir do contexto religioso; outra coisa \u00e9 a vida \u201creal\u201d, onde somos imersos em uma cultura em que desejamos ter vantagem em tudo, onde precisamos ter t\u00edtulos, fama e carisma. Em ambos os casos, somos tentados a diminuir o poder e a presen\u00e7a soberana de Cristo. Uma vida de f\u00e9 fragmentada \u00e9 o pior dos testemunhos.<\/p>\n<p>&nbsp;<\/p>\n<p><strong>Leia mais<br \/>\n<\/strong>\u00bb <a href=\"https:\/\/ultimato.com.br\/sites\/blogdaultimato\/2019\/11\/12\/das-historias-em-quadrinhos-o-cristianismo-nao-e-so-uma-coisa-religiosa\/\" target=\"_blank\" rel=\"noopener noreferrer\">Das hist\u00f3rias em quadrinhos \u00e0 Cultura Crist\u00e3<\/a><br \/>\n\u00bb <a href=\"https:\/\/ultimato.com.br\/sites\/blogdaultimato\/2019\/09\/23\/a-influencia-da-ficcao-de-monteiro-lobato-a-c-s-lewis\/\" target=\"_blank\" rel=\"noopener noreferrer\">A influ\u00eancia da fic\u00e7\u00e3o: de Monteiro Lobato a C. S. Lewis<\/a><br \/>\n\u00bb <a href=\"http:\/\/ultimato.com.br\/sites\/blogdaultimato\/categoria\/na-varanda-com-o-autor\/\" target=\"_blank\" rel=\"noopener noreferrer\">Mais \u201cNa varanda com o autor\u201d<\/a><\/p>\n","protected":false},"excerpt":{"rendered":"<p>Na varanda com o autor | Liss\u00e2nder Dias<br \/>\n&nbsp;<br \/>\nLiss\u00e2nder \u00e9 de casa. Embora nascido em Bel\u00e9m, PA, por mais de dez anos frequentamos juntos as mesmas varandas mineiras. Aqui, na Ultimato, na Rede M\u00e3os Dadas e tamb\u00e9m na Igreja Presbiteriana de Vi\u00e7osa.<br \/>\nAssessor editorial na Unicesumar, Liss\u00e2nder Dias \u00e9 jornalista e, desde 2016, reside em Maring\u00e1, com [&#8230;]<\/p>\n","protected":false},"author":24,"featured_media":0,"comment_status":"open","ping_status":"open","sticky":false,"template":"","format":"standard","meta":{"ngg_post_thumbnail":0,"footnotes":""},"categories":[32239],"tags":[19566,40046],"class_list":["post-14269","post","type-post","status-publish","format-standard","hentry","category-na-varanda-com-o-autor","tag-lissander-dias","tag-na-varanda-do-autor"],"_links":{"self":[{"href":"https:\/\/ultimato.com.br\/sites\/blogdaultimato\/wp-json\/wp\/v2\/posts\/14269","targetHints":{"allow":["GET"]}}],"collection":[{"href":"https:\/\/ultimato.com.br\/sites\/blogdaultimato\/wp-json\/wp\/v2\/posts"}],"about":[{"href":"https:\/\/ultimato.com.br\/sites\/blogdaultimato\/wp-json\/wp\/v2\/types\/post"}],"author":[{"embeddable":true,"href":"https:\/\/ultimato.com.br\/sites\/blogdaultimato\/wp-json\/wp\/v2\/users\/24"}],"replies":[{"embeddable":true,"href":"https:\/\/ultimato.com.br\/sites\/blogdaultimato\/wp-json\/wp\/v2\/comments?post=14269"}],"version-history":[{"count":14,"href":"https:\/\/ultimato.com.br\/sites\/blogdaultimato\/wp-json\/wp\/v2\/posts\/14269\/revisions"}],"predecessor-version":[{"id":14294,"href":"https:\/\/ultimato.com.br\/sites\/blogdaultimato\/wp-json\/wp\/v2\/posts\/14269\/revisions\/14294"}],"wp:attachment":[{"href":"https:\/\/ultimato.com.br\/sites\/blogdaultimato\/wp-json\/wp\/v2\/media?parent=14269"}],"wp:term":[{"taxonomy":"category","embeddable":true,"href":"https:\/\/ultimato.com.br\/sites\/blogdaultimato\/wp-json\/wp\/v2\/categories?post=14269"},{"taxonomy":"post_tag","embeddable":true,"href":"https:\/\/ultimato.com.br\/sites\/blogdaultimato\/wp-json\/wp\/v2\/tags?post=14269"}],"curies":[{"name":"wp","href":"https:\/\/api.w.org\/{rel}","templated":true}]}}