{"id":14150,"date":"2019-12-20T00:00:03","date_gmt":"2019-12-20T02:00:03","guid":{"rendered":"http:\/\/ultimato.com.br\/sites\/blogdaultimato\/?p=14150"},"modified":"2019-12-31T11:42:57","modified_gmt":"2019-12-31T13:42:57","slug":"a-um-clique-conteudo-extra-da-edicao-381-de-ultimato","status":"publish","type":"post","link":"https:\/\/ultimato.com.br\/sites\/blogdaultimato\/2019\/12\/20\/a-um-clique-conteudo-extra-da-edicao-381-de-ultimato\/","title":{"rendered":"A um clique: conte\u00fado extra da edi\u00e7\u00e3o 381 de Ultimato"},"content":{"rendered":"<p><strong>Leia mais do que foi oferecido na edi\u00e7\u00e3o de&nbsp;<a href=\"https:\/\/www.ultimato.com.br\/revista\/381\" target=\"_blank\" rel=\"noopener noreferrer\">janeiro\/fevereiro<\/a>&nbsp;de Ultimato<\/strong><\/p>\n<p><img loading=\"lazy\" decoding=\"async\" class=\"alignright size-medium wp-image-14274\" src=\"http:\/\/ultimato.com.br\/sites\/blogdaultimato\/files\/2019\/12\/Capa_381_web-231x300.jpg\" alt=\"\" width=\"231\" height=\"300\" srcset=\"https:\/\/ultimato.com.br\/sites\/blogdaultimato\/files\/2019\/12\/Capa_381_web-231x300.jpg 231w, https:\/\/ultimato.com.br\/sites\/blogdaultimato\/files\/2019\/12\/Capa_381_web.jpg 500w\" sizes=\"auto, (max-width: 231px) 100vw, 231px\" \/>Ultimato oferece muito mais conte\u00fado para o leitor aprofundar-se nos assuntos de cada se\u00e7\u00e3o da revista. Nesta postagem voc\u00ea pode conhecer todo o conte\u00fado extra que foi divulgado na edi\u00e7\u00e3o de&nbsp;<a href=\"https:\/\/www.ultimato.com.br\/revista\/381\" target=\"_blank\" rel=\"noopener noreferrer\">janeiro\/fevereiro<\/a>&nbsp;de&nbsp;<strong>Ultimato<\/strong>. Aproveite!<\/p>\n<p>&nbsp;<\/p>\n<p><strong>ABERTURA<\/strong> \u2013 <em>O Todo-Poderoso e as formiguinhas<\/em>, por Elben C\u00e9sar<br \/>\n<a href=\"http:\/\/ultimato.com.br\/sites\/elbencesar\" target=\"_blank\" rel=\"noopener noreferrer\">Legado Elben C\u00e9sar<\/a><\/p>\n<p>&nbsp;<\/p>\n<p><strong>PASTORAIS<\/strong> \u2013 <em>Por um n\u00edvel mais elevado<\/em>, por Jony W. de Almeida<br \/>\n<a href=\"https:\/\/ultimato.com.br\/sites\/estudos-biblicos\/assunto\/vida-crista\/quanto-vale-a-oracao\/\" target=\"_blank\" rel=\"noopener noreferrer\">Quanto vale a ora\u00e7\u00e3o?<\/a><\/p>\n<p>&nbsp;<\/p>\n<p><strong>MAIS DO QUE NOT\u00cdCIAS<\/strong> \u2013 <em>ONG crist\u00e3 beneficia fam\u00edlias no interior do Amazonas<\/em>, por Phelipe Reis<br \/>\n<a href=\"https:\/\/ultimato.com.br\/sites\/paralelo10\/2019\/12\/conheca-o-trabalho-desenvolvido-no-amazonas-pela-ong-origem\" target=\"_blank\" rel=\"noopener noreferrer\">Conhe\u00e7a o trabalho desenvolvido no Amazonas pela ONG Origem<\/a><\/p>\n<p>&nbsp;<\/p>\n<p><strong>MAIS DO QUE NOT\u00cdCIAS<\/strong> \u2013 <em>Coletivo Bereia: contra as fake news religiosas<\/em>, por Liss\u00e2nder Dias<br \/>\n<a href=\"https:\/\/www.ultimato.com.br\/conteudo\/jornalistas-cristaos-etica-pos-verdade-e-fake-news\" target=\"_blank\" rel=\"noopener noreferrer\">Jornalistas crist\u00e3os \u2013 \u00e9tica, p\u00f3s-verdade e fake news<\/a><\/p>\n<p>&nbsp;<\/p>\n<p><strong>MAIS DO QUE NOT\u00cdCIAS<\/strong> \u2013 <em>Padres deveriam se casar?<\/em>, por Liss\u00e2nder Dias<br \/>\n<a href=\"https:\/\/www.ultimato.com.br\/revista\/artigos\/305\/ate-quando-os-padres-casados-estarao-a-margem-do-caminho\" target=\"_blank\" rel=\"noopener noreferrer\">At\u00e9 quando os padres casados estar\u00e3o \u00e0 margem do caminho?<\/a><\/p>\n<p>&nbsp;<\/p>\n<p><strong>CAPA<\/strong> \u2013 <em>A intercess\u00e3o de Jesus Cristo<\/em>, por Osmar Ludovico da Silva<br \/>\n<a href=\"http:\/\/ultimato.com.br\/sites\/estudos-biblicos\/assunto\/a-intercessao-de-jesus-cristo\/\" target=\"_blank\" rel=\"noopener noreferrer\">A intercess\u00e3o de Jesus Cristo<\/a><\/p>\n<p>&nbsp;<\/p>\n<p><strong>CAPA<\/strong> \u2013 <em>Aprendendo a orar com Ana \u2013 abrindo o cora\u00e7\u00e3o<\/em>, por Karen Bomilcar<br \/>\n<a href=\"https:\/\/www.ultimato.com.br\/revista\/artigos\/298\/a-defesa-de-ana\" target=\"_blank\" rel=\"noopener noreferrer\">A defesa de Ana<\/a><\/p>\n<p>&nbsp;<\/p>\n<p><strong>CAPA<\/strong> \u2013 <em>Orar ininterruptamente \u2013 aprendendo com Paulo<\/em>, por Santareno Augusto Miranda<br \/>\n<a href=\"https:\/\/www.ultimato.com.br\/conteudo\/orar-ininterruptamente-aprendendo-a-orar-com-paulo\" target=\"_blank\" rel=\"noopener noreferrer\">Vers\u00e3o ampliada de \u201cOrar ininterruptamente \u2013 aprendendo com Paulo\u201d<\/a><\/p>\n<p>&nbsp;<\/p>\n<p><strong>CAPA<\/strong> \u2013 <em>Liderando com ora\u00e7\u00e3o<\/em>, por Paula Mazzini<br \/>\n<a href=\"https:\/\/ultimato.com.br\/sites\/estudos-biblicos\/assunto\/missoes\/justica-e-oracao-mudando-o-mundo-atraves-da-oracao\/\" target=\"_blank\" rel=\"noopener noreferrer\">Mudando o mundo atrav\u00e9s da ora\u00e7\u00e3o<\/a><\/p>\n<p>&nbsp;<\/p>\n<p><strong>CAPA<\/strong> \u2013 <em>Aprendendo a orar com o Pai-Nosso<\/em>, por Mariana Furst Viza<br \/>\n<a href=\"http:\/\/ultimato.com.br\/sites\/blogdaultimato\/2017\/09\/03\/a-melhor-oracao-de-todas\/\" target=\"_blank\" rel=\"noopener noreferrer\">A melhor ora\u00e7\u00e3o de todas<\/a><\/p>\n<p>&nbsp;<\/p>\n<p><strong>CAPA<\/strong> \u2013 <em>Todos a uma voz: orando com os salmos<\/em>, por Davi Chang Ribeiro Lin<br \/>\n<a href=\"https:\/\/ultimato.com.br\/sites\/estudos-biblicos\/assunto\/vida-crista\/oracao-e-maturidade-espiritual-meu-colo-minha-vida\/\" target=\"_blank\" rel=\"noopener noreferrer\">Ora\u00e7\u00e3o e maturidade espiritual: meu colo, minha vida!<\/a><\/p>\n<p>&nbsp;<\/p>\n<p><strong>O CAMINHO DO CORA\u00c7\u00c3O<\/strong> \u2013 <em>A serenidade da alma<\/em>, por Ricardo Barbosa<br \/>\n<a href=\"https:\/\/www.ultimato.com.br\/conteudo\/como-cultivar-o-silencio-em-uma-sociedade-barulhenta\" target=\"_blank\" rel=\"noopener noreferrer\">Como cultivar o sil\u00eancio em uma sociedade barulhenta<\/a><\/p>\n<p>&nbsp;<\/p>\n<p><strong>REDESCOBRINDO A PALAVRA DE DEUS<\/strong> \u2013 <em>\u201cAquiete-se! Acalme-se!\u201d<\/em>, por Valdir Steuernagel<br \/>\n<a href=\"https:\/\/ultimato.com.br\/sites\/estudos-biblicos\/assunto\/vida-crista\/o-poder-do-nao-poder\/\" target=\"_blank\" rel=\"noopener noreferrer\">O poder do \u201cn\u00e3o poder\u201d<\/a><\/p>\n<p>&nbsp;<\/p>\n<p><strong>CAMINHOS DA MISS\u00c3O<\/strong> \u2013 <em>Miss\u00f5es globais hoje<\/em>, por Bijoy Koshi<br \/>\n<a href=\"https:\/\/www.ultimato.com.br\/conteudo\/as-cinco-marcas-da-missao\" target=\"_blank\" rel=\"noopener noreferrer\">As cinco marcas da miss\u00e3o<\/a><\/p>\n<p>&nbsp;<\/p>\n<p><strong>ALTOS PAPOS<\/strong> \u2013 <em>A esclerose m\u00faltipla n\u00e3o me impediu de prosseguir<\/em><br \/>\n<a href=\"https:\/\/www.ultimato.com.br\/editora\/conteudo\/para-melhor-ouvir-a-dor-do-outro\" target=\"_blank\" rel=\"noopener noreferrer\">Para melhor ouvir a dor do outro<\/a><\/p>\n<p>&nbsp;<\/p>\n<p><strong>FAM\u00cdLIA<\/strong> \u2013 <em>Morte na fam\u00edlia<\/em>, por Catito e Dagmar<br \/>\n<a href=\"https:\/\/ultimato.com.br\/sites\/john-stott\/2018\/10\/30\/os-cristaos-e-a-morte\/\" target=\"_blank\" rel=\"noopener noreferrer\">Os crist\u00e3os e a morte<\/a><\/p>\n<p>&nbsp;<\/p>\n<p><strong>REFLEX\u00c3O<\/strong> \u2013 <em>O poder de um prop\u00f3sito<\/em>, por Ed Ren\u00e9 Kivitz<br \/>\n<a href=\"https:\/\/www.ultimato.com.br\/revista\/artigos\/343\/o-amor-e-o-sentido-da-vida\" target=\"_blank\" rel=\"noopener noreferrer\">O amor e o sentido da vida<\/a><\/p>\n<p>&nbsp;<\/p>\n<p><strong>HIST\u00d3RIA<\/strong> \u2013 <em>A ora\u00e7\u00e3o na hist\u00f3ria crist\u00e3<\/em>, por Alderi S. Matos<br \/>\n<a href=\"https:\/\/www.ultimato.com.br\/conteudo\/a-devocao-do-coracao-a-deus\" target=\"_blank\" rel=\"noopener noreferrer\">A devo\u00e7\u00e3o do cora\u00e7\u00e3o a Deus<\/a><\/p>\n<p>&nbsp;<\/p>\n<p><strong>REFLEX\u00c3O<\/strong> \u2013 A cultura divorciada da religi\u00e3o, por Br\u00e1ulia Ribeiro<br \/>\n<a href=\"https:\/\/www.ultimato.com.br\/revista\/artigos\/347\/a-cultura-esta-nossa-inimiga\" target=\"_blank\" rel=\"noopener noreferrer\">A cultura, esta nossa inimiga<\/a><\/p>\n<p>&nbsp;<\/p>\n<p><strong>\u00c9TICA<\/strong> \u2013 <em>As frases mais chocantes da B\u00edblia\u2026 para nossa \u00e9poca<\/em>, por Paul Freston<br \/>\n<a href=\"http:\/\/ultimato.com.br\/sites\/estudos-biblicos\/assunto\/igreja\/etica-do-comportamento-cristao\/\" target=\"_blank\" rel=\"noopener noreferrer\">\u00c9tica do comportamento crist\u00e3o<\/a><\/p>\n<p>&nbsp;<\/p>\n<p><strong>VAMOS LER<\/strong><br \/>\nLeia a resenha destes livros em <a href=\"http:\/\/ultimato.com.br\/ultimas\/assunto\/arte-cultura\" target=\"_blank\" rel=\"noopener noreferrer\">ultimato.com.br\/ultimas\/assunto\/arte-cultura<\/a><\/p>\n<p>&nbsp;<\/p>\n<p><strong>ACONTECEU COMIGO<\/strong> \u2013 <em>Encontrando a Palavra de Deus!<\/em>, por Jos\u00e9 Cambraia<br \/>\n<a href=\"https:\/\/www.ultimato.com.br\/conteudo\/crer-em-cristo-e-o-que-ha-de-mais-valioso\" target=\"_blank\" rel=\"noopener noreferrer\">Crer em Cristo \u00e9 o que h\u00e1 de mais valioso<\/a><\/p>\n<p>&nbsp;<\/p>\n<p><strong>PONTO FINAL<\/strong> \u2013 <em>O retorno \u00e0 comunidade de pessoas de carne e osso<\/em>, por Rubem Amorese<br \/>\n<a href=\"https:\/\/www.ultimato.com.br\/revista\/artigos\/354\/a-verdade-que-nao-mata-e-a-luz-que-nao-ofusca\" target=\"_blank\" rel=\"noopener noreferrer\">A verdade que n\u00e3o mata e a luz que n\u00e3o ofusca<\/a><\/p>\n","protected":false},"excerpt":{"rendered":"<p>Leia mais do que foi oferecido na edi\u00e7\u00e3o de&nbsp;janeiro\/fevereiro&nbsp;de Ultimato<br \/>\nUltimato oferece muito mais conte\u00fado para o leitor aprofundar-se nos assuntos de cada se\u00e7\u00e3o da revista. Nesta postagem voc\u00ea pode conhecer todo o conte\u00fado extra que foi divulgado na edi\u00e7\u00e3o de&nbsp;janeiro\/fevereiro&nbsp;de&nbsp;Ultimato. Aproveite!<br \/>\n&nbsp;<br \/>\nABERTURA \u2013 O Todo-Poderoso e as formiguinhas, por Elben C\u00e9sar<br \/>\nLegado Elben C\u00e9sar<br \/>\n&nbsp;<br \/>\nPASTORAIS \u2013 Por um [&#8230;]<\/p>\n","protected":false},"author":24,"featured_media":0,"comment_status":"open","ping_status":"open","sticky":false,"template":"","format":"standard","meta":{"ngg_post_thumbnail":0,"footnotes":""},"categories":[5153],"tags":[32231,5953,40052],"class_list":["post-14150","post","type-post","status-publish","format-standard","hentry","category-prateleira","tag-mais-na-internet","tag-revista-ultimato","tag-ult-381"],"_links":{"self":[{"href":"https:\/\/ultimato.com.br\/sites\/blogdaultimato\/wp-json\/wp\/v2\/posts\/14150","targetHints":{"allow":["GET"]}}],"collection":[{"href":"https:\/\/ultimato.com.br\/sites\/blogdaultimato\/wp-json\/wp\/v2\/posts"}],"about":[{"href":"https:\/\/ultimato.com.br\/sites\/blogdaultimato\/wp-json\/wp\/v2\/types\/post"}],"author":[{"embeddable":true,"href":"https:\/\/ultimato.com.br\/sites\/blogdaultimato\/wp-json\/wp\/v2\/users\/24"}],"replies":[{"embeddable":true,"href":"https:\/\/ultimato.com.br\/sites\/blogdaultimato\/wp-json\/wp\/v2\/comments?post=14150"}],"version-history":[{"count":4,"href":"https:\/\/ultimato.com.br\/sites\/blogdaultimato\/wp-json\/wp\/v2\/posts\/14150\/revisions"}],"predecessor-version":[{"id":14273,"href":"https:\/\/ultimato.com.br\/sites\/blogdaultimato\/wp-json\/wp\/v2\/posts\/14150\/revisions\/14273"}],"wp:attachment":[{"href":"https:\/\/ultimato.com.br\/sites\/blogdaultimato\/wp-json\/wp\/v2\/media?parent=14150"}],"wp:term":[{"taxonomy":"category","embeddable":true,"href":"https:\/\/ultimato.com.br\/sites\/blogdaultimato\/wp-json\/wp\/v2\/categories?post=14150"},{"taxonomy":"post_tag","embeddable":true,"href":"https:\/\/ultimato.com.br\/sites\/blogdaultimato\/wp-json\/wp\/v2\/tags?post=14150"}],"curies":[{"name":"wp","href":"https:\/\/api.w.org\/{rel}","templated":true}]}}