{"id":13949,"date":"2019-10-24T09:27:02","date_gmt":"2019-10-24T11:27:02","guid":{"rendered":"http:\/\/ultimato.com.br\/sites\/blogdaultimato\/?p=13949"},"modified":"2019-11-04T10:38:34","modified_gmt":"2019-11-04T12:38:34","slug":"esta-cansado-que-carga-voce-carrega","status":"publish","type":"post","link":"https:\/\/ultimato.com.br\/sites\/blogdaultimato\/2019\/10\/24\/esta-cansado-que-carga-voce-carrega\/","title":{"rendered":"Est\u00e1 cansado? Que carga voc\u00ea carrega?"},"content":{"rendered":"<p><a href=\"http:\/\/ultimato.com.br\/sites\/blogdaultimato\/files\/2019\/10\/blog_ult_24_10_19_peso.jpg\" class=\"lightview\" data-lightview-group=\"group-13949\" data-lightview-options=\"skin: 'dark', controls: 'relative', padding: '10', shadow: { color: '#000000', opacity: 0.08, blur: 3 }\" data-lightview-title=\"Freeimages\"><img loading=\"lazy\" decoding=\"async\" class=\"alignright wp-image-13980 size-medium\" title=\"Freeimages\" src=\"http:\/\/ultimato.com.br\/sites\/blogdaultimato\/files\/2019\/10\/blog_ult_24_10_19_peso-225x300.jpg\" alt=\"\" width=\"225\" height=\"300\" srcset=\"https:\/\/ultimato.com.br\/sites\/blogdaultimato\/files\/2019\/10\/blog_ult_24_10_19_peso-225x300.jpg 225w, https:\/\/ultimato.com.br\/sites\/blogdaultimato\/files\/2019\/10\/blog_ult_24_10_19_peso-768x1024.jpg 768w, https:\/\/ultimato.com.br\/sites\/blogdaultimato\/files\/2019\/10\/blog_ult_24_10_19_peso-732x976.jpg 732w, https:\/\/ultimato.com.br\/sites\/blogdaultimato\/files\/2019\/10\/blog_ult_24_10_19_peso-1140x1520.jpg 1140w, https:\/\/ultimato.com.br\/sites\/blogdaultimato\/files\/2019\/10\/blog_ult_24_10_19_peso.jpg 1200w\" sizes=\"auto, (max-width: 225px) 100vw, 225px\" \/><\/a><\/p>\n<p>O cansa\u00e7o \u00e9 inerente \u00e0 vida, est\u00e1 l\u00e1 na senten\u00e7a do \u00c9den: \u201cCom fadigas comer\u00e1s dela todas os dias\u201d (Gn 3.17)<sup>1<\/sup>. E n\u00e3o se trata apenas de fadiga f\u00edsica. Como lembra Stott: \u201cSomos criaturas pneumato-psicossom\u00e1ticas, porque somos corpo, mente e esp\u00edrito. N\u00e3o \u00e9 f\u00e1cil entendermos a inter-rela\u00e7\u00e3o entre estes tr\u00eas elementos, mas sabemos que a condi\u00e7\u00e3o de um afeta os outros\u201d<sup>2<\/sup>.<\/p>\n<p>As Escrituras registram como personagens b\u00edblicos reagiram a diferentes experi\u00eancias de cansa\u00e7o. Quando desabafamos sobre como nos sentimos em tempos de exaust\u00e3o, fazemos coro com Rebeca, J\u00f3, Davi, Salom\u00e3o, Asafe, Isa\u00edas, Jeremias, Elias e tantos outros. A B\u00edblia tamb\u00e9m est\u00e1 repleta de promessas dirigidas aos cansados (\u201cDeus fortalece o cansado e d\u00e1 grande vigor ao que est\u00e1 sem for\u00e7as\u201d, Is 40.29) e de recomenda\u00e7\u00f5es sobre como viver com sabedoria para evitar o cansa\u00e7o (\u201cN\u00e3o andeis ansiosos de coisa alguma\u201d, Fl 4.6). A fiel observ\u00e2ncia do dia de descanso nos levaria a prevenir muitas situa\u00e7\u00f5es de fadiga.<\/p>\n<p>\u00c9 louv\u00e1vel que segmentos da igreja crist\u00e3 no Brasil e no mundo \u2013 alarmados com o n\u00famero de pastores e l\u00edderes que sofrem com cansa\u00e7o, esgotamento, s\u00edndrome de Burnout e, at\u00e9 mesmo, suic\u00eddio \u2013 tenham despertado para o cuidado de sua lideran\u00e7a. Essa pauta est\u00e1 sendo cada vez mais acatada por igrejas e organiza\u00e7\u00f5es e traduzida em reflex\u00f5es e programas.<\/p>\n<p>N\u00e3o estamos livres do cansa\u00e7o. Precisamos resgatar os textos b\u00edblicos em que os cansados s\u00e3o desafiados a resistir, a persistir na esperan\u00e7a e a se cuidarem.<\/p>\n<p><img loading=\"lazy\" decoding=\"async\" class=\" wp-image-13982 alignright\" src=\"http:\/\/ultimato.com.br\/sites\/blogdaultimato\/files\/2019\/10\/Capa_ult380-231x300.jpg\" alt=\"\" width=\"122\" height=\"159\" srcset=\"https:\/\/ultimato.com.br\/sites\/blogdaultimato\/files\/2019\/10\/Capa_ult380-231x300.jpg 231w, https:\/\/ultimato.com.br\/sites\/blogdaultimato\/files\/2019\/10\/Capa_ult380.jpg 350w\" sizes=\"auto, (max-width: 122px) 100vw, 122px\" \/><\/p>\n<p>E voc\u00ea, est\u00e1 cansado de qu\u00ea? Que carga pesada est\u00e1 carregando?<\/p>\n<p>O convite de Jesus \u00e9 para todos: \u201cVinde a mim todos os que estais cansados de carregar suas pesadas cargas, e Eu vos darei descanso. [&#8230;] Pois meu jugo \u00e9 bom e minha carga \u00e9 leve\u201d (Mt 11.28)<sup>3<\/sup>.<\/p>\n<p>&nbsp;<\/p>\n<h6><strong>Notas<\/strong><\/h6>\n<h6>1. Jairo Fridlin e David Gorodovits. <em>Tanah Completo<\/em> \u2013 hebraico e portugu\u00eas.<\/h6>\n<h6>2. John Stott. <a href=\"https:\/\/ultimato.com.br\/sites\/john-stott\/2016\/12\/08\/a-disciplina-do-descanso-e-do-relaxamento\/\" target=\"_blank\" rel=\"noopener noreferrer\"><em>A disciplina do descanso e do relaxamento<\/em><\/a>.<\/h6>\n<h6>3. B\u00edblia King James.<\/h6>\n<p>&nbsp;<\/p>\n<pre>Texto originalmente publicado na mat\u00e9ria de capa da edi\u00e7\u00e3o <a href=\"https:\/\/www.ultimato.com.br\/revista\/380\" target=\"_blank\" rel=\"noopener noreferrer\">380<\/a> da revista <strong>Ultimato<\/strong>.<\/pre>\n","protected":false},"excerpt":{"rendered":"<p>O cansa\u00e7o \u00e9 inerente \u00e0 vida, est\u00e1 l\u00e1 na senten\u00e7a do \u00c9den: \u201cCom fadigas comer\u00e1s dela todas os dias\u201d (Gn 3.17)1. E n\u00e3o se trata apenas de fadiga f\u00edsica. Como lembra Stott: \u201cSomos criaturas pneumato-psicossom\u00e1ticas, porque somos corpo, mente e esp\u00edrito. N\u00e3o \u00e9 f\u00e1cil entendermos a inter-rela\u00e7\u00e3o entre estes tr\u00eas elementos, mas sabemos que a [&#8230;]<\/p>\n","protected":false},"author":21,"featured_media":0,"comment_status":"open","ping_status":"open","sticky":false,"template":"","format":"standard","meta":{"ngg_post_thumbnail":0,"footnotes":""},"categories":[5153],"tags":[32597,32,39335],"class_list":["post-13949","post","type-post","status-publish","format-standard","hentry","category-prateleira","tag-cansaco","tag-reflexoes","tag-sobrecarga"],"_links":{"self":[{"href":"https:\/\/ultimato.com.br\/sites\/blogdaultimato\/wp-json\/wp\/v2\/posts\/13949","targetHints":{"allow":["GET"]}}],"collection":[{"href":"https:\/\/ultimato.com.br\/sites\/blogdaultimato\/wp-json\/wp\/v2\/posts"}],"about":[{"href":"https:\/\/ultimato.com.br\/sites\/blogdaultimato\/wp-json\/wp\/v2\/types\/post"}],"author":[{"embeddable":true,"href":"https:\/\/ultimato.com.br\/sites\/blogdaultimato\/wp-json\/wp\/v2\/users\/21"}],"replies":[{"embeddable":true,"href":"https:\/\/ultimato.com.br\/sites\/blogdaultimato\/wp-json\/wp\/v2\/comments?post=13949"}],"version-history":[{"count":7,"href":"https:\/\/ultimato.com.br\/sites\/blogdaultimato\/wp-json\/wp\/v2\/posts\/13949\/revisions"}],"predecessor-version":[{"id":14034,"href":"https:\/\/ultimato.com.br\/sites\/blogdaultimato\/wp-json\/wp\/v2\/posts\/13949\/revisions\/14034"}],"wp:attachment":[{"href":"https:\/\/ultimato.com.br\/sites\/blogdaultimato\/wp-json\/wp\/v2\/media?parent=13949"}],"wp:term":[{"taxonomy":"category","embeddable":true,"href":"https:\/\/ultimato.com.br\/sites\/blogdaultimato\/wp-json\/wp\/v2\/categories?post=13949"},{"taxonomy":"post_tag","embeddable":true,"href":"https:\/\/ultimato.com.br\/sites\/blogdaultimato\/wp-json\/wp\/v2\/tags?post=13949"}],"curies":[{"name":"wp","href":"https:\/\/api.w.org\/{rel}","templated":true}]}}