{"id":13684,"date":"2019-10-18T10:31:08","date_gmt":"2019-10-18T12:31:08","guid":{"rendered":"http:\/\/ultimato.com.br\/sites\/blogdaultimato\/?p=13684"},"modified":"2019-10-29T12:25:02","modified_gmt":"2019-10-29T14:25:02","slug":"conheca-o-projeto-que-promove-rodas-de-leitura-na-igreja","status":"publish","type":"post","link":"https:\/\/ultimato.com.br\/sites\/blogdaultimato\/2019\/10\/18\/conheca-o-projeto-que-promove-rodas-de-leitura-na-igreja\/","title":{"rendered":"Conhe\u00e7a o projeto que promove rodas de leitura na igreja"},"content":{"rendered":"<p><a href=\"http:\/\/ultimato.com.br\/sites\/blogdaultimato\/files\/2019\/10\/blog_ult_rodas_leitura_IBBT.jpg\" class=\"lightview\" data-lightview-group=\"group-13684\" data-lightview-options=\"skin: 'dark', controls: 'relative', padding: '10', shadow: { color: '#000000', opacity: 0.08, blur: 3 }\"><img loading=\"lazy\" decoding=\"async\" class=\"alignright wp-image-13688\" src=\"http:\/\/ultimato.com.br\/sites\/blogdaultimato\/files\/2019\/10\/blog_ult_rodas_leitura_IBBT-300x142.jpg\" alt=\"\" width=\"300\" height=\"142\" srcset=\"https:\/\/ultimato.com.br\/sites\/blogdaultimato\/files\/2019\/10\/blog_ult_rodas_leitura_IBBT-300x142.jpg 300w, https:\/\/ultimato.com.br\/sites\/blogdaultimato\/files\/2019\/10\/blog_ult_rodas_leitura_IBBT-768x364.jpg 768w, https:\/\/ultimato.com.br\/sites\/blogdaultimato\/files\/2019\/10\/blog_ult_rodas_leitura_IBBT-1024x485.jpg 1024w, https:\/\/ultimato.com.br\/sites\/blogdaultimato\/files\/2019\/10\/blog_ult_rodas_leitura_IBBT-732x347.jpg 732w, https:\/\/ultimato.com.br\/sites\/blogdaultimato\/files\/2019\/10\/blog_ult_rodas_leitura_IBBT.jpg 1032w\" sizes=\"auto, (max-width: 300px) 100vw, 300px\" \/><\/a>A Igreja Batista de Bar\u00e3o da Taquara, localizada no bairro de Jacarepagu\u00e1, Rio de Janeiro, est\u00e1 completando 80 anos de organiza\u00e7\u00e3o. Segundo o pastor Carlos Cesar Novaes, Bar\u00e3o da Taquara tornou-se uma igreja de marcante refer\u00eancia na denomina\u00e7\u00e3o Batista e na obra do reino de Deus como um todo.<\/p>\n<p>Desde o in\u00edcio de 2019, a comunidade iniciou um projeto de leitura entre os membros. As Rodas de Leitura prop\u00f5em que o grupo leia um livro por m\u00eas. Entre ois t\u00edtulos j\u00e1 lidos est\u00e3o <a href=\"https:\/\/www.ultimato.com.br\/loja\/produtos\/a-missao-crista-no-mundo-moderno\" target=\"_blank\" rel=\"noopener noreferrer\"><em>A Miss\u00e3o Crist\u00e3 no Mundo Moderno<\/em><\/a>, <a href=\"https:\/\/www.ultimato.com.br\/loja\/produtos\/a-espiritualidade-o-evangelho-e-a-igreja\" target=\"_blank\" rel=\"noopener noreferrer\"><em>A Espiritualidade, o Evangelho e a Igreja<\/em><\/a>, <a href=\"https:\/\/www.ultimato.com.br\/loja\/produtos\/nao-perca-jesus-de-vista\" target=\"_blank\" rel=\"noopener noreferrer\"><em>N\u00e3o Perca Jesus de Vista<\/em><\/a> e <a href=\"https:\/\/www.ultimato.com.br\/loja\/produtos\/trabalho-descanso-e-dinheiro\" target=\"_blank\" rel=\"noopener noreferrer\"><em>Trabalho, Descanso e Dinheiro<\/em><\/a>, da Ultimato.<\/p>\n<p>Em entrevista a seguir, o pastor Carlos explica como funciona essa iniciativa e conta sobre os frutos que a igreja j\u00e1 colheu.<\/p>\n<p>&nbsp;<\/p>\n<h4><strong>Como funciona a Roda de Leitura?<\/strong><\/h4>\n<p>No in\u00edcio de cada m\u00eas, divulgamos o livro que ser\u00e1 lido e, na \u00faltima quarta-feira daquele m\u00eas, reunimos os leitores para conversar sobre o que leram, ouvir sua opini\u00e3o, coment\u00e1rios e observa\u00e7\u00f5es. Iniciamos as rodas de leitura em mar\u00e7o deste ano e seguimos at\u00e9 novembro. Foram nove livros lidos e tivemos nove encontros para discuss\u00e3o e debate. Prosseguiremos em 2020 focalizando diversos livros de um mesmo autor e livros de enfoques diferentes a respeito do mesmo tema.<\/p>\n<p>&nbsp;<\/p>\n<h4><strong>Por que ler em grupo e na igreja?<\/strong><\/h4>\n<p>Considero a leitura a \u00fanica formadora completa de conte\u00fado. Tenho dito que para emitir opini\u00f5es, participar de conversas e expressar pensamentos, as pessoas precisam de conte\u00fado. V\u00eddeos, filmes, viagens e artes em geral contribuem, sim, para nosso desenvolvimento intelectual e cultural. Mas s\u00f3 a leitura concede conte\u00fado. \u00c9 simples assim: quem l\u00ea tem conte\u00fado; quem n\u00e3o l\u00ea, n\u00e3o tem. Numa \u00e9poca em que as pessoas usam as redes sociais para debater ideias, \u00e9 preciso que essas ideias sejam bem firmadas e possuam consist\u00eancia e coer\u00eancia. A leitura fornece isso. Nem sempre possuir diploma universit\u00e1rio garante que a pessoa tenha conte\u00fado. Como lembrava o educador e antrop\u00f3logo Darci Ribeiro: ler \u00e9 mais importante que receber um diploma. E eu concordo.<\/p>\n<p>&nbsp;<\/p>\n<h4><strong>Qual \u00e9 o perfil do grupo que se re\u00fane para ler?<\/strong><\/h4>\n<p>Basicamente, o grupo \u00e9 formado por nossos congregados. Mas h\u00e1 pessoas de outras proced\u00eancias que se agregaram \u00e0 Roda de Leitura. Temos gente graduada e gente com pouca forma\u00e7\u00e3o escolar. Temos l\u00edderes engajados na estrutura eclesi\u00e1stica e temos pessoas sem atribui\u00e7\u00f5es espec\u00edficas. H\u00e1 gente mais jovem e mais madura. \u00c9 um agrupamento bastante ecl\u00e9tico, unido pelo comum interesse na leitura.<\/p>\n<p>&nbsp;<\/p>\n<h4><strong>H\u00e1 como medir ou citar \u201cresultados\u201d da leitura dos livros?<\/strong><\/h4>\n<p><img loading=\"lazy\" decoding=\"async\" class=\"wp-image-13829 alignright\" src=\"http:\/\/ultimato.com.br\/sites\/blogdaultimato\/files\/2019\/10\/blog_ult_rodas_leitura_IBBT2-300x142.jpg\" alt=\"\" width=\"319\" height=\"151\" srcset=\"https:\/\/ultimato.com.br\/sites\/blogdaultimato\/files\/2019\/10\/blog_ult_rodas_leitura_IBBT2-300x142.jpg 300w, https:\/\/ultimato.com.br\/sites\/blogdaultimato\/files\/2019\/10\/blog_ult_rodas_leitura_IBBT2-768x364.jpg 768w, https:\/\/ultimato.com.br\/sites\/blogdaultimato\/files\/2019\/10\/blog_ult_rodas_leitura_IBBT2-1024x485.jpg 1024w, https:\/\/ultimato.com.br\/sites\/blogdaultimato\/files\/2019\/10\/blog_ult_rodas_leitura_IBBT2-732x347.jpg 732w, https:\/\/ultimato.com.br\/sites\/blogdaultimato\/files\/2019\/10\/blog_ult_rodas_leitura_IBBT2.jpg 1032w\" sizes=\"auto, (max-width: 319px) 100vw, 319px\" \/><\/p>\n<p style=\"text-align: left;\">Isso era uma coisa a respeito da qual eu tinha bastante curiosidade. Quando formamos a Roda de Leitura, eu me perguntava: &#8220;Como esse pessoal vai reagir?&#8221;. E foi muito agrad\u00e1vel e compensador ver como demonstraram gosto pela leitura, desejo de opinar sobre o que liam e participa\u00e7\u00e3o no programa de aquisi\u00e7\u00e3o dos livros. J\u00e1 me dou por satisfeito se esses encontros serviram para despertar o gosto por ler.<\/p>\n<p>&nbsp;<\/p>\n<h4><strong>Em m\u00e9dia, quantas pessoas j\u00e1 participaram das rodas de leitura?<\/strong><\/h4>\n<p>Temos tido uma m\u00e9dia de 130 a 140 leitores interessados na aquisi\u00e7\u00e3o e leitura dos livros divulgados.<\/p>\n<p>&nbsp;<\/p>\n<h4><strong>Algum livro da Ultimato impactou o grupo de forma especial?<\/strong><\/h4>\n<p>J\u00e1 usamos diversos livros da Ultimato, porque s\u00e3o ao mesmo tempo abrangentes quanto \u00e0 tem\u00e1tica crist\u00e3 e acess\u00edveis em rela\u00e7\u00e3o a pre\u00e7os. \u00c9 claro que um cl\u00e1ssico como John Stott, ou um te\u00f3logo bem articulado como Dion\u00edsio Pape (autor de <a href=\"http:\/\/ultimato.com.br\/loja\/produtos\/cristo-e-o-senhor\"><em>Cristo \u00e9 o Senhor<\/em><\/a>, da ABU Editora), marcam de modo especial. Al\u00e9m de serem teologicamente bem elaborados, os livros desses autores continuam tratando de temas contempor\u00e2neos e atuais.<\/p>\n<p>&nbsp;<\/p>\n<p>\u2022 <strong>Carlos Cesar Novaes<\/strong> \u00e9 pastor da Igreja Batista de Bar\u00e3o da Taquara e professor do Semin\u00e1rio Teol\u00f3gico Batista do Sul do Brasil.<\/p>\n<p>&nbsp;<\/p>\n<p><strong>Leia mais:\u00a0<\/strong><br \/>\n\u00bb\u00a0<a href=\"https:\/\/ultimato.com.br\/sites\/estudos-biblicos\/assunto\/vida-crista\/pratica-da-leitura-da-biblia\/\" target=\"_blank\" rel=\"noopener noreferrer\">Pr\u00e1tica da Leitura da B\u00edblia | Estudo b\u00edblico<\/a><br \/>\n\u00bb <a href=\"https:\/\/www.ultimato.com.br\/conteudo\/10-dicas-para-os-pastores-incentivarem-a-leitura-em-suas-igrejas\" target=\"_blank\" rel=\"noopener noreferrer\">10 dicas para os pastores incentivarem a leitura em suas igrejas<\/a><\/p>\n<p>&nbsp;<\/p>\n","protected":false},"excerpt":{"rendered":"<p>A Igreja Batista de Bar\u00e3o da Taquara, localizada no bairro de Jacarepagu\u00e1, Rio de Janeiro, est\u00e1 completando 80 anos de organiza\u00e7\u00e3o. Segundo o pastor Carlos Cesar Novaes, Bar\u00e3o da Taquara tornou-se uma igreja de marcante refer\u00eancia na denomina\u00e7\u00e3o Batista e na obra do reino de Deus como um todo.<br \/>\nDesde o in\u00edcio de 2019, a comunidade [&#8230;]<\/p>\n","protected":false},"author":21,"featured_media":0,"comment_status":"open","ping_status":"open","sticky":false,"template":"","format":"standard","meta":{"ngg_post_thumbnail":0,"footnotes":""},"categories":[5153],"tags":[19286,25,8420,136,40035],"class_list":["post-13684","post","type-post","status-publish","format-standard","hentry","category-prateleira","tag-igreja-em-acao","tag-leitura","tag-lideranca","tag-livros","tag-rodas-de-leitura"],"_links":{"self":[{"href":"https:\/\/ultimato.com.br\/sites\/blogdaultimato\/wp-json\/wp\/v2\/posts\/13684","targetHints":{"allow":["GET"]}}],"collection":[{"href":"https:\/\/ultimato.com.br\/sites\/blogdaultimato\/wp-json\/wp\/v2\/posts"}],"about":[{"href":"https:\/\/ultimato.com.br\/sites\/blogdaultimato\/wp-json\/wp\/v2\/types\/post"}],"author":[{"embeddable":true,"href":"https:\/\/ultimato.com.br\/sites\/blogdaultimato\/wp-json\/wp\/v2\/users\/21"}],"replies":[{"embeddable":true,"href":"https:\/\/ultimato.com.br\/sites\/blogdaultimato\/wp-json\/wp\/v2\/comments?post=13684"}],"version-history":[{"count":34,"href":"https:\/\/ultimato.com.br\/sites\/blogdaultimato\/wp-json\/wp\/v2\/posts\/13684\/revisions"}],"predecessor-version":[{"id":14011,"href":"https:\/\/ultimato.com.br\/sites\/blogdaultimato\/wp-json\/wp\/v2\/posts\/13684\/revisions\/14011"}],"wp:attachment":[{"href":"https:\/\/ultimato.com.br\/sites\/blogdaultimato\/wp-json\/wp\/v2\/media?parent=13684"}],"wp:term":[{"taxonomy":"category","embeddable":true,"href":"https:\/\/ultimato.com.br\/sites\/blogdaultimato\/wp-json\/wp\/v2\/categories?post=13684"},{"taxonomy":"post_tag","embeddable":true,"href":"https:\/\/ultimato.com.br\/sites\/blogdaultimato\/wp-json\/wp\/v2\/tags?post=13684"}],"curies":[{"name":"wp","href":"https:\/\/api.w.org\/{rel}","templated":true}]}}