{"id":13410,"date":"2019-09-03T11:00:00","date_gmt":"2019-09-03T13:00:00","guid":{"rendered":"http:\/\/ultimato.com.br\/sites\/blogdaultimato\/?p=13410"},"modified":"2019-09-16T09:54:37","modified_gmt":"2019-09-16T11:54:37","slug":"recursos-sobre-criancas","status":"publish","type":"post","link":"https:\/\/ultimato.com.br\/sites\/blogdaultimato\/2019\/09\/03\/recursos-sobre-criancas\/","title":{"rendered":"A crian\u00e7a, a igreja e a sociedade"},"content":{"rendered":"<h6><span style=\"color: #993300;\">*Conte\u00fado oferecido como \u201cMais na Internet\u201d na <a style=\"color: #993300;\" href=\"https:\/\/www.ultimato.com.br\/revista\/378\" target=\"_blank\" rel=\"noopener noreferrer\">edi\u00e7\u00e3o 379 (setembro-outubro)<\/a> de <strong>Ultimato<\/strong>.<\/span><\/h6>\n<p>&nbsp;<\/p>\n<p><img loading=\"lazy\" decoding=\"async\" class=\"alignright wp-image-13511 size-medium\" title=\"Foto: Ben Wicks | unsplash.com\/@profwicks\" src=\"http:\/\/ultimato.com.br\/sites\/blogdaultimato\/files\/2019\/09\/blog_ult_03_09_19_recursos_criancas-300x222.jpg\" alt=\"\" width=\"300\" height=\"222\" srcset=\"https:\/\/ultimato.com.br\/sites\/blogdaultimato\/files\/2019\/09\/blog_ult_03_09_19_recursos_criancas-300x222.jpg 300w, https:\/\/ultimato.com.br\/sites\/blogdaultimato\/files\/2019\/09\/blog_ult_03_09_19_recursos_criancas.jpg 500w\" sizes=\"auto, (max-width: 300px) 100vw, 300px\" \/>A crian\u00e7a n\u00e3o pode passar despercebida, seja em nossa reflex\u00e3o social e teol\u00f3gica, seja em nossa viv\u00eancia familiar e comunit\u00e1ria.<\/p>\n<p>Quais barreiras impedem as crian\u00e7as de desenvolverem sua f\u00e9 em Jesus Cristo? Como trabalhar as capacidades e qualidades das crian\u00e7as em fam\u00edlia e na igreja? Como uma igreja local pode tornar seu ambiente mais seguro e acolhedor para as crian\u00e7as?<\/p>\n<p>Neste post oferecemos uma s\u00e9rie de recursos para pais, educadores e intercessores de crian\u00e7as.<\/p>\n<p>&nbsp;<\/p>\n<h4><strong>Artigos<\/strong><\/h4>\n<blockquote><p><a href=\"https:\/\/www.ultimato.com.br\/revista\/artigos\/333\/tornar-se-crianca\">Tornar-se crian\u00e7a<\/a>\u00a0| Ricardo Barbosa<\/p>\n<p>Ao tomar uma crian\u00e7a como exemplo daqueles que entrar\u00e3o no reino dos c\u00e9us, Jesus n\u00e3o tem em mente as imagina\u00e7\u00f5es rom\u00e2nticas que n\u00f3s, adultos, temos da inf\u00e2ncia. Mesmo porque o reino dos c\u00e9us n\u00e3o ser\u00e1 herdado por adultos infantilizados.<\/p><\/blockquote>\n<blockquote><p><a href=\"https:\/\/www.ultimato.com.br\/conteudo\/por-que-devemos-orar-pelas-criancas\">Por que devemos orar pelas crian\u00e7as<\/a>\u00a0| Dan Brewster<\/p>\n<p>Todas as crian\u00e7as est\u00e3o em risco hoje em dia. Milh\u00f5es sofrem com a pobreza e outros milh\u00f5es sofrem com os efeitos da prosperidade. Estas t\u00eam tudo para viver, mas nada pelo que viver.<\/p><\/blockquote>\n<blockquote><p><a href=\"https:\/\/www.ultimato.com.br\/conteudo\/pequenos-intercessores\">Pequenos intercessores<\/a>\u00a0| Wess Stafford<\/p>\n<p>Durante o per\u00edodo comunista na Alb\u00e2nia, no final dos anos 80, as transmiss\u00f5es de r\u00e1dio e televis\u00e3o do mundo ocidental eram restritas em todo o pa\u00eds. Certo dia, um pequeno grupo de crian\u00e7as estava brincando em um s\u00f3t\u00e3o e encontrou um r\u00e1dio velho. De algum modo, elas o fizeram funcionar e conseguiram sintonizar uma r\u00e1dio crist\u00e3!<\/p><\/blockquote>\n<blockquote><p><a href=\"https:\/\/www.ultimato.com.br\/conteudo\/evangelicos-que-abusam-de-criancas\">Evang\u00e9licos que abusam de crian\u00e7as<\/a>\u00a0| Elsie Gilbert<\/p>\n<p>L\u00e1 longe, aqui perto, o problema est\u00e1 em todo lugar! \u00c9 poss\u00edvel combater o abuso sexual de crian\u00e7as perpetrado por pessoas envolvidas em minist\u00e9rio pastoral ou ministerial?<\/p><\/blockquote>\n<blockquote><p><a href=\"https:\/\/www.ultimato.com.br\/conteudo\/vendo-deus-na-crianca\">Vendo Deus na crian\u00e7a<\/a>\u00a0| Carlos Queir\u00f3z e Liss\u00e2nder Dias<\/p>\n<p>Quando pensamos em perfeito louvor, pensamos em liturgia. Mas o Salmo 8 fala de crian\u00e7as que ainda n\u00e3o falam. A crian\u00e7a anuncia a gl\u00f3ria de Deus sem palavras. N\u00e3o \u00e9 uma manifesta\u00e7\u00e3o baseada na oralidade.<\/p><\/blockquote>\n<blockquote><p><a href=\"https:\/\/www.ultimato.com.br\/revista\/artigos\/336\/por-amor-a-nossas-criancas\">Por amor a nossas crian\u00e7as<\/a>\u00a0| Alderi S. de Matos<\/p>\n<p>No Brasil, \u00e9 proibido mostrar o rosto de uma crian\u00e7a na m\u00eddia, mas ningu\u00e9m se importa se essa mesma crian\u00e7a mora na rua, revira latas de lixo, cheira cola, se entrega ao crime e \u00e0 prostitui\u00e7\u00e3o. As consequ\u00eancias s\u00e3o dolorosas, para esses menores e para a sociedade.<\/p><\/blockquote>\n<p>&nbsp;<\/p>\n<h4><strong>Estudos B\u00edblicos<\/strong><\/h4>\n<blockquote><p><a href=\"https:\/\/ultimato.com.br\/sites\/estudos-biblicos\/assunto\/igreja\/a-crianca-a-igreja-e-a-sociedade\/\" target=\"_blank\" rel=\"noopener noreferrer\">A crian\u00e7a, a igreja e a sociedade<\/a><\/p>\n<p>Amamos nossas crian\u00e7as, levamos nossas crian\u00e7as \u00e0 igreja e compramos todos os \u2018tipos\u2019 de B\u00edblia para elas. Os judeus faziam o mesmo (Dt 6.1-9). Ainda assim, foram os disc\u00edpulos de Jesus que \u201cimpediram\u201d as crian\u00e7as. Quais barreiras impedem as crian\u00e7as de desenvolverem sua f\u00e9 em Jesus Cristo?<\/p><\/blockquote>\n<blockquote><p><a href=\"https:\/\/ultimato.com.br\/sites\/estudos-biblicos\/assunto\/vida-crista\/ser-crianca-e-coisa-de-gente-grande\/\" target=\"_blank\" rel=\"noopener noreferrer\">Ser crian\u00e7a \u00e9 coisa de gente grande!<\/a><\/p>\n<p>Na \u00e9poca de Jesus a \u201cposi\u00e7\u00e3o\u201d social ou \u201cstatus\u201d era determinada pelas suas posses ou desempenho. Hoje, como \u201cclassificamos\u201d as pessoas? Jesus escolheu as crian\u00e7as como modelo dos s\u00faditos que procura para seu Reino. O que podemos aprender?<\/p><\/blockquote>\n<blockquote><p><a href=\"https:\/\/ultimato.com.br\/sites\/estudos-biblicos\/assunto\/igreja\/a-fe-e-o-bem-estar-das-criancas-uma-relacao-de-causa-e-efeito\/\" target=\"_blank\" rel=\"noopener noreferrer\">A f\u00e9 e o bem-estar das crian\u00e7as \u2013 uma rela\u00e7\u00e3o de causa e efeito<\/a><\/p>\n<p>No meio da multid\u00e3o Jesus enxerga uma crian\u00e7a oprimida, queimada, atormentada. Os olhos de Jesus n\u00e3o priorizam as massas e sim o pequenino, subjugado pelo mal. Ser\u00e1 que Jesus se identifica com o menino que como crian\u00e7a carrega as marcas e o sofrimento decorrentes de uma sociedade corrupta?<\/p><\/blockquote>\n<p>&nbsp;<\/p>\n<h4><strong>Colet\u00e2neas<\/strong><\/h4>\n<blockquote><p><a href=\"http:\/\/ultimato.com.br\/sites\/blogdaultimato\/2018\/10\/11\/como-ensinar-as-criancas-no-caminho-do-senhor\/\" target=\"_blank\" rel=\"noopener noreferrer\">Como ensinar as crian\u00e7as no caminho do Senhor<\/a> | M\u00e1rcia Barbutti<\/p>\n<p>Celebra\u00e7\u00f5es especiais, leitura da B\u00edblia, tecnologia, \u00e9tica, bullying s\u00e3o alguns dos temas de artigos que buscam auxiliar o desenvolvimento da crian\u00e7a. Todos os conte\u00fados s\u00e3o acompanhados de dicas pr\u00e1ticas e materiais de apoio.<\/p><\/blockquote>\n<blockquote><p><a href=\"http:\/\/ultimato.com.br\/sites\/blogdaultimato\/2016\/08\/05\/redescobrindo-a-palavra-de-deus-artigos-de-valdir-steuernagel\/\" target=\"_blank\" rel=\"noopener noreferrer\">Teologia da Crian\u00e7a<\/a> | Valdir Steuernagel<\/p>\n<p>Reflex\u00f5es sobre a rela\u00e7\u00e3o de Deus com as crian\u00e7as na B\u00edblia \u2013 desde o mist\u00e9rio da encarna\u00e7\u00e3o at\u00e9 os pap\u00e9is de destaque que ele d\u00e1 a elas nas narrativas tanto do Antigo como do Novo Testamento.<\/p><\/blockquote>\n<p>&nbsp;<\/p>\n<h4><strong>Infogr\u00e1fico<\/strong><\/h4>\n<blockquote><p><a href=\"http:\/\/ultimato.com.br\/sites\/blogdaultimato\/2018\/01\/17\/inforgrafico-um-retrato-da-infancia-e-adolescencia-no-brasil\/\" target=\"_blank\" rel=\"noopener noreferrer\">Um retrato da inf\u00e2ncia (e adolesc\u00eancia) no Brasil<\/a><\/p>\n<p>Enaltecida na literatura, cantada na m\u00fasica, amada pelos pais, louvada pelos av\u00f3s, \u00e9 de surpreender que a crian\u00e7a viva num mundo t\u00e3o hostil. Essa hostilidade se revela de diferentes maneiras e atinge crian\u00e7as e adolescentes de modos.<\/p><\/blockquote>\n<p>&nbsp;<\/p>\n<h4><strong>Livros<\/strong><\/h4>\n<blockquote><p><a href=\"https:\/\/www.ultimato.com.br\/loja\/produtos\/a-crianca-a-igreja-e-a-missao\">A Crian\u00e7a, a Igreja e a Miss\u00e3o<\/a>\u00a0| Dan Brewster<\/p>\n<p>Por que Jesus gastaria tempo com as crian\u00e7as? Como e por que a igreja deveria fazer o mesmo? Dan Brewster\u00a0desafia os crist\u00e3os a colocarem a crian\u00e7a no centro \u2013 como Jesus fez com os seus disc\u00edpulos \u2013 e conversar sobre elas.<\/p><\/blockquote>\n<blockquote><p><a href=\"https:\/\/www.ultimato.com.br\/loja\/produtos\/uma-crianca-os-guiara\" target=\"_blank\" rel=\"noopener noreferrer\">Uma Crian\u00e7a os Guiar\u00e1<\/a>\u00a0| Kl\u00eania Fassoni, Liss\u00e2nder Dias e Welinton Pereira, org.<\/p>\n<p>A crian\u00e7a n\u00e3o pode passar despercebida, seja em nossa reflex\u00e3o social e teol\u00f3gica, seja em nossa viv\u00eancia familiar e comunit\u00e1ria. \u00c9 preciso enxerg\u00e1-la como fonte de aprendizagem em um mundo esquecido de valores que ela preserva.<\/p><\/blockquote>\n<p>&nbsp;<\/p>\n<h4><strong>Outros recursos<\/strong><\/h4>\n<blockquote><p>\u00bb <a href=\"https:\/\/www.ultimato.com.br\/conteudo\/primeiros-passos-para-uma-igreja-garantir-um-ambiente-acolhedor-e-seguro-para-todos\" target=\"_blank\" rel=\"noopener noreferrer\">Primeiros passos para uma igreja garantir um ambiente acolhedor e seguro para todos<\/a><\/p>\n<p>\u00bb <a href=\"http:\/\/ultimato.com.br\/sites\/blogdaultimato\/2018\/07\/31\/um-guia-para-a-seguranca-das-criancas-na-internet\/\" target=\"_blank\" rel=\"noopener noreferrer\">Um guia para a seguran\u00e7a das crian\u00e7as na internet<\/a><\/p>\n<p>\u00bb <a href=\"http:\/\/ultimato.com.br\/sites\/blogdaultimato\/2015\/10\/13\/quer-uma-dica-de-um-bom-livro-para-criancas-temos-seis\/\" target=\"_blank\" rel=\"noopener noreferrer\">Quer uma dica de um bom livro para crian\u00e7as? Temos seis<\/a><\/p>\n<p>\u00bb <a href=\"http:\/\/ultimato.com.br\/sites\/blogdaultimato\/2016\/06\/03\/cuidado-com-a-criacao-um-assunto-tambem-para-criancas-e-adolescentes\/\" target=\"_blank\" rel=\"noopener noreferrer\">Cuidado com a cria\u00e7\u00e3o: um assunto tamb\u00e9m para crian\u00e7as e adolescentes<\/a><\/p>\n<p>\u00bb <a href=\"http:\/\/ultimato.com.br\/sites\/blogdaultimato\/2015\/06\/08\/vamos-ler-dicas-de-livros-para-criancas\/\" target=\"_blank\" rel=\"noopener noreferrer\">Vamos ler! Dicas de livros para crian\u00e7as<\/a><\/p><\/blockquote>\n","protected":false},"excerpt":{"rendered":"<p>*Conte\u00fado oferecido como \u201cMais na Internet\u201d na edi\u00e7\u00e3o 379 (setembro-outubro) de Ultimato.<br \/>\n&nbsp;<br \/>\nA crian\u00e7a n\u00e3o pode passar despercebida, seja em nossa reflex\u00e3o social e teol\u00f3gica, seja em nossa viv\u00eancia familiar e comunit\u00e1ria.<br \/>\nQuais barreiras impedem as crian\u00e7as de desenvolverem sua f\u00e9 em Jesus Cristo? Como trabalhar as capacidades e qualidades das crian\u00e7as em fam\u00edlia e na igreja? [&#8230;]<\/p>\n","protected":false},"author":24,"featured_media":0,"comment_status":"open","ping_status":"open","sticky":false,"template":"","format":"standard","meta":{"ngg_post_thumbnail":0,"footnotes":""},"categories":[9536,22807,5153,5953],"tags":[15,32231,14,40018],"class_list":["post-13410","post","type-post","status-publish","format-standard","hentry","category-do-editor","category-extras","category-prateleira","category-revista-ultimato","tag-criancas","tag-mais-na-internet","tag-recursos","tag-ult379"],"_links":{"self":[{"href":"https:\/\/ultimato.com.br\/sites\/blogdaultimato\/wp-json\/wp\/v2\/posts\/13410","targetHints":{"allow":["GET"]}}],"collection":[{"href":"https:\/\/ultimato.com.br\/sites\/blogdaultimato\/wp-json\/wp\/v2\/posts"}],"about":[{"href":"https:\/\/ultimato.com.br\/sites\/blogdaultimato\/wp-json\/wp\/v2\/types\/post"}],"author":[{"embeddable":true,"href":"https:\/\/ultimato.com.br\/sites\/blogdaultimato\/wp-json\/wp\/v2\/users\/24"}],"replies":[{"embeddable":true,"href":"https:\/\/ultimato.com.br\/sites\/blogdaultimato\/wp-json\/wp\/v2\/comments?post=13410"}],"version-history":[{"count":6,"href":"https:\/\/ultimato.com.br\/sites\/blogdaultimato\/wp-json\/wp\/v2\/posts\/13410\/revisions"}],"predecessor-version":[{"id":13514,"href":"https:\/\/ultimato.com.br\/sites\/blogdaultimato\/wp-json\/wp\/v2\/posts\/13410\/revisions\/13514"}],"wp:attachment":[{"href":"https:\/\/ultimato.com.br\/sites\/blogdaultimato\/wp-json\/wp\/v2\/media?parent=13410"}],"wp:term":[{"taxonomy":"category","embeddable":true,"href":"https:\/\/ultimato.com.br\/sites\/blogdaultimato\/wp-json\/wp\/v2\/categories?post=13410"},{"taxonomy":"post_tag","embeddable":true,"href":"https:\/\/ultimato.com.br\/sites\/blogdaultimato\/wp-json\/wp\/v2\/tags?post=13410"}],"curies":[{"name":"wp","href":"https:\/\/api.w.org\/{rel}","templated":true}]}}