{"id":13382,"date":"2019-08-02T11:30:13","date_gmt":"2019-08-02T13:30:13","guid":{"rendered":"http:\/\/ultimato.com.br\/sites\/blogdaultimato\/?p=13382"},"modified":"2019-08-02T12:52:01","modified_gmt":"2019-08-02T14:52:01","slug":"fui-moco-agora-sou-velho-o-que-fazer","status":"publish","type":"post","link":"https:\/\/ultimato.com.br\/sites\/blogdaultimato\/2019\/08\/02\/fui-moco-agora-sou-velho-o-que-fazer\/","title":{"rendered":"Fui Mo\u00e7o, Agora Sou Velho. O que fazer?"},"content":{"rendered":"<p><a href=\"https:\/\/www.ultimato.com.br\/conteudo\/fui-moco-agora-sou-velho-o-que-fazer\" target=\"_blank\" rel=\"noopener noreferrer\"><img loading=\"lazy\" decoding=\"async\" class=\"alignright wp-image-13383 size-medium\" src=\"http:\/\/ultimato.com.br\/sites\/blogdaultimato\/files\/2019\/08\/capa-fui-moco-206x300.jpg\" alt=\"\" width=\"206\" height=\"300\" srcset=\"https:\/\/ultimato.com.br\/sites\/blogdaultimato\/files\/2019\/08\/capa-fui-moco-206x300.jpg 206w, https:\/\/ultimato.com.br\/sites\/blogdaultimato\/files\/2019\/08\/capa-fui-moco.jpg 240w\" sizes=\"auto, (max-width: 206px) 100vw, 206px\" \/><\/a>H\u00e1 exatos 20 anos o mundo voltava suas aten\u00e7\u00f5es para o\u00a0<a href=\"https:\/\/nacoesunidas.org\/acao\/pessoas-idosas\/\" target=\"_blank\" rel=\"noopener noreferrer\">Ano Internacional do Idoso<\/a>, estabelecido pela Assembleia Geral da ONU, com vistas a reconhecer o amadurecimento demogr\u00e1fico da humanidade e a promover a\u00e7\u00f5es de empreendimento social, econ\u00f4mico, cultural e espiritual e a promo\u00e7\u00e3o da aten\u00e7\u00e3o e cuidado aos que ultrapassavam a faixa dos 60 anos.<\/p>\n<p>Naquela \u00e9poca, a ONU afirmou que o n\u00famero global de pessoas idosas \u2013 com 60 ou mais anos de idade \u2013 estava projetado para aumentar de 962 milh\u00f5es em 2017 para 1,4 bilh\u00e3o em 2030 e 2,1 bilh\u00f5es em 2050.<\/p>\n<p>Chegamos em 2019 pr\u00f3ximos ao n\u00famero estimado. No mundo s\u00e3o 705 milh\u00f5es de pessoas e, no Brasil, mais de 30 milh\u00f5es de pessoas com mais de 60 anos.<\/p>\n<p><strong>\u00bb Confira aqui: <a href=\"https:\/\/www.ultimato.com.br\/conteudo\/fui-moco-agora-sou-velho-o-que-fazer\" target=\"_blank\" rel=\"noopener noreferrer\">Livro da Semana | <\/a><\/strong><a href=\"https:\/\/www.ultimato.com.br\/conteudo\/fui-moco-agora-sou-velho-o-que-fazer\" target=\"_blank\" rel=\"noopener noreferrer\"><strong>Fui Mo\u00e7o, Agora Sou Velho&#8230; E da\u00ed?<\/strong><\/a><strong><br \/>\n<\/strong><\/p>\n","protected":false},"excerpt":{"rendered":"<p>H\u00e1 exatos 20 anos o mundo voltava suas aten\u00e7\u00f5es para o\u00a0Ano Internacional do Idoso, estabelecido pela Assembleia Geral da ONU, com vistas a reconhecer o amadurecimento demogr\u00e1fico da humanidade e a promover a\u00e7\u00f5es de empreendimento social, econ\u00f4mico, cultural e espiritual e a promo\u00e7\u00e3o da aten\u00e7\u00e3o e cuidado aos que ultrapassavam a faixa dos 60 anos.<br \/>\nNaquela [&#8230;]<\/p>\n","protected":false},"author":21,"featured_media":0,"comment_status":"open","ping_status":"open","sticky":false,"template":"","format":"standard","meta":{"ngg_post_thumbnail":0,"footnotes":""},"categories":[5153],"tags":[16260,40017,29],"class_list":["post-13382","post","type-post","status-publish","format-standard","hentry","category-prateleira","tag-idoso","tag-kleos","tag-livro"],"_links":{"self":[{"href":"https:\/\/ultimato.com.br\/sites\/blogdaultimato\/wp-json\/wp\/v2\/posts\/13382","targetHints":{"allow":["GET"]}}],"collection":[{"href":"https:\/\/ultimato.com.br\/sites\/blogdaultimato\/wp-json\/wp\/v2\/posts"}],"about":[{"href":"https:\/\/ultimato.com.br\/sites\/blogdaultimato\/wp-json\/wp\/v2\/types\/post"}],"author":[{"embeddable":true,"href":"https:\/\/ultimato.com.br\/sites\/blogdaultimato\/wp-json\/wp\/v2\/users\/21"}],"replies":[{"embeddable":true,"href":"https:\/\/ultimato.com.br\/sites\/blogdaultimato\/wp-json\/wp\/v2\/comments?post=13382"}],"version-history":[{"count":5,"href":"https:\/\/ultimato.com.br\/sites\/blogdaultimato\/wp-json\/wp\/v2\/posts\/13382\/revisions"}],"predecessor-version":[{"id":13389,"href":"https:\/\/ultimato.com.br\/sites\/blogdaultimato\/wp-json\/wp\/v2\/posts\/13382\/revisions\/13389"}],"wp:attachment":[{"href":"https:\/\/ultimato.com.br\/sites\/blogdaultimato\/wp-json\/wp\/v2\/media?parent=13382"}],"wp:term":[{"taxonomy":"category","embeddable":true,"href":"https:\/\/ultimato.com.br\/sites\/blogdaultimato\/wp-json\/wp\/v2\/categories?post=13382"},{"taxonomy":"post_tag","embeddable":true,"href":"https:\/\/ultimato.com.br\/sites\/blogdaultimato\/wp-json\/wp\/v2\/tags?post=13382"}],"curies":[{"name":"wp","href":"https:\/\/api.w.org\/{rel}","templated":true}]}}