{"id":12676,"date":"2019-03-27T11:39:04","date_gmt":"2019-03-27T13:39:04","guid":{"rendered":"http:\/\/ultimato.com.br\/sites\/blogdaultimato\/?p=12676"},"modified":"2019-03-27T12:17:54","modified_gmt":"2019-03-27T14:17:54","slug":"o-meu-lugar-no-mundo-o-deus-que-se-revela-para-um-homem-se-revela-para-uma-mulher","status":"publish","type":"post","link":"https:\/\/ultimato.com.br\/sites\/blogdaultimato\/2019\/03\/27\/o-meu-lugar-no-mundo-o-deus-que-se-revela-para-um-homem-se-revela-para-uma-mulher\/","title":{"rendered":"O Meu Lugar no Mundo: O Deus que se revela para um homem, se revela para uma mulher"},"content":{"rendered":"<p><span style=\"color: #808000;\"><strong>Por Aline Davi<\/strong><\/span><\/p>\n<p><a href=\"http:\/\/ultimato.com.br\/sites\/blogdaultimato\/files\/blog_ult_27_03_19_OMLM_Aline-Davi.jpeg\" class=\"lightview\" data-lightview-group=\"group-12676\" data-lightview-options=\"skin: 'dark', controls: 'relative', padding: '10', shadow: { color: '#000000', opacity: 0.08, blur: 3 }\"><img loading=\"lazy\" decoding=\"async\" class=\"size-medium wp-image-12677 alignright\" src=\"http:\/\/ultimato.com.br\/sites\/blogdaultimato\/files\/blog_ult_27_03_19_OMLM_Aline-Davi-234x300.jpeg\" alt=\"\" width=\"234\" height=\"300\" srcset=\"https:\/\/ultimato.com.br\/sites\/blogdaultimato\/files\/blog_ult_27_03_19_OMLM_Aline-Davi-234x300.jpeg 234w, https:\/\/ultimato.com.br\/sites\/blogdaultimato\/files\/blog_ult_27_03_19_OMLM_Aline-Davi-768x986.jpeg 768w, https:\/\/ultimato.com.br\/sites\/blogdaultimato\/files\/blog_ult_27_03_19_OMLM_Aline-Davi-798x1024.jpeg 798w, https:\/\/ultimato.com.br\/sites\/blogdaultimato\/files\/blog_ult_27_03_19_OMLM_Aline-Davi-732x940.jpeg 732w, https:\/\/ultimato.com.br\/sites\/blogdaultimato\/files\/blog_ult_27_03_19_OMLM_Aline-Davi.jpeg 997w\" sizes=\"auto, (max-width: 234px) 100vw, 234px\" \/><\/a>A vida inteira passei dentro de um lar crist\u00e3o, mas eu ia para a igreja mais porque minha m\u00e3e me levava e pela quest\u00e3o social. Mas, confesso que sempre me senti meio fora do lugar. Algumas coisas n\u00e3o faziam sentido para mim, doutrinariamente falando, e sempre tive tend\u00eancia a obedecer ao que tinha boa base b\u00edblica. Aos 17 anos, eu tive uma crise com a estrutura da igreja.<\/p>\n<p>Jesus nunca deixou de fazer sentido para mim, mas a estrutura de igreja, como eu conhecia at\u00e9 ent\u00e3o, tinha me causado mais danos, naquela \u00e9poca. Hoje eu sei que me trouxe muitos benef\u00edcios e que foi essencial para a forma\u00e7\u00e3o do meu car\u00e1ter, mas na revolta de adolescente n\u00e3o enxergamos essas coisas.<\/p>\n<p>Quando entrei na faculdade, para estudar administra\u00e7\u00e3o, eu me afastei. Eu vivia um pouco oprimida, porque tudo era errado e havia a quest\u00e3o da meritocracia: \u201cVoc\u00ea precisa cumprir estes protocolos aqui para ser aceito por Deus\u201d. Como eu nunca conseguia agradar a Deus, porque eu n\u00e3o conseguia cumprir todos aqueles protocolos, eu desisti. Foi quando eu rompi com a igreja.<\/p>\n<p>N\u00e3o houve um rompimento dr\u00e1stico e quando percebi j\u00e1 estava imersa al\u00e9m do pesco\u00e7o, quase n\u00e3o dava mais para respirar. O pecado tem essa tend\u00eancia de ir comendo pelas bordas. Tive uma vida muito baseada em prazer moment\u00e2neo. Com abuso de subst\u00e2ncias, me joguei para o mundo e fui viver tudo o que a galera estava vivendo. Perdi totalmente a refer\u00eancia de quem eu era.<\/p>\n<p>Vivi cerca de quatro anos na busca pela minha identidade. Havia a necessidade de ser aceita pelo grupo. Eu n\u00e3o me sentia aceita pela igreja, no entanto, mesmo fora dela era constante essa sensa\u00e7\u00e3o \u201coutside\u201d, de estar deslocada. Quem sou eu?<\/p>\n<p>O engra\u00e7ado \u00e9 que durante esse tempo, eu sempre tive uma rejei\u00e7\u00e3o muito grande a qualquer coisa que n\u00e3o fosse Cristo. Meu problema n\u00e3o era com Deus, mas minha dificuldade em me relacionar com Ele, porque eu n\u00e3o conhecia o Deus do amor. Apesar disso, eu sabia que era n\u2019Ele estava a minha resposta. Nos momentos de desespero eu sabia aonde tinha que ir.<\/p>\n<p style=\"text-align: center;\"><a href=\"https:\/\/www.ultimato.com.br\/loja\/produtos\/de-outra-chance-a-igreja\"><span style=\"text-align: center;\">&gt;&gt;&gt;\u00a0<\/span>D\u00ea Outra Chance \u00e0 Igreja<span style=\"text-align: center;\">\u00a0&lt;&lt;&lt;<\/span><\/a><\/p>\n<p>Minha m\u00e3e come\u00e7ou a ir em uma outra igreja. Ela sempre orou muito por mim e um dia me disse: \u201cNa igreja que eu t\u00f4 indo tem um mocinho t\u00e3o bonitinho\u201d. E eu falei para ela: \u201cVoc\u00ea acha que \u00e9 por esse motivo que eu vou \u00e0 igreja?\u201d. Um dia fui com ela e Deus falou comigo diretamente. Eu pedi perd\u00e3o para o Senhor e me reconciliei. Com o tempo, vi que o mocinho que minha m\u00e3e falava, chamado Angelo, era apaixonante. Nos casamos e estou com ele at\u00e9 hoje, vinte anos depois.<\/p>\n<p>Essa igreja teve um problema e fechou. Angelo e eu ficamos cerca de tr\u00eas anos buscando outra. Na \u00e9poca, em 2010, ele estava pesquisando sobre igreja emergente e leu um artigo do Sandro Baggio, e descobriu que ele era pastor do Projeto 242. Resolvemos visit\u00e1-la e nunca mais deixamos de ir.<\/p>\n<p>Dois meses depois, participamos da primeira turma da Compacta, a escola de miss\u00e3o da Steiger International. O Angelo sempre trabalhou na \u00e1rea da comunica\u00e7\u00e3o e do cinema, e eu tinha um emprego fixo, na \u00e1rea administrativa e fiscal de uma empresa. Viemos nessa escola e o nosso cora\u00e7\u00e3o come\u00e7ou a queimar. Tinha muita rela\u00e7\u00e3o com o que viv\u00edamos. A miss\u00e3o se propunha a falar e conversar com a galera jovem de uma maneira relevante por meio da arte. Pela primeira vez, encontrei um lugar em que fazia sentido para mim servir o reino.<\/p>\n<p><img loading=\"lazy\" decoding=\"async\" class=\"size-full wp-image-12678 alignleft\" src=\"http:\/\/ultimato.com.br\/sites\/blogdaultimato\/files\/UltJovem_22_06_16_selo_meulugarnomundo-01-150x150.jpg\" alt=\"\" width=\"150\" height=\"150\" \/><\/p>\n<p>Nessa escola, o Senhor falou assim: \u201c\u00c9 aqui que eu vou te colocar. \u00c9 nessa miss\u00e3o que voc\u00ea vai ser e que vou te usar\u201d. Em seguida, aconteceu a primeira edi\u00e7\u00e3o do Festival Manifeste como um evento de express\u00e3o art\u00edstica (que at\u00e9 ent\u00e3o era um f\u00f3rum para discutir arte). A gente assumiu o desafio de produzi-lo e esse foi o meu primeiro trabalho na miss\u00e3o.<\/p>\n<p>Ficamos servindo parte do tempo, conciliando com nossos trabalhos. Eu nunca tinha pensado em servir como mission\u00e1ria integral. Mas, ao final de 2014, alguma coisa come\u00e7ou a ferver no meu cora\u00e7\u00e3o. \u201cE se?\u201d.<\/p>\n<p>Em janeiro de 2015, o <a href=\"http:\/\/lendopalavra.blogspot.com\/p\/blog-page_30.html\">Luke Greenwood<\/a>, que coordenava a <a href=\"http:\/\/www.steiger.org\/ministries\/brazil\">Steiger<\/a> no Brasil, nos visitou em nossa casa com a esposa Ania, e disse que estavam indo embora do pa\u00eds e que queriam nos encorajar a servir integralmente a miss\u00e3o. Senti que Deus estava confirmando por meio dele e ent\u00e3o fomos orar. Pedi as contas do emprego e me pagaram tudo, como se tivessem me mandado embora.<\/p>\n<p>Semanas antes de irmos para a escola de miss\u00e3o da Steiger mulna Alemanha, o \u00c2ngelo recebeu uma proposta de emprego para ganhar um valor absurdo, em uma coisa que a gente sempre sonhou, e n\u00f3s falamos \u201cn\u00e3o\u201d, pois j\u00e1 sab\u00edamos que Deus tinha nos chamado. Mas, na escola eu fiquei triste, pensando no sustento. Ent\u00e3o, Deus me trouxe uma vis\u00e3o de todas as vezes, desde que eu era crian\u00e7a, que falava para o Senhor que queria servir como mission\u00e1ria. Ele me lembrou de ora\u00e7\u00f5es que fiz e havia esquecido completamente. O Senhor falou \u201c\u00c9 agora\u201d. Desde ent\u00e3o, eu estou participando do crescimento e desenvolvimento da miss\u00e3o.<\/p>\n<p>Primeiro, Ele me libertou das mentiras que eu tinha constru\u00eddo sobre Ele e sua suposta tirania. Na minha cabe\u00e7a, eu separava Cristo e Deus, como se fossem diferentes e n\u00e3o fossem um \u00fanico Deus, Triuno. Meu esposo foi quem me desafiou um dia: \u201cFala para Deus que voc\u00ea n\u00e3o consegue amar a Ele e pe\u00e7a para Ele se revelar a voc\u00ea\u201d. E isso aconteceu. Quando eu entendi esse Deus do amor tudo mudou, porque eu compreendi a Gra\u00e7a.<\/p>\n<p>S\u00f3 estou no lugar por causa do tratamento que Deus fez na minha vida. Eu dependo dele para isso. Entendo que algumas lutas s\u00e3o necess\u00e1rias, mas at\u00e9 a luta tem que ser no amor, de conscientiza\u00e7\u00e3o do outro. Se n\u00e3o, ficamos numa guerra de mostrar valor um para o outro. Hoje sou respeitada na fun\u00e7\u00e3o que exer\u00e7o como mulher, como mission\u00e1ria e futura te\u00f3loga, por causa desse processo que vivi com Deus.<\/p>\n<p style=\"text-align: center;\"><a href=\"https:\/\/www.ultimato.com.br\/revista\/artigos\/376\/a-mulher-entre-os-discipulos-de-jesus\">&gt;&gt;&gt; A mulher entre os disc\u00edpulos de Jesus &lt;&lt;&lt;<\/a><\/p>\n<p>Me chama aten\u00e7\u00e3o como \u00e9 dif\u00edcil voc\u00ea ver uma garota que quer ser te\u00f3loga. Na minha faculdade, h\u00e1 30 homens para tr\u00eas mulheres em uma sala. Fui estudar teologia para ter conhecimento e profundidade do estudo da B\u00edblia e converter tudo o que aprender para o meu trabalho na miss\u00e3o. O mesmo Deus que se revela para um homem, se revela para uma mulher. Precisamos de te\u00f3logas na academia. Ainda temos poucas e \u00e9 o corpo de Cristo que perde quando a mulher n\u00e3o est\u00e1 realizando o que ela poderia realizar.<\/p>\n<p>Hoje, estou no meu lugar. E isso tem a ver com identidade. Quando eu foquei em Cristo, em quem Ele \u00e9 e qual o meu valor a partir do que Ele fez por mim, acabou a minha quest\u00e3o de querer ser aceita. Eu j\u00e1 sou aceita por Ele, sou parte do plano d\u2019Ele e todas essas coisas me trazem seguran\u00e7a. Eu sou uma parte importante, como todos os outros que comp\u00f5em a miss\u00e3o.<\/p>\n<p>\u2014<\/p>\n<p><strong>\u2022 Aline Davi<\/strong>, 41, \u00e9 mission\u00e1ria e l\u00edder de Administra\u00e7\u00e3o e Infraestrutura da Miss\u00e3o Steiger Brasil, que se dedica a alcan\u00e7ar e discipular a cultura jovem global para Jesus Cristo. Participante do seu desenvolvimento no Brasil desde o in\u00edcio, ela atua tamb\u00e9m como produtora de eventos e treinamentos da miss\u00e3o, festivais, shows e turn\u00eas evangel\u00edsticos. Vive em S\u00e3o Bernardo do Campo, SP, estuda teologia na Faculdade Teol\u00f3gica Batista de S\u00e3o Paulo, \u00e9 casada com Angelo Davi e quer ser m\u00e3e.<\/p>\n<p><strong>Leia mais<\/strong><br \/>\n\u00bb\u00a0<a href=\"https:\/\/ultimato.com.br\/sites\/blogdaultimato\/2018\/08\/21\/o-meu-lugar-no-mundo-confiando-no-deus-que-prove\/\">O Meu Lugar no Mundo: Confiando no Deus que prov\u00ea<\/a><br \/>\n\u00bb\u00a0<a href=\"https:\/\/www.ultimato.com.br\/loja\/produtos\/a-missao-da-mulher-2-edicao\">A Miss\u00e3o da Mulher<\/a><\/p>\n","protected":false},"excerpt":{"rendered":"<p>Por Aline Davi<br \/>\nA vida inteira passei dentro de um lar crist\u00e3o, mas eu ia para a igreja mais porque minha m\u00e3e me levava e pela quest\u00e3o social. Mas, confesso que sempre me senti meio fora do lugar. Algumas coisas n\u00e3o faziam sentido para mim, doutrinariamente falando, e sempre tive tend\u00eancia a obedecer ao que tinha [&#8230;]<\/p>\n","protected":false},"author":21,"featured_media":0,"comment_status":"open","ping_status":"open","sticky":false,"template":"","format":"standard","meta":{"ngg_post_thumbnail":0,"footnotes":""},"categories":[30642,6111],"tags":[104,30642,164],"class_list":["post-12676","post","type-post","status-publish","format-standard","hentry","category-o-meu-lugar-no-mundo","category-ultimas-de-ca","tag-missao","tag-o-meu-lugar-no-mundo","tag-vida-crista"],"_links":{"self":[{"href":"https:\/\/ultimato.com.br\/sites\/blogdaultimato\/wp-json\/wp\/v2\/posts\/12676","targetHints":{"allow":["GET"]}}],"collection":[{"href":"https:\/\/ultimato.com.br\/sites\/blogdaultimato\/wp-json\/wp\/v2\/posts"}],"about":[{"href":"https:\/\/ultimato.com.br\/sites\/blogdaultimato\/wp-json\/wp\/v2\/types\/post"}],"author":[{"embeddable":true,"href":"https:\/\/ultimato.com.br\/sites\/blogdaultimato\/wp-json\/wp\/v2\/users\/21"}],"replies":[{"embeddable":true,"href":"https:\/\/ultimato.com.br\/sites\/blogdaultimato\/wp-json\/wp\/v2\/comments?post=12676"}],"version-history":[{"count":6,"href":"https:\/\/ultimato.com.br\/sites\/blogdaultimato\/wp-json\/wp\/v2\/posts\/12676\/revisions"}],"predecessor-version":[{"id":12684,"href":"https:\/\/ultimato.com.br\/sites\/blogdaultimato\/wp-json\/wp\/v2\/posts\/12676\/revisions\/12684"}],"wp:attachment":[{"href":"https:\/\/ultimato.com.br\/sites\/blogdaultimato\/wp-json\/wp\/v2\/media?parent=12676"}],"wp:term":[{"taxonomy":"category","embeddable":true,"href":"https:\/\/ultimato.com.br\/sites\/blogdaultimato\/wp-json\/wp\/v2\/categories?post=12676"},{"taxonomy":"post_tag","embeddable":true,"href":"https:\/\/ultimato.com.br\/sites\/blogdaultimato\/wp-json\/wp\/v2\/tags?post=12676"}],"curies":[{"name":"wp","href":"https:\/\/api.w.org\/{rel}","templated":true}]}}