{"id":12309,"date":"2019-01-28T10:30:29","date_gmt":"2019-01-28T12:30:29","guid":{"rendered":"http:\/\/ultimato.com.br\/sites\/blogdaultimato\/?p=12309"},"modified":"2019-01-28T13:36:43","modified_gmt":"2019-01-28T15:36:43","slug":"sinto-falta-dos-hinos-sacros","status":"publish","type":"post","link":"https:\/\/ultimato.com.br\/sites\/blogdaultimato\/2019\/01\/28\/sinto-falta-dos-hinos-sacros\/","title":{"rendered":"Sinto falta dos hinos sacros"},"content":{"rendered":"<blockquote>\n<h5>Assim que tomou conhecimento do lan\u00e7amento do segundo volume de <a href=\"https:\/\/www.ultimato.com.br\/loja\/produtos\/contando-e-cantando-volume-2\"><em>Contando e Cantando<\/em><\/a>, D. Raquel Carneiro adquiriu 10 exemplares do volume 2 e do volume 1. Ela quer presentear amigos que tamb\u00e9m apreciam hinos com o livro. Compartilhou com Romilda, atendente da Editora, seu apre\u00e7o pelos hinos. Ent\u00e3o, pedimos que redigisse um texto. Confira:<\/h5>\n<\/blockquote>\n<p><img loading=\"lazy\" decoding=\"async\" class=\"size-medium wp-image-12328 alignright\" src=\"http:\/\/ultimato.com.br\/sites\/blogdaultimato\/files\/det5-300x222.jpg\" alt=\"\" width=\"300\" height=\"222\" srcset=\"https:\/\/ultimato.com.br\/sites\/blogdaultimato\/files\/det5-300x222.jpg 300w, https:\/\/ultimato.com.br\/sites\/blogdaultimato\/files\/det5.jpg 500w\" sizes=\"auto, (max-width: 300px) 100vw, 300px\" \/><\/p>\n<p>Nestes tempos modernos, quando a dedica\u00e7\u00e3o ao recolhimento, \u00e0 medita\u00e7\u00e3o, tem se tornado cada dia mais escassa e rara na vida dos filhos de Deus&#8230; Sinto falta dos hinos.<\/p>\n<p>Mesmo o tempo reservado aos cultos comunit\u00e1rios n\u00e3o tem a riqueza de outrora, quando a igreja se alimentava da Palavra escrita e cantada, participando dos cantos congregacionais, entoando os mais belos hinos sacros que nos enlevavam, confortavam e nos tornavam prontos para ouvir Deus falando pela leitura da sua Palavra e faziam transbordar do alimento espiritual.<\/p>\n<p>Cantar hinos sacros, cujas poesias foram feitas por homens e mulheres usados pelo Esp\u00edrito Santo de Deus, cujas mensagens atravessaram \u00e9pocas e permanecem anunciando&#8230;<\/p>\n<p>&#8211; \u201cN\u00e3o temas! Contigo eu sempre estarei\u201d<\/p>\n<p>&#8211; \u201cAchei um bom amigo, Jesus, o Salvador\u201d<\/p>\n<p>&#8211; \u201cNele tenho firme abrigo em tenta\u00e7\u00e3o!\u201d<\/p>\n<p>&#8211; \u201cPois Cristo \u00e9 luz que nunca se apaga!\u201d<\/p>\n<p>&#8211; \u201cEis que ouvimos tua voz a animar os que andam s\u00f3s!\u201d<\/p>\n<p>E tantos mais que, tendo como fundo composi\u00e7\u00f5es mel\u00f3dicas, promovem a rever\u00eancia ante o Deus que nos ama.<\/p>\n<p>O que presenciamos na atualidade \u00e9 bem diferente. Muitas vezes, sofremos sob o jugo de sons estrondosos e estridentes de baterias, viol\u00f5es, guitarras e todo tipo de aberra\u00e7\u00e3o que invadem o culto que prestamos ao Senhor \u2013 mulheres mo\u00e7as, meninas dan\u00e7am num rebolado fren\u00e9tico, com gestos desconexos e falas vazias&#8230;<\/p>\n<p>Os hinos sacros n\u00e3o s\u00e3o mais objeto de ensino, de ensaio.<\/p>\n<p>Jovens, crian\u00e7as e adultos se dedicam a tietar \u201castros\u201d da m\u00fasica gospel que s\u00e3o \u00eddolos adorados e imitados em verdadeiros espet\u00e1culos.<\/p>\n<p>O sonho hoje n\u00e3o \u00e9 ser como Cristo, mas ser como seus \u201c\u00eddolos de barro\u201d. Querem cantar e dan\u00e7ar como eles. Sabem de cor suas composi\u00e7\u00f5es gravadas, mas n\u00e3o sabem sequer um hino sacro, um texto b\u00edblico. Que abismo!<\/p>\n<p>A Igreja est\u00e1 muito doente, necessitando de UTI!<\/p>\n<p>A lideran\u00e7a, por comungar do mesmo estilo, por acomoda\u00e7\u00e3o ou por covardia, vai cada vez mais permitindo que os marcos sejam removidos.<\/p>\n<p>As fam\u00edlias n\u00e3o praticam a f\u00e9 no interior de seus lares \u2013 filhos n\u00e3o s\u00e3o aben\u00e7oados, pais n\u00e3o s\u00e3o respeitados. Celular, TV, internet ditam as normas familiares dissolvendo a moral e os bons costumes.<\/p>\n<p>E, assim, a Palavra n\u00e3o \u00e9 ensinada aos pequeninos, n\u00e3o \u00e9 inculcada. Por isso, n\u00e3o aprendem o Caminho em que devem andar.<\/p>\n<p>Culto dom\u00e9stico?! N\u00e3o h\u00e1 tempo, n\u00e3o h\u00e1 ocasi\u00e3o. H\u00e1 coisas mais importantes.<\/p>\n<p>As fam\u00edlias n\u00e3o mant\u00eam a unidade, a uni\u00e3o. O que vale \u00e9 o \u201ccada um por si\u201d. Todos s\u00e3o ocupados demais e n\u00e3o h\u00e1 como separar tempo para a comunh\u00e3o familiar. Pais ignoram a \u201cagenda\u201d dos filhos e os filhos n\u00e3o ganham \u201ccolo\u201d dos pais. N\u00e3o oram juntos, n\u00e3o leem a Palavra juntos e, claro, hinos sacros n\u00e3o s\u00e3o cantados.<\/p>\n<p>Precisamos voltar ao primeiro amor, \u00e0 comunh\u00e3o dos santos, ao partir o p\u00e3o de casa em casa, a perseverar na ora\u00e7\u00e3o, \u00e0 leitura da Palavra e a entoar hinos de contri\u00e7\u00e3o, louvor e adora\u00e7\u00e3o ao nosso Deus. Hinos que tenham como fonte de inspira\u00e7\u00e3o e de mensagem a Palavra que \u00e9 viva e eficaz, o Evangelho da Salva\u00e7\u00e3o, Jesus.<\/p>\n<p>Como Igreja, precisamos voltar ao Caminho. Parar de procurar atalhos, desvios e alimentarmo-nos do P\u00e3o da Vida e nos purificarmos no sangue vertido na cruz por amor.<\/p>\n<p>Dediquemos tempo para aprendermos os hinos sacros que n\u00e3o fazem outra coisa a n\u00e3o ser nos tornar sabedores da mensagem de que s\u00f3 o Senhor \u00e9 misericordioso, s\u00f3 Jesus salva e s\u00f3 o Esp\u00edrito Santo \u00e9 o nosso Consolador e que os \u201castros\u201d e \u201c\u00eddolos\u201d deste mundo nada s\u00e3o e nada podem fazer a n\u00e3o ser nos levar pelo caminho da perdi\u00e7\u00e3o.<\/p>\n<p>Para a gl\u00f3ria de Deus escrevi.<\/p>\n<p><strong>\u2022 Raquel Carneiro Rocha<\/strong>, 74 anos, participa de um grupo com assinatura coletiva de <strong>Ultimato<\/strong> e mora em Itaquaquecetuba, SP.<\/p>\n<p><strong>Leia mais:<br \/>\n<\/strong>\u00bb\u00a0<a href=\"https:\/\/www.ultimato.com.br\/conteudo\/conta-me-a-velha-historia-o-que-ha-por-tras-dos-hinos-cristaos\">Conta-me a velha hist\u00f3ria: o que h\u00e1 por tr\u00e1s dos hinos crist\u00e3os?<\/a><br \/>\n\u00bb\u00a0<a href=\"https:\/\/www.ultimato.com.br\/conteudo\/nao-abandonem-os-hinos\">N\u00e3o abandonem os hinos<\/a><br \/>\n\u00bb\u00a0<a href=\"https:\/\/www.ultimato.com.br\/loja\/produtos\/contando-e-cantando\"><em>Contando e Cantando<\/em>, volume 1<\/a><\/p>\n","protected":false},"excerpt":{"rendered":"<p>Assim que tomou conhecimento do lan\u00e7amento do segundo volume de Contando e Cantando, D. Raquel Carneiro adquiriu 10 exemplares do volume 2 e do volume 1. Ela quer presentear amigos que tamb\u00e9m apreciam hinos com o livro. Compartilhou com Romilda, atendente da Editora, seu apre\u00e7o pelos hinos. Ent\u00e3o, pedimos que redigisse um texto. Confira:<\/p>\n<p>Nestes tempos [&#8230;]<\/p>\n","protected":false},"author":21,"featured_media":0,"comment_status":"open","ping_status":"open","sticky":false,"template":"","format":"standard","meta":{"ngg_post_thumbnail":0,"footnotes":""},"categories":[5153],"tags":[36036,31099,5708,39977],"class_list":["post-12309","post","type-post","status-publish","format-standard","hentry","category-prateleira","tag-cantando-e-contando","tag-hinos","tag-louvor","tag-sacros"],"_links":{"self":[{"href":"https:\/\/ultimato.com.br\/sites\/blogdaultimato\/wp-json\/wp\/v2\/posts\/12309","targetHints":{"allow":["GET"]}}],"collection":[{"href":"https:\/\/ultimato.com.br\/sites\/blogdaultimato\/wp-json\/wp\/v2\/posts"}],"about":[{"href":"https:\/\/ultimato.com.br\/sites\/blogdaultimato\/wp-json\/wp\/v2\/types\/post"}],"author":[{"embeddable":true,"href":"https:\/\/ultimato.com.br\/sites\/blogdaultimato\/wp-json\/wp\/v2\/users\/21"}],"replies":[{"embeddable":true,"href":"https:\/\/ultimato.com.br\/sites\/blogdaultimato\/wp-json\/wp\/v2\/comments?post=12309"}],"version-history":[{"count":23,"href":"https:\/\/ultimato.com.br\/sites\/blogdaultimato\/wp-json\/wp\/v2\/posts\/12309\/revisions"}],"predecessor-version":[{"id":12337,"href":"https:\/\/ultimato.com.br\/sites\/blogdaultimato\/wp-json\/wp\/v2\/posts\/12309\/revisions\/12337"}],"wp:attachment":[{"href":"https:\/\/ultimato.com.br\/sites\/blogdaultimato\/wp-json\/wp\/v2\/media?parent=12309"}],"wp:term":[{"taxonomy":"category","embeddable":true,"href":"https:\/\/ultimato.com.br\/sites\/blogdaultimato\/wp-json\/wp\/v2\/categories?post=12309"},{"taxonomy":"post_tag","embeddable":true,"href":"https:\/\/ultimato.com.br\/sites\/blogdaultimato\/wp-json\/wp\/v2\/tags?post=12309"}],"curies":[{"name":"wp","href":"https:\/\/api.w.org\/{rel}","templated":true}]}}