{"id":12184,"date":"2018-12-24T14:35:08","date_gmt":"2018-12-24T16:35:08","guid":{"rendered":"http:\/\/ultimato.com.br\/sites\/blogdaultimato\/?p=12184"},"modified":"2018-12-27T17:19:43","modified_gmt":"2018-12-27T19:19:43","slug":"na-varanda-com-marcos-botelho-o-que-mais-me-desanima-e-a-politizacao-da-igreja-hoje","status":"publish","type":"post","link":"https:\/\/ultimato.com.br\/sites\/blogdaultimato\/2018\/12\/24\/na-varanda-com-marcos-botelho-o-que-mais-me-desanima-e-a-politizacao-da-igreja-hoje\/","title":{"rendered":"Na Varanda com Marcos Botelho: \u201cO que mais me desanima \u00e9 a politiza\u00e7\u00e3o da igreja hoje\u201d"},"content":{"rendered":"<p><img loading=\"lazy\" decoding=\"async\" class=\"alignright size-medium wp-image-9092\" src=\"http:\/\/ultimato.com.br\/sites\/blogdaultimato\/files\/2017\/04\/selo_navaranda-300x75.jpg\" alt=\"\" width=\"300\" height=\"75\" srcset=\"https:\/\/ultimato.com.br\/sites\/blogdaultimato\/files\/2017\/04\/selo_navaranda-300x75.jpg 300w, https:\/\/ultimato.com.br\/sites\/blogdaultimato\/files\/2017\/04\/selo_navaranda.jpg 402w\" sizes=\"auto, (max-width: 300px) 100vw, 300px\" \/>Fundador e l\u00edder do minist\u00e9rio JV na Estrada, que trabalha em congressos e acampamentos com recrea\u00e7\u00e3o, teatro e prele\u00e7\u00e3o, Marcos Botelho tamb\u00e9m \u00e9 pastor, mission\u00e1rio, artista e palha\u00e7o.<\/p>\n<p>Hoje pastor na Comunidade da Vila, em S\u00e3o Paulo, ele \u00e9 casado com a Naty, pai do Daniel e da Mariana, que acabou de chegar. Tamb\u00e9m \u00e9 idealizador do festival Rock no Vale e fundador do minist\u00e9rio Terra dos Palha\u00e7os Brasil, vinculado ao Jovens da Verdade e \u00e0 Mocidade Para Cristo (MPC).<\/p>\n<p>Autor dos livros <a href=\"https:\/\/www.ultimato.com.br\/loja\/produtos\/vida-crista-fora-da-caixa\">Vida Crist\u00e3 Fora da Caixa<\/a> e <a href=\"https:\/\/www.ultimato.com.br\/loja\/produtos\/ontem-esponja-amanha-peneira\">Ontem Esponja, Amanh\u00e3 Peneira<\/a>, Marcos Botelho \u00e9 o convidado da vez do Na Varanda com o Autor:<\/p>\n<p>&nbsp;<\/p>\n<div id=\"attachment_12185\" style=\"width: 310px\" class=\"wp-caption alignright\"><img loading=\"lazy\" decoding=\"async\" aria-describedby=\"caption-attachment-12185\" class=\"size-medium wp-image-12185\" src=\"http:\/\/ultimato.com.br\/sites\/blogdaultimato\/files\/Blog_Ult_24_12_18_botelho1-300x200.jpg\" alt=\"\" width=\"300\" height=\"200\" srcset=\"https:\/\/ultimato.com.br\/sites\/blogdaultimato\/files\/Blog_Ult_24_12_18_botelho1-300x200.jpg 300w, https:\/\/ultimato.com.br\/sites\/blogdaultimato\/files\/Blog_Ult_24_12_18_botelho1.jpg 640w\" sizes=\"auto, (max-width: 300px) 100vw, 300px\" \/><p id=\"caption-attachment-12185\" class=\"wp-caption-text\">Marcos na primeira edi\u00e7\u00e3o do Rock no Vale, h\u00e1 cinco anos.<\/p><\/div>\n<p><strong>Alguma pessoa ou livro, em especial, influenciou sua aproxima\u00e7\u00e3o da leitura e da escrita?<\/strong><\/p>\n<p>Uma pessoa me influenciou muito, Tim Keller. Na vinda dele ao Brasil em 2004, eu j\u00e1 tinha cursado o semin\u00e1rio, j\u00e1 tinha p\u00f3s-gradua\u00e7\u00e3o em teologia urbana, mas quando percebi a hermen\u00eautica que ele fazia, inspirada em Lutero, de enxergar Cristo como chave hermen\u00eautica de interpreta\u00e7\u00e3o b\u00edblica, isso mudou meu jeito de ler a B\u00edblia. Comecei a revisitar e reler os textos, e isso mudou meu jeito de pregar.<\/p>\n<p><strong>Quando a inspira\u00e7\u00e3o para escrever n\u00e3o vem\u2026<\/strong><\/p>\n<p>Eu escrevo. A disciplina \u00e9 a maior inspira\u00e7\u00e3o para escrever. Voc\u00ea tem que sentar e come\u00e7ar. Uma hora ou outra, vem. Voc\u00ea tem que pesquisar, ler, ouvir sobre o assunto que quer abordar, e sentar para escrever.<\/p>\n<p><strong>O que os adultos devem ler para as crian\u00e7as?<\/strong><\/p>\n<p>Par\u00e1bolas, elas t\u00eam um poder incr\u00edvel. Elas t\u00eam uma interpreta\u00e7\u00e3o s\u00f3, sen\u00e3o caem em alegorias. E esse \u00e9 o poder das par\u00e1bolas, conter uma li\u00e7\u00e3o. A dica \u00e9: toda vez que for contar uma hist\u00f3ria b\u00edblica para crian\u00e7as, tentar focar em uma aplica\u00e7\u00e3o, uma li\u00e7\u00e3o espiritual s\u00f3.<\/p>\n<p><strong>Que conselho voc\u00ea gostaria de ter recebido&nbsp;na&nbsp;sua juventude?<\/strong><\/p>\n<p>Eu tive esse conselho. De que, acima de tudo, se apaixone por Jesus, ame a Jesus, e siga Jesus. Jesus \u00e9 a chave de toda a vida, de tudo que foi criado, de toda voca\u00e7\u00e3o. Gra\u00e7as a Deus tive pais e professores que me ensinaram isso, e sei que foi a maior li\u00e7\u00e3o que tive na juventude.<!--more--><\/p>\n<div id=\"attachment_12186\" style=\"width: 250px\" class=\"wp-caption alignright\"><img loading=\"lazy\" decoding=\"async\" aria-describedby=\"caption-attachment-12186\" class=\"size-medium wp-image-12186\" src=\"http:\/\/ultimato.com.br\/sites\/blogdaultimato\/files\/Blog_Ult_24_12_18_botelho2-240x300.jpg\" alt=\"\" width=\"240\" height=\"300\" srcset=\"https:\/\/ultimato.com.br\/sites\/blogdaultimato\/files\/Blog_Ult_24_12_18_botelho2-240x300.jpg 240w, https:\/\/ultimato.com.br\/sites\/blogdaultimato\/files\/Blog_Ult_24_12_18_botelho2-768x960.jpg 768w, https:\/\/ultimato.com.br\/sites\/blogdaultimato\/files\/Blog_Ult_24_12_18_botelho2-819x1024.jpg 819w, https:\/\/ultimato.com.br\/sites\/blogdaultimato\/files\/Blog_Ult_24_12_18_botelho2-732x915.jpg 732w, https:\/\/ultimato.com.br\/sites\/blogdaultimato\/files\/Blog_Ult_24_12_18_botelho2.jpg 1080w\" sizes=\"auto, (max-width: 240px) 100vw, 240px\" \/><p id=\"caption-attachment-12186\" class=\"wp-caption-text\">Com a esposa Naty e os filhos Daniel e Mariana.<\/p><\/div>\n<p><strong>Como voc\u00ea lida com o envelhecer?<\/strong><\/p>\n<p>Envelhecer n\u00e3o \u00e9 f\u00e1cil. \u00c9 engra\u00e7ado, quando voc\u00ea passa dos 30, quer comemorar o anivers\u00e1rio cada vez menos e comemorar mais os dias que n\u00e3o s\u00e3o anivers\u00e1rio. Eu vivo e tento n\u00e3o pensar muito no envelhecer, porque me traz muita tristeza saber que est\u00e1 cada vez mais perto o dia que vou perder meus pais, o dia que vou perder amigos pr\u00f3ximos, ou at\u00e9 mesmo o dia que eu vou embora. N\u00e3o sei se esse \u00e9 um sentimento certo ou errado, j\u00e1 que isso tamb\u00e9m \u00e9 bom, porque vamos estar com Deus. Mas envelhecer, pelo menos para mim, n\u00e3o \u00e9 t\u00e3o simples assim. Ent\u00e3o tento viver cada dia no agora e n\u00e3o pensar muito no qu\u00e3o velhos estamos.<\/p>\n<p><strong>O que mais o anima e o que mais o incomoda no meio evang\u00e9lico?<\/strong><\/p>\n<p>O que mais me anima \u00e9 ver igrejas missionais, gente se doando pela causa, pelo pr\u00f3ximo, para trazer amor, cuidado e justi\u00e7a ao nosso pa\u00eds. Em resumo, o que me anima \u00e9 a proclama\u00e7\u00e3o do evangelho, o cumprimento da Grande Comiss\u00e3o.<\/p>\n<p>O que mais me desanima \u00e9 a politiza\u00e7\u00e3o da igreja hoje. N\u00f3s vivemos uma religi\u00e3o que est\u00e1 tomando conta do pa\u00eds, fazendo alian\u00e7as esp\u00farias. O jeito como os evang\u00e9licos entraram na pol\u00edtica foi o pior poss\u00edvel.<\/p>\n","protected":false},"excerpt":{"rendered":"<p>Fundador e l\u00edder do minist\u00e9rio JV na Estrada, que trabalha em congressos e acampamentos com recrea\u00e7\u00e3o, teatro e prele\u00e7\u00e3o, Marcos Botelho tamb\u00e9m \u00e9 pastor, mission\u00e1rio, artista e palha\u00e7o.<br \/>\nHoje pastor na Comunidade da Vila, em S\u00e3o Paulo, ele \u00e9 casado com a Naty, pai do Daniel e da Mariana, que acabou de chegar. Tamb\u00e9m \u00e9 idealizador [&#8230;]<\/p>\n","protected":false},"author":21,"featured_media":0,"comment_status":"open","ping_status":"open","sticky":false,"template":"","format":"standard","meta":{"ngg_post_thumbnail":0,"footnotes":""},"categories":[5153],"tags":[22183,32239],"class_list":["post-12184","post","type-post","status-publish","format-standard","hentry","category-prateleira","tag-marcos-botelho","tag-na-varanda-com-o-autor"],"_links":{"self":[{"href":"https:\/\/ultimato.com.br\/sites\/blogdaultimato\/wp-json\/wp\/v2\/posts\/12184","targetHints":{"allow":["GET"]}}],"collection":[{"href":"https:\/\/ultimato.com.br\/sites\/blogdaultimato\/wp-json\/wp\/v2\/posts"}],"about":[{"href":"https:\/\/ultimato.com.br\/sites\/blogdaultimato\/wp-json\/wp\/v2\/types\/post"}],"author":[{"embeddable":true,"href":"https:\/\/ultimato.com.br\/sites\/blogdaultimato\/wp-json\/wp\/v2\/users\/21"}],"replies":[{"embeddable":true,"href":"https:\/\/ultimato.com.br\/sites\/blogdaultimato\/wp-json\/wp\/v2\/comments?post=12184"}],"version-history":[{"count":3,"href":"https:\/\/ultimato.com.br\/sites\/blogdaultimato\/wp-json\/wp\/v2\/posts\/12184\/revisions"}],"predecessor-version":[{"id":12196,"href":"https:\/\/ultimato.com.br\/sites\/blogdaultimato\/wp-json\/wp\/v2\/posts\/12184\/revisions\/12196"}],"wp:attachment":[{"href":"https:\/\/ultimato.com.br\/sites\/blogdaultimato\/wp-json\/wp\/v2\/media?parent=12184"}],"wp:term":[{"taxonomy":"category","embeddable":true,"href":"https:\/\/ultimato.com.br\/sites\/blogdaultimato\/wp-json\/wp\/v2\/categories?post=12184"},{"taxonomy":"post_tag","embeddable":true,"href":"https:\/\/ultimato.com.br\/sites\/blogdaultimato\/wp-json\/wp\/v2\/tags?post=12184"}],"curies":[{"name":"wp","href":"https:\/\/api.w.org\/{rel}","templated":true}]}}