{"id":12,"date":"2007-10-29T16:24:00","date_gmt":"2007-10-29T19:24:00","guid":{"rendered":"http:\/\/www.ultimato.com.br\/blog\/?p=12"},"modified":"2007-10-29T16:24:00","modified_gmt":"2007-10-29T19:24:00","slug":"em-brasilia-um-senado-de-seguranca-maxima","status":"publish","type":"post","link":"https:\/\/ultimato.com.br\/sites\/blogdaultimato\/2007\/10\/29\/em-brasilia-um-senado-de-seguranca-maxima\/","title":{"rendered":"Em Bras\u00edlia, um Senado de &quot;Seguran\u00e7a M\u00e1xima&quot;"},"content":{"rendered":"<p>E o Senado elegeu um espinheiro. Faz pouco mais de tr\u00eas meses que publicamos aqui <a href=\"http:\/\/www.ultimato.com.br\/?pg=show_conteudo&amp;util=1&amp;categoria=1&amp;registro=390\" target=\"_blank\">O espinheiro que falta ao Senado<\/a>. Para quem n\u00e3o se lembra, trata-se da hist\u00f3ria das \u00e1rvores que em coro clamavam por um rei (Jz 8.8-15). Um retrato b\u00edblico da nossa C\u00e2mara Alta. Nas palavras do senador Dem\u00f3stenes Torres, estavam todos \u00e0 ca\u00e7a de &#8220;um relator que fa\u00e7a o servi\u00e7o sujo&#8221;. O que parecia ruim no come\u00e7o ficou pior. Por 40 votos a 35, os senadores decidiram n\u00e3o cassar o mandato do presidente da Casa, Renan Calheiros, por quebra de decoro parlamentar. O imbr\u00f3glio faz lembrar a elei\u00e7\u00e3o do espinheiro da par\u00e1bola: &#8220;Se querem realmente ungir-me rei sobre voc\u00eas, venham abrigar-se \u00e0 minha sombra; do contr\u00e1rio, sair\u00e1 fogo do espinheiro e consumir\u00e1 at\u00e9 os cedros do L\u00edbano!&#8221; (Jz 8.15). Aos desavisados, o espinheiro n\u00e3o d\u00e1 sobra&#8230; \u00c9 preciso misturar um pouco (ou muito) de religi\u00e3o com a pol\u00edtica nacional. Quem sabe, uma pitada de sal. A putrefa\u00e7\u00e3o do espectro pol\u00edtico nacional \u00e9 assustadora. Para o colunista da &#8220;Folha de S. Paulo&#8221; Cl\u00f3vis Rossi, o encontro dos senadores se deu numa verdadeira &#8220;pris\u00e3o de seguran\u00e7a m\u00e1xima&#8221;. \u00c0s escondidas, a sess\u00e3o secreta com vota\u00e7\u00e3o idem n\u00e3o permitiu aos &#8220;detentos&#8221; a utiliza\u00e7\u00e3o de laptops ou celulares. \u00c9 irresist\u00edvel a lembran\u00e7a das palavras de Jesus, &#8220;n\u00e3o h\u00e1 nada escondido que n\u00e3o venha a ser descoberto, ou oculto que n\u00e3o venha a ser conhecido. O que voc\u00eas disseram nas trevas ser\u00e1 ouvido \u00e0 luz do dia, e o que voc\u00eas sussurraram aos ouvidos dentro de casa, ser\u00e1 proclamado dos telhados&#8221; (Mt 10.26-27). N\u00e3o se trata de &#8220;espiritualizar&#8221; o que acontece no pa\u00eds. Ao contr\u00e1rio. A f\u00e9 crist\u00e3 \u00e9, ao mesmo tempo, ut\u00f3pica e bastante realista. Os senadores que hoje escondem o voto e armam em segredo para manter tal pr\u00e1tica, ontem subiam nas tribunas a bradar contra o que chamavam absurdo. E, claro, os que hoje posam de vestais, clamando pelo voto aberto, ontem urdiam pela manuten\u00e7\u00e3o da sess\u00e3o secreta. Discernir \u00e9 preciso. Ser de direita ou de esquerda n\u00e3o nos torna melhores ou piores crist\u00e3os. Estamos assustados com o <a href=\"http:\/\/www.ultimato.com.br\/?pg=show_artigos&amp;artigo=1181&amp;secMestre=1253&amp;sec=1275&amp;num_edicao=301&amp;palavra=intromiss%C3%A3o\" target=\"_blank\">mar de lama<\/a>. Estamos <a href=\"http:\/\/www.ultimato.com.br\/?pg=show_artigos&amp;artigo=1200&amp;secMestre=1250&amp;sec=1255&amp;num_edicao=301&amp;palavra=estamos%20decepcionados\" target=\"_blank\">decepcionados<\/a>. Ao que parece, <a href=\"http:\/\/www.ultimato.com.br\/?pg=show_artigos&amp;artigo=975&amp;secMestre=1033&amp;sec=1036&amp;num_edicao=295&amp;palavra=tramam%20em%20conjunto\" target=\"_blank\">Em Bras\u00edlia todos tramam em conjunto<\/a>.<\/p>\n","protected":false},"excerpt":{"rendered":"<p>E o Senado elegeu um espinheiro. Faz pouco mais de tr\u00eas meses que publicamos aqui O espinheiro que falta ao Senado. Para quem n\u00e3o se lembra, trata-se da hist\u00f3ria das \u00e1rvores que em coro clamavam por um rei (Jz 8.8-15). Um retrato b\u00edblico da nossa C\u00e2mara Alta. Nas palavras do senador Dem\u00f3stenes Torres, estavam todos [&#8230;]<\/p>\n","protected":false},"author":6,"featured_media":0,"comment_status":"open","ping_status":"open","sticky":false,"template":"","format":"standard","meta":{"ngg_post_thumbnail":0,"footnotes":""},"categories":[5153],"tags":[],"class_list":["post-12","post","type-post","status-publish","format-standard","hentry","category-prateleira"],"_links":{"self":[{"href":"https:\/\/ultimato.com.br\/sites\/blogdaultimato\/wp-json\/wp\/v2\/posts\/12","targetHints":{"allow":["GET"]}}],"collection":[{"href":"https:\/\/ultimato.com.br\/sites\/blogdaultimato\/wp-json\/wp\/v2\/posts"}],"about":[{"href":"https:\/\/ultimato.com.br\/sites\/blogdaultimato\/wp-json\/wp\/v2\/types\/post"}],"author":[{"embeddable":true,"href":"https:\/\/ultimato.com.br\/sites\/blogdaultimato\/wp-json\/wp\/v2\/users\/6"}],"replies":[{"embeddable":true,"href":"https:\/\/ultimato.com.br\/sites\/blogdaultimato\/wp-json\/wp\/v2\/comments?post=12"}],"version-history":[{"count":0,"href":"https:\/\/ultimato.com.br\/sites\/blogdaultimato\/wp-json\/wp\/v2\/posts\/12\/revisions"}],"wp:attachment":[{"href":"https:\/\/ultimato.com.br\/sites\/blogdaultimato\/wp-json\/wp\/v2\/media?parent=12"}],"wp:term":[{"taxonomy":"category","embeddable":true,"href":"https:\/\/ultimato.com.br\/sites\/blogdaultimato\/wp-json\/wp\/v2\/categories?post=12"},{"taxonomy":"post_tag","embeddable":true,"href":"https:\/\/ultimato.com.br\/sites\/blogdaultimato\/wp-json\/wp\/v2\/tags?post=12"}],"curies":[{"name":"wp","href":"https:\/\/api.w.org\/{rel}","templated":true}]}}