{"id":11705,"date":"2018-08-23T18:35:56","date_gmt":"2018-08-23T20:35:56","guid":{"rendered":"http:\/\/ultimato.com.br\/sites\/blogdaultimato\/?p=11705"},"modified":"2018-08-23T18:35:56","modified_gmt":"2018-08-23T20:35:56","slug":"meus-melhores-escritos-foram-feitos-quando-era-obrigado-a-depender-so-de-deus","status":"publish","type":"post","link":"https:\/\/ultimato.com.br\/sites\/blogdaultimato\/2018\/08\/23\/meus-melhores-escritos-foram-feitos-quando-era-obrigado-a-depender-so-de-deus\/","title":{"rendered":"\u201cMeus melhores escritos foram feitos quando era obrigado a depender s\u00f3 de Deus\u201d"},"content":{"rendered":"<p><img loading=\"lazy\" decoding=\"async\" class=\"alignright wp-image-9092 size-medium\" src=\"http:\/\/ultimato.com.br\/sites\/blogdaultimato\/files\/2017\/04\/selo_navaranda-300x75.jpg\" alt=\"\" width=\"300\" height=\"75\" srcset=\"https:\/\/ultimato.com.br\/sites\/blogdaultimato\/files\/2017\/04\/selo_navaranda-300x75.jpg 300w, https:\/\/ultimato.com.br\/sites\/blogdaultimato\/files\/2017\/04\/selo_navaranda.jpg 402w\" sizes=\"auto, (max-width: 300px) 100vw, 300px\" \/>O nosso convidado da vez em\u00a0<strong>\u201cNa Varanda com o Autor\u201d<\/strong>\u00a0\u00e9 pastor na Igreja Presbiteriana Independente do Estreito em Florian\u00f3polis (SC), gosta de surfar, caminhar e jardinar, \u00e9 mestre em Missiologia e doutor em Estudos Interculturais.<\/p>\n<p>Ele tamb\u00e9m \u00e9 autor do nosso lan\u00e7amento, <a href=\"http:\/\/www.ultimato.com.br\/loja\/produtos\/o-que-e-igreja-missional\">O que \u00e9 Igreja Missional?<\/a>, que aborda os modelos e exemplos b\u00edblicos que podemos aplicar \u00e0 nossa realidade. Confira nosso papo com Tim\u00f3teo Carriker:<\/p>\n<p><strong>Ultimato &#8211; Alguma pessoa ou livro, em especial, influenciou sua aproxima\u00e7\u00e3o da leitura e da escrita?<\/strong><\/p>\n<p><strong>Tim\u00f3teo &#8211;<\/strong> N\u00e3o foi nenhuma pessoa ou leitura em si, mas a necessidade da forma\u00e7\u00e3o que me levou a leitura, pois o semin\u00e1rio que cursei exigia uma m\u00e9dia de 2.000 p\u00e1ginas de leitura por disciplina (passava de 8 a 10 horas por dia s\u00f3 lendo!) e o minist\u00e9rio me levou a escrever. Nunca imaginei isto como uma voca\u00e7\u00e3o minha. Eu queria mesmo era ser um bi\u00f3logo marinho e passar a vida no mar. Deus tinha outros planos, embora eu ainda curta muito o mar. Mas quando adolescente li alguns livros de aventura que me influenciaram, sobre Daniel Boone, Davie Crocket e Robinson Cruso\u00e9.<\/p>\n<p><strong><img loading=\"lazy\" decoding=\"async\" class=\"alignright size-medium wp-image-11707\" src=\"http:\/\/ultimato.com.br\/sites\/blogdaultimato\/files\/Blog_Ult_23_08_18_Timoteo-283x300.jpg\" alt=\"\" width=\"283\" height=\"300\" srcset=\"https:\/\/ultimato.com.br\/sites\/blogdaultimato\/files\/Blog_Ult_23_08_18_Timoteo-283x300.jpg 283w, https:\/\/ultimato.com.br\/sites\/blogdaultimato\/files\/Blog_Ult_23_08_18_Timoteo-768x815.jpg 768w, https:\/\/ultimato.com.br\/sites\/blogdaultimato\/files\/Blog_Ult_23_08_18_Timoteo-964x1024.jpg 964w, https:\/\/ultimato.com.br\/sites\/blogdaultimato\/files\/Blog_Ult_23_08_18_Timoteo-732x777.jpg 732w, https:\/\/ultimato.com.br\/sites\/blogdaultimato\/files\/Blog_Ult_23_08_18_Timoteo-1140x1210.jpg 1140w, https:\/\/ultimato.com.br\/sites\/blogdaultimato\/files\/Blog_Ult_23_08_18_Timoteo.jpg 1878w\" sizes=\"auto, (max-width: 283px) 100vw, 283px\" \/>Quando a inspira\u00e7\u00e3o para escrever n\u00e3o vem\u2026<\/strong><\/p>\n<p>Considero que meus melhores escritos foram feitos nos momentos mais dif\u00edceis e menos inspirados da minha vida&#8230; quando era obrigado a depender somente de Deus. \u00c9 o caso da\u00a0\u201cVis\u00e3o Mission\u00e1ria da B\u00edblia\u201d.\u00a0Quando estava esmagado, emocionalmente mesmo, n\u00e3o conseguia escrever nada. Da\u00ed resolvi traduzir a B\u00edblia, algo mais &#8220;mec\u00e2nico&#8221;. Traduzi Ef\u00e9sios e Filipenses, mas parei por a\u00ed e nunca procurei publicar.<\/p>\n<p><strong>O que os adultos devem ler para as crian\u00e7as?<\/strong><\/p>\n<p>Com certeza as Cr\u00f4nicas de N\u00e1rnia e as hist\u00f3rias de C.S. Lewis. Tamb\u00e9m as hist\u00f3rias da B\u00edblia, como as do livro de Ju\u00edzes.<\/p>\n<p><strong>Que conselho voc\u00ea gostaria de ter recebido na sua juventude?<\/strong><\/p>\n<p>N\u00e3o abra nenhuma brecha nos seus princ\u00edpios crist\u00e3os.<\/p>\n<p><strong>Como voc\u00ea lida com o envelhecer?<\/strong><\/p>\n<p>Aumentei muito as minhas atividades f\u00edsicas (caminhadas de 8 a 14km, bike, surf e trilhas). H\u00e1 3 anos e meio mudei os h\u00e1bitos alimentares, aprendi a realmente apreciar a cria\u00e7\u00e3o de Deus e procuro gastar tempo sozinho com Deus, por exemplo, nas trilhas. Ainda preciso aprender melhor a dizer &#8220;n\u00e3o, obrigado&#8221;.<\/p>\n<p><strong>O que mais o anima e o que mais o incomoda no meio evang\u00e9lico?<\/strong><\/p>\n<p>O que mais me anima \u00e9 ver um movimento do Esp\u00edrito nascer e crescer, como o movimento mission\u00e1rio brasileiro nos \u00faltimos 40 anos, o minist\u00e9rio de Ultimato nesses 50 anos, e, no m\u00eas passado, o poss\u00edvel nascente de um movimento mission\u00e1rio na Angola.<\/p>\n<p>O que mais me incomoda e entristece \u00e9 uma escatologia e cosmovis\u00e3o que, na pr\u00e1tica &#8211; e muitas vezes at\u00e9 no discurso -, exclui a cria\u00e7\u00e3o material de Deus. Neste sentido, os escritos de Tom (N.T.) Wright durante os \u00faltimos 30 anos t\u00eam me inspirado e corrigido tremendamente.<\/p>\n","protected":false},"excerpt":{"rendered":"<p>O nosso convidado da vez em\u00a0\u201cNa Varanda com o Autor\u201d\u00a0\u00e9 pastor na Igreja Presbiteriana Independente do Estreito em Florian\u00f3polis (SC), gosta de surfar, caminhar e jardinar, \u00e9 mestre em Missiologia e doutor em Estudos Interculturais.<br \/>\nEle tamb\u00e9m \u00e9 autor do nosso lan\u00e7amento, O que \u00e9 Igreja Missional?, que aborda os modelos e exemplos b\u00edblicos que podemos [&#8230;]<\/p>\n","protected":false},"author":21,"featured_media":0,"comment_status":"open","ping_status":"open","sticky":false,"template":"","format":"standard","meta":{"ngg_post_thumbnail":0,"footnotes":""},"categories":[32239],"tags":[32239,12028],"class_list":["post-11705","post","type-post","status-publish","format-standard","hentry","category-na-varanda-com-o-autor","tag-na-varanda-com-o-autor","tag-timoteo-carriker"],"_links":{"self":[{"href":"https:\/\/ultimato.com.br\/sites\/blogdaultimato\/wp-json\/wp\/v2\/posts\/11705","targetHints":{"allow":["GET"]}}],"collection":[{"href":"https:\/\/ultimato.com.br\/sites\/blogdaultimato\/wp-json\/wp\/v2\/posts"}],"about":[{"href":"https:\/\/ultimato.com.br\/sites\/blogdaultimato\/wp-json\/wp\/v2\/types\/post"}],"author":[{"embeddable":true,"href":"https:\/\/ultimato.com.br\/sites\/blogdaultimato\/wp-json\/wp\/v2\/users\/21"}],"replies":[{"embeddable":true,"href":"https:\/\/ultimato.com.br\/sites\/blogdaultimato\/wp-json\/wp\/v2\/comments?post=11705"}],"version-history":[{"count":2,"href":"https:\/\/ultimato.com.br\/sites\/blogdaultimato\/wp-json\/wp\/v2\/posts\/11705\/revisions"}],"predecessor-version":[{"id":11708,"href":"https:\/\/ultimato.com.br\/sites\/blogdaultimato\/wp-json\/wp\/v2\/posts\/11705\/revisions\/11708"}],"wp:attachment":[{"href":"https:\/\/ultimato.com.br\/sites\/blogdaultimato\/wp-json\/wp\/v2\/media?parent=11705"}],"wp:term":[{"taxonomy":"category","embeddable":true,"href":"https:\/\/ultimato.com.br\/sites\/blogdaultimato\/wp-json\/wp\/v2\/categories?post=11705"},{"taxonomy":"post_tag","embeddable":true,"href":"https:\/\/ultimato.com.br\/sites\/blogdaultimato\/wp-json\/wp\/v2\/tags?post=11705"}],"curies":[{"name":"wp","href":"https:\/\/api.w.org\/{rel}","templated":true}]}}