{"id":11296,"date":"2018-06-07T10:50:05","date_gmt":"2018-06-07T12:50:05","guid":{"rendered":"http:\/\/ultimato.com.br\/sites\/blogdaultimato\/?p=11296"},"modified":"2018-06-08T13:46:25","modified_gmt":"2018-06-08T15:46:25","slug":"ultimato-em-semana-de-oracao-pelas-criancas","status":"publish","type":"post","link":"https:\/\/ultimato.com.br\/sites\/blogdaultimato\/2018\/06\/07\/ultimato-em-semana-de-oracao-pelas-criancas\/","title":{"rendered":"Ultimato em semana de ora\u00e7\u00e3o pelas crian\u00e7as"},"content":{"rendered":"<p><strong>Por Jean Mendes<\/strong><\/p>\n<div id=\"attachment_11299\" style=\"width: 360px\" class=\"wp-caption alignright\"><a href=\"http:\/\/ultimato.com.br\/sites\/blogdaultimato\/files\/IMG_4443.jpg\" class=\"lightview\" data-lightview-group=\"group-11296\" data-lightview-options=\"skin: 'dark', controls: 'relative', padding: '10', shadow: { color: '#000000', opacity: 0.08, blur: 3 }\"><img loading=\"lazy\" decoding=\"async\" aria-describedby=\"caption-attachment-11299\" class=\"wp-image-11299\" src=\"http:\/\/ultimato.com.br\/sites\/blogdaultimato\/files\/IMG_4443.jpg\" alt=\"\" width=\"350\" height=\"237\" srcset=\"https:\/\/ultimato.com.br\/sites\/blogdaultimato\/files\/IMG_4443.jpg 700w, https:\/\/ultimato.com.br\/sites\/blogdaultimato\/files\/IMG_4443-300x203.jpg 300w\" sizes=\"auto, (max-width: 350px) 100vw, 350px\" \/><\/a><p id=\"caption-attachment-11299\" class=\"wp-caption-text\">Rede de ora\u00e7\u00e3o, com fotos e nomes de crian\u00e7as, no hall de entrada da editora.<\/p><\/div>\n<p>Qual foi a \u00faltima vez que voc\u00ea orou pelas crian\u00e7as? Voc\u00ea j\u00e1 agradeceu a Deus pelo que Ele fez e ainda far\u00e1 na vida delas? Foi nesse intuito que a equipe Ultimato participou do <a href=\"http:\/\/www.ultimato.com.br\/conteudo\/campanha-chama-cristaos-a-oracao-pelas-criancas-e-adolescentes-socialmente-vulneraveis\">23\u00ba Mutir\u00e3o de Ora\u00e7\u00e3o pelas Crian\u00e7as Socialmente Vulner\u00e1veis<strong>,<\/strong><\/a> promovido pela Rede M\u00e3os Dadas. Este ano o tema foi \u201cFidelidade de Gera\u00e7\u00e3o em Gera\u00e7\u00e3o\u201d. V\u00e1rias igrejas e organiza\u00e7\u00f5es participam desta campanha. Durante toda a semana oramos e agradecemos a Deus pelas crian\u00e7as.<\/p>\n<p>J\u00e1 faz 16 anos que Ultimato participa do mutir\u00e3o. Somos incentivados a trazer fotos dos filhos, sobrinhos e outras crian\u00e7as para serem alvos das ora\u00e7\u00f5es. Muitas destas j\u00e1 est\u00e3o crescidas e o cuidado de Deus permanece sobre elas. Desta vez, oramos especificamente por 79 crian\u00e7as, al\u00e9m de nos lembrar das crian\u00e7as da S\u00edria, que sofrem pelo estado de guerra em que vive o pa\u00eds.<\/p>\n<p>Bem, como n\u00e3o poderia deixar de ser, recebemos a visita crian\u00e7as da vizinhan\u00e7a para orarmos juntos. Este momento \u00e9 sempre precioso e contagiante. Nos demais dias, cada colaborador recebeu motivos espec\u00edficos de intercess\u00e3o. Cremos que esta \u00e9 a hora de pedir a Deus pelas crian\u00e7as do nosso pa\u00eds e do mundo, para que Ele alcance os seus cora\u00e7\u00f5es, d\u00ea a elas o p\u00e3o de cada dia e livre-as de todo mal.<\/p>\n<p>Durante a campanha a sede da editora recebeu uma \u201ccara nova\u201d. No hall de entrada, havia fotos dos pequeninos e diversos motivos de ora\u00e7\u00e3o. As portas das salas foram decoradas com as seguintes frases, convidando \u00e0 reflex\u00e3o: \u201cO que Deus j\u00e1 fez pelas crian\u00e7as por quem voc\u00ea ora? O que Deus est\u00e1 fazendo e o que Deus far\u00e1?\u201d Al\u00e9m disso, a mesa do caf\u00e9 oferecido \u00e0 equipe foi ornamentada com objetos que nos remeteram \u00e0 situa\u00e7\u00e3o de vulnerabilidade das crian\u00e7as.<\/p>\n<p>Para Ultimato a participa\u00e7\u00e3o no Mutir\u00e3o de Ora\u00e7\u00e3o \u00e9 vital. A diretora da Ultimato, Kl\u00eania Fassoni, diz que \u201cFazemos isso porque acreditamos no poder da ora\u00e7\u00e3o e porque vemos as crian\u00e7as n\u00e3o s\u00f3 como as mais vulner\u00e1veis a quaisquer situa\u00e7\u00f5es adversas, como tamb\u00e9m preciosas aos olhos de Deus\u201d.<\/p>\n<p>Como crist\u00e3os, cremos que, como diz <a href=\"http:\/\/www.ultimato.com.br\/loja\/produtos\/a-crianca-a-igreja-e-a-missao\">Dan Brewster<\/a>, \u201cUma das formas de Deus atender ao choro das crian\u00e7as \u00e9 abrindo os olhos dos adultos\u201d. Por isso, somos convocados a orar e agir, e fazemos isso com alegria e na dire\u00e7\u00e3o do Senhor.<\/p>\nngg_shortcode_0_placeholder\n<p>&nbsp;<\/p>\n","protected":false},"excerpt":{"rendered":"<p>Por Jean Mendes<br \/>\nQual foi a \u00faltima vez que voc\u00ea orou pelas crian\u00e7as? Voc\u00ea j\u00e1 agradeceu a Deus pelo que Ele fez e ainda far\u00e1 na vida delas? Foi nesse intuito que a equipe Ultimato participou do 23\u00ba Mutir\u00e3o de Ora\u00e7\u00e3o pelas Crian\u00e7as Socialmente Vulner\u00e1veis, promovido pela Rede M\u00e3os Dadas. Este ano o tema foi \u201cFidelidade [&#8230;]<\/p>\n","protected":false},"author":21,"featured_media":0,"comment_status":"open","ping_status":"open","sticky":false,"template":"","format":"standard","meta":{"ngg_post_thumbnail":0,"footnotes":""},"categories":[22790,16246,5153,6111],"tags":[15,32254,39944,124,154],"class_list":["post-11296","post","type-post","status-publish","format-standard","hentry","category-acoes-ministeriais-ultimas-de-ca","category-cafe-ultimato","category-prateleira","category-ultimas-de-ca","tag-criancas","tag-mmo","tag-mutirao-mundial-de-oracao-2018","tag-oracao","tag-ultimato"],"_links":{"self":[{"href":"https:\/\/ultimato.com.br\/sites\/blogdaultimato\/wp-json\/wp\/v2\/posts\/11296","targetHints":{"allow":["GET"]}}],"collection":[{"href":"https:\/\/ultimato.com.br\/sites\/blogdaultimato\/wp-json\/wp\/v2\/posts"}],"about":[{"href":"https:\/\/ultimato.com.br\/sites\/blogdaultimato\/wp-json\/wp\/v2\/types\/post"}],"author":[{"embeddable":true,"href":"https:\/\/ultimato.com.br\/sites\/blogdaultimato\/wp-json\/wp\/v2\/users\/21"}],"replies":[{"embeddable":true,"href":"https:\/\/ultimato.com.br\/sites\/blogdaultimato\/wp-json\/wp\/v2\/comments?post=11296"}],"version-history":[{"count":6,"href":"https:\/\/ultimato.com.br\/sites\/blogdaultimato\/wp-json\/wp\/v2\/posts\/11296\/revisions"}],"predecessor-version":[{"id":11325,"href":"https:\/\/ultimato.com.br\/sites\/blogdaultimato\/wp-json\/wp\/v2\/posts\/11296\/revisions\/11325"}],"wp:attachment":[{"href":"https:\/\/ultimato.com.br\/sites\/blogdaultimato\/wp-json\/wp\/v2\/media?parent=11296"}],"wp:term":[{"taxonomy":"category","embeddable":true,"href":"https:\/\/ultimato.com.br\/sites\/blogdaultimato\/wp-json\/wp\/v2\/categories?post=11296"},{"taxonomy":"post_tag","embeddable":true,"href":"https:\/\/ultimato.com.br\/sites\/blogdaultimato\/wp-json\/wp\/v2\/tags?post=11296"}],"curies":[{"name":"wp","href":"https:\/\/api.w.org\/{rel}","templated":true}]}}