{"id":11255,"date":"2018-06-04T10:12:35","date_gmt":"2018-06-04T12:12:35","guid":{"rendered":"http:\/\/ultimato.com.br\/sites\/blogdaultimato\/?p=11255"},"modified":"2018-06-04T12:37:00","modified_gmt":"2018-06-04T14:37:00","slug":"vocare-2018-encerra-com-jovens-encorajados-e-comprometidos-com-suas-vocacoes","status":"publish","type":"post","link":"https:\/\/ultimato.com.br\/sites\/blogdaultimato\/2018\/06\/04\/vocare-2018-encerra-com-jovens-encorajados-e-comprometidos-com-suas-vocacoes\/","title":{"rendered":"Vocare 2018 encerra com jovens encorajados e comprometidos com suas voca\u00e7\u00f5es"},"content":{"rendered":"<p><span style=\"font-weight: 400;\"><img loading=\"lazy\" decoding=\"async\" class=\"size-full wp-image-11261 alignnone\" src=\"http:\/\/ultimato.com.br\/sites\/blogdaultimato\/files\/blog_Ult_04_06_18_vocare.jpeg\" alt=\"\" width=\"1280\" height=\"442\" srcset=\"https:\/\/ultimato.com.br\/sites\/blogdaultimato\/files\/blog_Ult_04_06_18_vocare.jpeg 1280w, https:\/\/ultimato.com.br\/sites\/blogdaultimato\/files\/blog_Ult_04_06_18_vocare-300x104.jpeg 300w, https:\/\/ultimato.com.br\/sites\/blogdaultimato\/files\/blog_Ult_04_06_18_vocare-768x265.jpeg 768w, https:\/\/ultimato.com.br\/sites\/blogdaultimato\/files\/blog_Ult_04_06_18_vocare-1024x354.jpeg 1024w, https:\/\/ultimato.com.br\/sites\/blogdaultimato\/files\/blog_Ult_04_06_18_vocare-732x253.jpeg 732w, https:\/\/ultimato.com.br\/sites\/blogdaultimato\/files\/blog_Ult_04_06_18_vocare-1140x394.jpeg 1140w\" sizes=\"auto, (max-width: 1280px) 100vw, 1280px\" \/><\/span><\/p>\n<p><span style=\"color: #808000;\"><strong>\/\/ ESPECIAL VOCARE 2018<\/strong><\/span><\/p>\n<p><span style=\"font-weight: 400;\">Cerca de mil jovens de diversos estados de todas as regi\u00f5es do pa\u00eds participaram do Vocare 2018, que aconteceu em Maring\u00e1, PR, e encerrou neste domingo, 03\/06.<\/span><\/p>\n<p><span style=\"font-weight: 400;\">Por causa do cen\u00e1rio nacional conturbado com a greve dos caminhoneiros na semana que antecedeu o evento, a equipe executiva iniciou o congresso com incertezas quanto \u00e0 participa\u00e7\u00e3o do p\u00fablico. Rodrigo Gomes, coordenador geral, fez sua avalia\u00e7\u00e3o do Vocare 2018: \u201cO \u00faltimo m\u00eas foi um per\u00edodo muito tenso porque percebemos que se a gente n\u00e3o colocasse o joelho no ch\u00e3o, em ora\u00e7\u00e3o, o neg\u00f3cio n\u00e3o aconteceria. S\u00f3 levamos em frente a decis\u00e3o de fazer o evento porque Deus estava mandando a gente fazer. Come\u00e7amos o congresso esperando o pior cen\u00e1rio, sabendo que se viessem apenas cem ou duzentas pessoas, \u00edamos fazer do mesmo jeito porque Deus estava mandando a gente fazer.\u201d<\/span><\/p>\n<p><span style=\"font-weight: 400;\">Apesar do receio da coordena\u00e7\u00e3o, o congresso surpreendeu. Entre os participantes estavam representantes dos segmentos menos evangelizados do pa\u00eds. Cerca de quinze surdos, vindos de Bras\u00edlia e S\u00e3o Paulo, marcaram presen\u00e7a no evento, junto com o pastor F\u00e1bio Vedoato, presidente Nacional da Associa\u00e7\u00e3o de Obreiros Surdos. De Dourados, MS, junto com Daniel Poquiviqui, ind\u00edgena Terena e integrante do Conplei, vieram cinco jovens ind\u00edgenas, que ajudaram na realiza\u00e7\u00e3o da viv\u00eancia mission\u00e1ria. Pessoas de outros pa\u00edses que est\u00e3o no Brasil em situa\u00e7\u00e3o de ref\u00fagio tamb\u00e9m estiveram presentes no congresso.<\/span><\/p>\n<h5><strong>Enviados para que todos os povos participem da mesa de Jesus<\/strong><\/h5>\n<p><span style=\"font-weight: 400;\">Com uma programa\u00e7\u00e3o extensa e intensa, com pain\u00e9is, mais de quarenta oficinas, pequenos grupos, maratona de leitura b\u00edblica, viv\u00eancia mission\u00e1ria e outras diversas atividades, a \u00faltima noite do Vocare foi um dos pontos altos do congresso. Inspirados pelo testemunho de um jovem brasileiro e um mission\u00e1rio de carreira, ambos com atua\u00e7\u00e3o na China, os participantes foram encorajados a assumirem suas voca\u00e7\u00f5es.<\/span><\/p>\n<p><span style=\"font-weight: 400;\">Tr\u00eas momentos especiais marcaram a programa\u00e7\u00e3o de s\u00e1bado \u00e0 noite. Ap\u00f3s a coordena\u00e7\u00e3o da equipe Vocare orar por jovens que est\u00e3o se preparando para partir rumo ao campo mission\u00e1rio transcultural ainda em 2018, uma mesa foi posta para a celebra\u00e7\u00e3o da Santa Ceia. Antes que os participantes comessem o p\u00e3o e tomassem o c\u00e1lice, pessoas representando grupos n\u00e3o evangelizados se levantaram na plateia reivindicando que ainda h\u00e1 milh\u00f5es de pessoas que precisam ouvir o evangelho para poder terem o privil\u00e9gio de participar da mesa de Jesus. A noite encerrou com muitos jovens indo em frente ao palco, em resposta ao &#8220;apelo mission\u00e1rio&#8221;, para orarem juntos confirmando seu desejo em aceitar e cumprir a vontade de Deus para suas vidas. \u201cO que mais me marcou foi a noite de s\u00e1bado, quando 182 jovens oraram se comprometendo para que o evangelho chegue a todos os povos. Para n\u00f3s, esse \u00e9 um dos maiores frutos do Vocare: ver jovens desafiados e querendo viver sua voca\u00e7\u00e3o em Cristo\u201d, destacou Rodrigo Gomes.<\/span><\/p>\n<p><span style=\"font-weight: 400;\">No domingo pela manh\u00e3, dois testemunhos impactaram os participantes. Jetro Coutinho, um jovem de 27 anos, estudou dois anos para passar em uma prova com vinte mat\u00e9rias e se tornar Auditor do Tribunal de Contas da Uni\u00e3o. \u201cMinha voca\u00e7\u00e3o \u00e9 lutar contra a corrup\u00e7\u00e3o. Eu quero devolver para a na\u00e7\u00e3o muito mais que ela me paga como sal\u00e1rio\u201d, afirmou Coutinho, que em uma a\u00e7\u00e3o conseguiu devolver 250 milh\u00f5es reais aos cofres da Uni\u00e3o. Samir Rocha, mission\u00e1rio que atua em um pa\u00eds em que h\u00e1 restri\u00e7\u00e3o religiosa, desafiou os jovens a estarem dispostos a sofrer no cumprimento de sua voca\u00e7\u00e3o: \u201cO que \u00e9 seguir a Jesus? \u00c9 ir onde ele for. Jesus sofreu e foi para a cruz. Voc\u00ea est\u00e1 disposto a sofrer pela gl\u00f3ria de Deus? Sofrer pela gl\u00f3ria de Deus \u00e9 um privil\u00e9gio, uma honra.\u201d, enfatizou o mission\u00e1rio.<\/span><\/p>\n<p><span style=\"font-weight: 400;\">O congresso encerrou com o resultado do VocLab, uma iniciativa do Movimento Vocare que premia projetos que querem mudar o mundo. Dentre os tr\u00eas finalistas o vencedor foi o Open Taste. O projeto consiste em fornecer espa\u00e7o e estrutura adequada, assessoria de marketing, para que chefes imigrantes e refugiados possam preparar e vender pratos t\u00edpicos de seus pa\u00edses.<\/span><\/p>\n","protected":false},"excerpt":{"rendered":"<p>\/\/ ESPECIAL VOCARE 2018<br \/>\nCerca de mil jovens de diversos estados de todas as regi\u00f5es do pa\u00eds participaram do Vocare 2018, que aconteceu em Maring\u00e1, PR, e encerrou neste domingo, 03\/06.<br \/>\nPor causa do cen\u00e1rio nacional conturbado com a greve dos caminhoneiros na semana que antecedeu o evento, a equipe executiva iniciou o congresso com incertezas quanto [&#8230;]<\/p>\n","protected":false},"author":21,"featured_media":0,"comment_status":"open","ping_status":"open","sticky":false,"template":"","format":"standard","meta":{"ngg_post_thumbnail":0,"footnotes":""},"categories":[5153,6111],"tags":[109,5799,32232,22822,38347],"class_list":["post-11255","post","type-post","status-publish","format-standard","hentry","category-prateleira","category-ultimas-de-ca","tag-evento","tag-noticia","tag-ultimatonovocare","tag-vocacao-e-juventude","tag-vocare-2018"],"_links":{"self":[{"href":"https:\/\/ultimato.com.br\/sites\/blogdaultimato\/wp-json\/wp\/v2\/posts\/11255","targetHints":{"allow":["GET"]}}],"collection":[{"href":"https:\/\/ultimato.com.br\/sites\/blogdaultimato\/wp-json\/wp\/v2\/posts"}],"about":[{"href":"https:\/\/ultimato.com.br\/sites\/blogdaultimato\/wp-json\/wp\/v2\/types\/post"}],"author":[{"embeddable":true,"href":"https:\/\/ultimato.com.br\/sites\/blogdaultimato\/wp-json\/wp\/v2\/users\/21"}],"replies":[{"embeddable":true,"href":"https:\/\/ultimato.com.br\/sites\/blogdaultimato\/wp-json\/wp\/v2\/comments?post=11255"}],"version-history":[{"count":7,"href":"https:\/\/ultimato.com.br\/sites\/blogdaultimato\/wp-json\/wp\/v2\/posts\/11255\/revisions"}],"predecessor-version":[{"id":11264,"href":"https:\/\/ultimato.com.br\/sites\/blogdaultimato\/wp-json\/wp\/v2\/posts\/11255\/revisions\/11264"}],"wp:attachment":[{"href":"https:\/\/ultimato.com.br\/sites\/blogdaultimato\/wp-json\/wp\/v2\/media?parent=11255"}],"wp:term":[{"taxonomy":"category","embeddable":true,"href":"https:\/\/ultimato.com.br\/sites\/blogdaultimato\/wp-json\/wp\/v2\/categories?post=11255"},{"taxonomy":"post_tag","embeddable":true,"href":"https:\/\/ultimato.com.br\/sites\/blogdaultimato\/wp-json\/wp\/v2\/tags?post=11255"}],"curies":[{"name":"wp","href":"https:\/\/api.w.org\/{rel}","templated":true}]}}