{"id":11246,"date":"2018-06-02T23:54:49","date_gmt":"2018-06-03T01:54:49","guid":{"rendered":"http:\/\/ultimato.com.br\/sites\/blogdaultimato\/?p=11246"},"modified":"2018-06-04T21:15:59","modified_gmt":"2018-06-04T23:15:59","slug":"a-evangelizacao-dos-segmentos-minoritarios-do-brasil","status":"publish","type":"post","link":"https:\/\/ultimato.com.br\/sites\/blogdaultimato\/2018\/06\/02\/a-evangelizacao-dos-segmentos-minoritarios-do-brasil\/","title":{"rendered":"A evangeliza\u00e7\u00e3o dos segmentos minorit\u00e1rios do Brasil"},"content":{"rendered":"<p><span style=\"color: #808000;\"><b>\/\/ ESPECIAL VOCARE2018<\/b><\/span><\/p>\n<p><span style=\"font-weight: 400;\"><img loading=\"lazy\" decoding=\"async\" class=\"alignright wp-image-11265\" src=\"http:\/\/ultimato.com.br\/sites\/blogdaultimato\/files\/blog_Ultimato_03_06_18_vocare_painel.jpg\" alt=\"\" width=\"350\" height=\"248\" srcset=\"https:\/\/ultimato.com.br\/sites\/blogdaultimato\/files\/blog_Ultimato_03_06_18_vocare_painel.jpg 879w, https:\/\/ultimato.com.br\/sites\/blogdaultimato\/files\/blog_Ultimato_03_06_18_vocare_painel-300x213.jpg 300w, https:\/\/ultimato.com.br\/sites\/blogdaultimato\/files\/blog_Ultimato_03_06_18_vocare_painel-768x544.jpg 768w, https:\/\/ultimato.com.br\/sites\/blogdaultimato\/files\/blog_Ultimato_03_06_18_vocare_painel-732x519.jpg 732w\" sizes=\"auto, (max-width: 350px) 100vw, 350px\" \/>\u201cAs Realidades Menos Evangelizadas do Brasil\u201d. Esse foi o tema de um dos tr\u00eas pain\u00e9is que aconteceram na manh\u00e3 deste s\u00e1bado, 02\/06, no terceiro dia do Vocare 2018. O painel contou com participa\u00e7\u00e3o de representantes de organiza\u00e7\u00f5es que trabalham junto a sete segmentos: ribeirinhos, quilombolas, sertanejos, ind\u00edgenas, ciganos, surdos e refugiados. Cada painelista apresentou a realidade de cada segmento no intuito de despertar a igreja para a grande necessidade de alcan\u00e7ar grupos espec\u00edficos no territ\u00f3rio nacional.<\/span><\/p>\n<p><span style=\"font-weight: 400;\">Ant\u00f4nio Alves, da Miss\u00e3o Amigos dos Ciganos, falou sobre o preconceito que existe com os ciganos e criticou a vis\u00e3o de que a evangeliza\u00e7\u00e3o extingue a cultura de um povo. \u201cMinha convers\u00e3o me fez ser mais cigano ainda\u201d, afirmou ele, que alertou ainda para um erro muito comum de tentar evangelizar sem antes conhecer os costumes e valores do grupo. \u201c\u00c9 preciso se preparar antes para evangelizar o cigano, se n\u00e3o souber como fazer, a pessoa fecha a porta para si e para os outros\u201d, finalizou.<\/span><\/p>\n<p><span style=\"font-weight: 400;\">Alisson Medeiros, da Miss\u00e3o Juvep, falou sobre os quilombolas e os sertanejos. Medeiros mencionou a l\u00edngua do povo e dist\u00e2ncia territorial como fatores que dificultam a evangeliza\u00e7\u00e3o desses grupos. Ele tamb\u00e9m incentivou os congressistas a conhecerem os quilombolas e sertanejos. Explicou que os grupos em quest\u00e3o t\u00eam suas cren\u00e7as, mas n\u00e3o inalcan\u00e7\u00e1veis e destacou que a ora\u00e7\u00e3o por esses povos \u00e9 a primeira atitude de devemos ter.<\/span><\/p>\n<p><span style=\"font-weight: 400;\">Cassiano Luz, da Sepal, destacou a crise mundial dos refugiados, chamando a aten\u00e7\u00e3o para o caso dos venezuelanos no Brasil. Segundo ele, a concentra\u00e7\u00e3o dos refugiados em Roraima pede urg\u00eancia de distribui\u00e7\u00e3o entre os demais estados. \u201cTemos trabalhado com diversas a\u00e7\u00f5es para receb\u00ea-los. O grande desafio hoje seria a implanta\u00e7\u00e3o de igrejas\u201d, afirmou.<\/span><\/p>\n<p><span style=\"font-weight: 400;\">Quanto a evangeliza\u00e7\u00e3o entre os surdos, Mar\u00edlia Manh\u00e3es, da Junta de Miss\u00f5es Nacionais Batista (JMN), esclareceu que o grupo est\u00e1 espalhado e isso cria uma etapa a mais no processo, j\u00e1 que \u00e9 preciso dedica\u00e7\u00e3o para encontr\u00e1-los. Tamb\u00e9m \u00e9 necess\u00e1rio preparo por parte da igreja para que o surdo consiga permanecer e se firmar em uma comunidade de f\u00e9 ap\u00f3s conhecer a Cristo.<\/span><\/p>\n<p><span style=\"font-weight: 400;\">M\u00e1rcio Garcia, da Miss\u00e3o Evang\u00e9lica de Assist\u00eancia aos Pescadores (MEAP), comemorou o avan\u00e7o de alguns projetos nos \u00faltimos dois anos na evangeliza\u00e7\u00e3o dos povos ribeirinhos. Um exemplo \u00e9 um servi\u00e7o a\u00e9reo que avisa os mission\u00e1rios quando h\u00e1 vagas em voos para determinados destinos que se deseja ir. Atrav\u00e9s de parcerias, barcos foram colocados em lugares estrat\u00e9gicos, para possibilitar que evangelho chegue aos ribeirinhos que vivem nas comunidades mais distantes.<\/span><\/p>\n<p><span style=\"font-weight: 400;\">Daniel Poquiviqui, ind\u00edgena Terena, nasceu fora da aldeia e contou como foi dif\u00edcil ser aceito, tanto na cidade quanto na tribo. Quanto \u00e0 evangeliza\u00e7\u00e3o, Poquiviqui comentou que o tipo de acolhimento aos ind\u00edgenas, at\u00e9 mesmo os j\u00e1 convertidos, faz com que muitos n\u00e3o voltem \u00e0s igrejas. Para que os ind\u00edgenas possam louvar a Deus e conhecer o evangelho sem a perda de sua cultura, Poquiviqui est\u00e1 trabalhando em projetos de implanta\u00e7\u00e3o de igreja ind\u00edgena na cidade e tradu\u00e7\u00e3o da B\u00edblia na l\u00edngua das tribos. \u201cO povo ind\u00edgena precisa de capacita\u00e7\u00e3o b\u00edblica e discipulado\u201d, finalizou.<\/span><\/p>\n<p><em><span style=\"font-weight: 400;\">Por Luane Souto<\/span><\/em><\/p>\n<p><em><span style=\"font-weight: 400;\">Edi\u00e7\u00e3o: Phelipe Reis<\/span><\/em><\/p>\n<p><strong>Leia tamb\u00e9m<\/strong><br \/>\n&gt;&gt;\u00a0<a href=\"http:\/\/ultimato.com.br\/sites\/blogdaultimato\/2018\/05\/31\/comecou-o-vocare-2018\/\" target=\"_blank\" rel=\"noopener\">Come\u00e7ou o Vocare 2018<\/a><br \/>\n&gt;&gt;\u00a0<a href=\"http:\/\/ultimato.com.br\/sites\/blogdaultimato\/2018\/06\/01\/as-vozes-na-evangelizacao-dos-surdos\/\" target=\"_blank\" rel=\"noopener\">As vozes na evangeliza\u00e7\u00e3o dos surdos<\/a><br \/>\n&gt;&gt;\u00a0<a href=\"http:\/\/ultimato.com.br\/sites\/blogdaultimato\/2018\/06\/02\/os-desafios-para-testemunhar-o-evangelho-a-cultura-jovem-global\/\" target=\"_blank\" rel=\"noopener\">Os desafios para testemunhar o evangelho \u00e0 cultura jovem global<\/a><\/p>\n","protected":false},"excerpt":{"rendered":"<p>\/\/ ESPECIAL VOCARE2018<br \/>\n\u201cAs Realidades Menos Evangelizadas do Brasil\u201d. Esse foi o tema de um dos tr\u00eas pain\u00e9is que aconteceram na manh\u00e3 deste s\u00e1bado, 02\/06, no terceiro dia do Vocare 2018. O painel contou com participa\u00e7\u00e3o de representantes de organiza\u00e7\u00f5es que trabalham junto a sete segmentos: ribeirinhos, quilombolas, sertanejos, ind\u00edgenas, ciganos, surdos e refugiados. Cada painelista [&#8230;]<\/p>\n","protected":false},"author":21,"featured_media":0,"comment_status":"open","ping_status":"open","sticky":false,"template":"","format":"standard","meta":{"ngg_post_thumbnail":0,"footnotes":""},"categories":[5153,6111],"tags":[98,38349,19295,38347],"class_list":["post-11246","post","type-post","status-publish","format-standard","hentry","category-prateleira","category-ultimas-de-ca","tag-evangelizacao","tag-luane-souto","tag-povos-minoritarios","tag-vocare-2018"],"_links":{"self":[{"href":"https:\/\/ultimato.com.br\/sites\/blogdaultimato\/wp-json\/wp\/v2\/posts\/11246","targetHints":{"allow":["GET"]}}],"collection":[{"href":"https:\/\/ultimato.com.br\/sites\/blogdaultimato\/wp-json\/wp\/v2\/posts"}],"about":[{"href":"https:\/\/ultimato.com.br\/sites\/blogdaultimato\/wp-json\/wp\/v2\/types\/post"}],"author":[{"embeddable":true,"href":"https:\/\/ultimato.com.br\/sites\/blogdaultimato\/wp-json\/wp\/v2\/users\/21"}],"replies":[{"embeddable":true,"href":"https:\/\/ultimato.com.br\/sites\/blogdaultimato\/wp-json\/wp\/v2\/comments?post=11246"}],"version-history":[{"count":5,"href":"https:\/\/ultimato.com.br\/sites\/blogdaultimato\/wp-json\/wp\/v2\/posts\/11246\/revisions"}],"predecessor-version":[{"id":13192,"href":"https:\/\/ultimato.com.br\/sites\/blogdaultimato\/wp-json\/wp\/v2\/posts\/11246\/revisions\/13192"}],"wp:attachment":[{"href":"https:\/\/ultimato.com.br\/sites\/blogdaultimato\/wp-json\/wp\/v2\/media?parent=11246"}],"wp:term":[{"taxonomy":"category","embeddable":true,"href":"https:\/\/ultimato.com.br\/sites\/blogdaultimato\/wp-json\/wp\/v2\/categories?post=11246"},{"taxonomy":"post_tag","embeddable":true,"href":"https:\/\/ultimato.com.br\/sites\/blogdaultimato\/wp-json\/wp\/v2\/tags?post=11246"}],"curies":[{"name":"wp","href":"https:\/\/api.w.org\/{rel}","templated":true}]}}