{"id":11130,"date":"2018-05-17T13:27:21","date_gmt":"2018-05-17T15:27:21","guid":{"rendered":"http:\/\/ultimato.com.br\/sites\/blogdaultimato\/?p=11130"},"modified":"2019-08-28T09:59:13","modified_gmt":"2019-08-28T11:59:13","slug":"o-que-voce-faz-com-os-exemplares-antigos-de-ultimato","status":"publish","type":"post","link":"https:\/\/ultimato.com.br\/sites\/blogdaultimato\/2018\/05\/17\/o-que-voce-faz-com-os-exemplares-antigos-de-ultimato\/","title":{"rendered":"O que voc\u00ea faz com os exemplares antigos de Ultimato?"},"content":{"rendered":"<p><img loading=\"lazy\" decoding=\"async\" class=\"alignright size-medium wp-image-11133\" src=\"http:\/\/ultimato.com.br\/sites\/blogdaultimato\/files\/Blog_Ult_17_05_18_mhcu-2-300x200.jpg\" alt=\"\" width=\"300\" height=\"200\" srcset=\"https:\/\/ultimato.com.br\/sites\/blogdaultimato\/files\/Blog_Ult_17_05_18_mhcu-2-300x200.jpg 300w, https:\/\/ultimato.com.br\/sites\/blogdaultimato\/files\/Blog_Ult_17_05_18_mhcu-2.jpg 519w\" sizes=\"auto, (max-width: 300px) 100vw, 300px\" \/>De dois em dois meses chega uma nova edi\u00e7\u00e3o da revista Ultimato \u00e0 casa dos assinantes. Desde a Abertura, passando pela mat\u00e9ria de capa at\u00e9 Ponto Final, s\u00e3o v\u00e1rias colunas e se\u00e7\u00f5es publicadas para edificar o leitor a cada n\u00famero. At\u00e9 hoje, j\u00e1 s\u00e3o 371. Mas depois de ler esse conte\u00fado, e de uma edi\u00e7\u00e3o novinha em folha acabar de chegar, o que voc\u00ea faz com os exemplares antigos?<\/p>\n<p>A arte educadora Jacqueline Schalm, de Blumenau (SC), come\u00e7ou lendo as revistas que chegavam para o pai, e agora assina as dela. Ela conta sua hist\u00f3ria com Ultimato e nela tem uma boa dica do que fazer com esses exemplares antigos:<\/p>\n<blockquote><p>\u201cConheci a Ultimato em meados dos anos 80, quando ainda era uma adolescente. Meu pai tinha alguns exemplares e como sempre fui uma \u00e1vida leitora, me interessei.<\/p>\n<p>&nbsp;<\/p>\n<p>Gosto da revista por trazer mat\u00e9rias diversas, mesclando textos b\u00edblicos e de autoria de homens e mulheres de Deus, por tratar de assuntos do nosso dia a dia, como m\u00fasica, artes, literatura, testemunhos de vida,\u00a0entre outros. Uso esse material como inspira\u00e7\u00e3o para estudar temas relacionados ao servir, em reuni\u00f5es de estudo, devocionais.<\/p>\n<p>&nbsp;<\/p>\n<p><strong>Colecionei alguns exemplares da revista, mas aos poucos fui <\/strong><strong>presenteando<\/strong>. Outros, tive que devolver ao meu pai quando ele mudou de cidade. Quando estive num treinamento transcultural, em 2011, fui desafiada a assinar a revista. At\u00e9 ent\u00e3o, tinha acesso a alguns exemplares, mas sem sequ\u00eancia. Depois n\u00e3o consegui mais me desligar de Ultimato. Pude ofertar um ano de assinatura aos meus pastores, mentores de minha caminhada crist\u00e3.<\/p>\n<p>&nbsp;<\/p>\n<p><img loading=\"lazy\" decoding=\"async\" class=\"alignleft size-thumbnail wp-image-10936\" src=\"http:\/\/ultimato.com.br\/sites\/blogdaultimato\/files\/marca50anos_cor-04_so-50-150x150.png\" alt=\"\" width=\"150\" height=\"150\" \/>Ao longo destes anos, tenho adquirido tamb\u00e9m alguns livros de Ultimato. Louvo ao Senhor pela equipe Ultimato e por colaborarem com o despertamento e crescimento espiritual de tantos\u201d.<\/p>\n<p>&nbsp;<\/p>\n<p style=\"text-align: right;\">&#8211; Jacqueline Schalm<\/p>\n<\/blockquote>\n","protected":false},"excerpt":{"rendered":"<p>De dois em dois meses chega uma nova edi\u00e7\u00e3o da revista Ultimato \u00e0 casa dos assinantes. Desde a Abertura, passando pela mat\u00e9ria de capa at\u00e9 Ponto Final, s\u00e3o v\u00e1rias colunas e se\u00e7\u00f5es publicadas para edificar o leitor a cada n\u00famero. At\u00e9 hoje, j\u00e1 s\u00e3o 371. Mas depois de ler esse conte\u00fado, e de uma edi\u00e7\u00e3o [&#8230;]<\/p>\n","protected":false},"author":21,"featured_media":0,"comment_status":"open","ping_status":"open","sticky":false,"template":"","format":"standard","meta":{"ngg_post_thumbnail":0,"footnotes":""},"categories":[22807,38343,38324],"tags":[38342,38343,38324],"class_list":["post-11130","post","type-post","status-publish","format-standard","hentry","category-extras","category-minha-historia-com-ultimato","category-ultimato-50-anos","tag-jacqueline-schalm","tag-minha-historia-com-ultimato","tag-ultimato-50-anos"],"_links":{"self":[{"href":"https:\/\/ultimato.com.br\/sites\/blogdaultimato\/wp-json\/wp\/v2\/posts\/11130","targetHints":{"allow":["GET"]}}],"collection":[{"href":"https:\/\/ultimato.com.br\/sites\/blogdaultimato\/wp-json\/wp\/v2\/posts"}],"about":[{"href":"https:\/\/ultimato.com.br\/sites\/blogdaultimato\/wp-json\/wp\/v2\/types\/post"}],"author":[{"embeddable":true,"href":"https:\/\/ultimato.com.br\/sites\/blogdaultimato\/wp-json\/wp\/v2\/users\/21"}],"replies":[{"embeddable":true,"href":"https:\/\/ultimato.com.br\/sites\/blogdaultimato\/wp-json\/wp\/v2\/comments?post=11130"}],"version-history":[{"count":5,"href":"https:\/\/ultimato.com.br\/sites\/blogdaultimato\/wp-json\/wp\/v2\/posts\/11130\/revisions"}],"predecessor-version":[{"id":11138,"href":"https:\/\/ultimato.com.br\/sites\/blogdaultimato\/wp-json\/wp\/v2\/posts\/11130\/revisions\/11138"}],"wp:attachment":[{"href":"https:\/\/ultimato.com.br\/sites\/blogdaultimato\/wp-json\/wp\/v2\/media?parent=11130"}],"wp:term":[{"taxonomy":"category","embeddable":true,"href":"https:\/\/ultimato.com.br\/sites\/blogdaultimato\/wp-json\/wp\/v2\/categories?post=11130"},{"taxonomy":"post_tag","embeddable":true,"href":"https:\/\/ultimato.com.br\/sites\/blogdaultimato\/wp-json\/wp\/v2\/tags?post=11130"}],"curies":[{"name":"wp","href":"https:\/\/api.w.org\/{rel}","templated":true}]}}