{"id":10973,"date":"2018-04-11T11:26:42","date_gmt":"2018-04-11T13:26:42","guid":{"rendered":"http:\/\/ultimato.com.br\/sites\/blogdaultimato\/?p=10973"},"modified":"2018-04-20T10:22:09","modified_gmt":"2018-04-20T12:22:09","slug":"ultimato-50-anos-som-do-ceu-e-culto-de-gratidao-ultimas-392","status":"publish","type":"post","link":"https:\/\/ultimato.com.br\/sites\/blogdaultimato\/2018\/04\/11\/ultimato-50-anos-som-do-ceu-e-culto-de-gratidao-ultimas-392\/","title":{"rendered":"Ultimato 50 anos: Som do C\u00e9u e culto de gratid\u00e3o | \u00daltimas #392"},"content":{"rendered":"<p><a href=\"http:\/\/ultimato.com.br\/sites\/blogdaultimato\/2018\/04\/06\/ultimato-no-som-do-ceu-ao-lado-de-muitos-outros\/\" target=\"_blank\" rel=\"noopener\"><img loading=\"lazy\" decoding=\"async\" class=\"aligncenter wp-image-10974 size-full\" src=\"http:\/\/ultimato.com.br\/sites\/blogdaultimato\/files\/topo-ultimas_392.jpg\" alt=\"\" width=\"600\" height=\"240\" srcset=\"https:\/\/ultimato.com.br\/sites\/blogdaultimato\/files\/topo-ultimas_392.jpg 600w, https:\/\/ultimato.com.br\/sites\/blogdaultimato\/files\/topo-ultimas_392-300x120.jpg 300w\" sizes=\"auto, (max-width: 600px) 100vw, 600px\" \/><\/a><\/p>\n<p>Os 50 anos da revista Ultimato foram comemorados no <a href=\"http:\/\/www.ultimato.com.br\/conteudo\/ultimato-no-som-do-ceu-ao-lado-de-muitos-outros\">Som do C\u00e9u 2018<\/a>. O anfitri\u00e3o da festa, Marcelo Gualberto, conduziu um bate-papo bem humorado com Marcos Bontempo e Kl\u00eania Fassoni, e abriu o palco para os m\u00fasicos Carlinhos Veiga e Gladir Cabral, que cantaram <a href=\"https:\/\/www.youtube.com\/watch?v=mdYVMPuu_aY\">\u201cMineiro com Cara de Matuto\u201d<\/a> e <a href=\"https:\/\/www.youtube.com\/watch?v=bIYyK8aIIBQ\">\u201cUltimato\u201d<\/a>, can\u00e7\u00f5es preparadas especialmente para a ocasi\u00e3o.<\/p>\n<p>No pr\u00f3ximo s\u00e1bado, 14\/04, Ultimato recebe os amigos para <a href=\"http:\/\/ultimato.com.br\/sites\/blogdaultimato\/2018\/03\/27\/culto-de-gratidao-pelo-jubileu-da-ultimato-voce-e-o-nosso-convidado\/\">o culto de gratid\u00e3o pelos 50 anos<\/a>, que ter\u00e1 como pregador o pastor Valdir Steuernagel<em>.<\/em> O culto ter\u00e1 in\u00edcio \u00e0s 19h, na Igreja Presbiteriana de Vi\u00e7osa, e ser\u00e1 transmitido ao vivo pela p\u00e1gina do editora Ultimato no Facebook:<a href=\"https:\/\/www.facebook.com\/editora.ultimato\/\"> @editora.ultimato<\/a>.<\/p>\n<h3><strong>Co<\/strong><strong>nfira os destaques do Boletim \u00daltimas #392<\/strong><\/h3>\n<blockquote><p><img loading=\"lazy\" decoding=\"async\" class=\"alignleft wp-image-10975\" src=\"http:\/\/ultimato.com.br\/sites\/blogdaultimato\/files\/imag_dest_04_04_18_igrejas-irregulares-150x150.jpg\" alt=\"\" width=\"100\" height=\"74\" srcset=\"https:\/\/ultimato.com.br\/sites\/blogdaultimato\/files\/imag_dest_04_04_18_igrejas-irregulares-300x222.jpg 300w, https:\/\/ultimato.com.br\/sites\/blogdaultimato\/files\/imag_dest_04_04_18_igrejas-irregulares.jpg 500w\" sizes=\"auto, (max-width: 100px) 100vw, 100px\" \/><\/p>\n<p><strong><a href=\"http:\/\/www.ultimato.com.br\/conteudo\/igrejas-irregulares-onde-foi-parar-a-etica-1\">Igrejas irregulares. Onde foi parar a \u00e9tica?<\/a><\/strong><\/p>\n<p>Como um programa de Compliance pode ajudar igrejas e organiza\u00e7\u00f5es crist\u00e3s e cultivarem a \u00e9tica e a transpar\u00eancia?<a href=\"http:\/\/www.ultimato.com.br\/conteudo\/igrejas-irregulares-onde-foi-parar-a-etica-1\"><strong> [Robson Ramos]<\/strong><\/a><\/p><\/blockquote>\n<blockquote><p><strong><a href=\"http:\/\/www.ultimato.com.br\/conteudo\/a-biblia-e-traduzida-dos-originais-mas-o-que-significa-isto\"><img loading=\"lazy\" decoding=\"async\" class=\"alignleft wp-image-10977\" src=\"http:\/\/ultimato.com.br\/sites\/blogdaultimato\/files\/Opi_02_04_18_original-150x150.jpg\" alt=\"\" width=\"100\" height=\"74\" srcset=\"https:\/\/ultimato.com.br\/sites\/blogdaultimato\/files\/Opi_02_04_18_original-300x222.jpg 300w, https:\/\/ultimato.com.br\/sites\/blogdaultimato\/files\/Opi_02_04_18_original.jpg 500w\" sizes=\"auto, (max-width: 100px) 100vw, 100px\" \/><\/a><a href=\"http:\/\/www.ultimato.com.br\/conteudo\/a-biblia-e-traduzida-dos-originais-mas-o-que-significa-isto\">A B\u00edblia \u00e9 traduzida dos originais. Mas o que significa isto?<\/a><\/strong><\/p>\n<p>O que significa para n\u00f3s, brasileiros, leitores do portugu\u00eas, dizer que temos acesso ao texto b\u00edblico original?<a href=\"http:\/\/www.ultimato.com.br\/conteudo\/a-biblia-e-traduzida-dos-originais-mas-o-que-significa-isto\"><strong> [Vilson Scholz]<\/strong><\/a><\/p><\/blockquote>\n<blockquote><p><strong><img loading=\"lazy\" decoding=\"async\" class=\"alignleft wp-image-10978\" src=\"http:\/\/ultimato.com.br\/sites\/blogdaultimato\/files\/not-bible-china-150x150.jpg\" alt=\"\" width=\"100\" height=\"61\" srcset=\"https:\/\/ultimato.com.br\/sites\/blogdaultimato\/files\/not-bible-china-300x184.jpg 300w, https:\/\/ultimato.com.br\/sites\/blogdaultimato\/files\/not-bible-china.jpg 400w\" sizes=\"auto, (max-width: 100px) 100vw, 100px\" \/><a href=\"http:\/\/www.ultimato.com.br\/conteudo\/campanha-mundial-convida-cristaos-a-dez-dias-ininterruptos-de-oracao\">Campanha mundial convida crist\u00e3os a dez dias ininterruptos de ora\u00e7\u00e3o<\/a><br \/>\n<\/strong>O objetivo \u00e9 trazer um avivamento genu\u00edno, no Brasil e no mundo, que resulte em santidade de vida, unidade do Corpo de Cristo e despertamento para evangelismo e miss\u00f5es.<a href=\"http:\/\/www.ultimato.com.br\/conteudo\/campanha-mundial-convida-cristaos-a-dez-dias-ininterruptos-de-oracao\"><strong> [Not\u00edcia]<\/strong><\/a><\/p><\/blockquote>\n<blockquote><p><strong><img loading=\"lazy\" decoding=\"async\" class=\"alignleft wp-image-10979\" src=\"http:\/\/ultimato.com.br\/sites\/blogdaultimato\/files\/imag_dest_03_04_18_ult_topo-150x150.jpg\" alt=\"\" width=\"100\" height=\"67\" srcset=\"https:\/\/ultimato.com.br\/sites\/blogdaultimato\/files\/imag_dest_03_04_18_ult_topo-300x201.jpg 300w, https:\/\/ultimato.com.br\/sites\/blogdaultimato\/files\/imag_dest_03_04_18_ult_topo.jpg 700w\" sizes=\"auto, (max-width: 100px) 100vw, 100px\" \/><a href=\"http:\/\/www.ultimato.com.br\/conteudo\/boa-semente-em-solo-fertil\">Boa semente em solo f\u00e9rtil<\/a><br \/>\n<\/strong>Lan\u00e7ada em 1968, a revista Ultimato celebra o seu rico legado, mas j\u00e1 se prepara para os muitos frutos que vir\u00e3o pela frente.<a href=\"http:\/\/www.ultimato.com.br\/conteudo\/boa-semente-em-solo-fertil\"><strong> [Carlos Fernandes e Marcos Simas]<\/strong><\/a><\/p><\/blockquote>\n<blockquote><p><img loading=\"lazy\" decoding=\"async\" class=\"alignleft wp-image-10980\" src=\"http:\/\/ultimato.com.br\/sites\/blogdaultimato\/files\/imag_dest_06_04_18_pensando-150x150.jpg\" alt=\"\" width=\"100\" height=\"74\" srcset=\"https:\/\/ultimato.com.br\/sites\/blogdaultimato\/files\/imag_dest_06_04_18_pensando-300x222.jpg 300w, https:\/\/ultimato.com.br\/sites\/blogdaultimato\/files\/imag_dest_06_04_18_pensando.jpg 500w\" sizes=\"auto, (max-width: 100px) 100vw, 100px\" \/><a href=\"http:\/\/www.ultimato.com.br\/conteudo\/fe-e-razao-novas-questoes-para-um-antigo-debate]\"><strong>F\u00e9 e raz\u00e3o: novas quest\u00f5es para um antigo debate<\/strong><\/a><\/p>\n<p>Todo conhecimento que abdica da f\u00e9, particularmente, da cren\u00e7a em Deus, \u00e9 um conhecimento est\u00e9ril.<a href=\"http:\/\/www.ultimato.com.br\/conteudo\/fe-e-razao-novas-questoes-para-um-antigo-debate\"><strong> [William Lane]<\/strong><\/a><\/p><\/blockquote>\n<blockquote><p><strong><img loading=\"lazy\" decoding=\"async\" class=\"alignleft wp-image-10981\" src=\"http:\/\/ultimato.com.br\/sites\/blogdaultimato\/files\/Opi_02_04_18_lewis-150x150.jpg\" alt=\"\" width=\"100\" height=\"74\" srcset=\"https:\/\/ultimato.com.br\/sites\/blogdaultimato\/files\/Opi_02_04_18_lewis-300x222.jpg 300w, https:\/\/ultimato.com.br\/sites\/blogdaultimato\/files\/Opi_02_04_18_lewis.jpg 500w\" sizes=\"auto, (max-width: 100px) 100vw, 100px\" \/><a href=\"http:\/\/www.ultimato.com.br\/conteudo\/o-dialogo-de-c-s-lewis-com-o-mundo-de-ontem-e-de-hoje\">O di\u00e1logo de C.S. Lewis com o mundo de ontem e de hoje<\/a><br \/>\n<\/strong>Com sua vida e obra, C.S. Lewis estabeleceu um di\u00e1logo com a sociedade de seu tempo. Como os princ\u00edpios aos quais ele se agarrou ainda falam ao mundo de hoje? <a href=\"http:\/\/www.ultimato.com.br\/conteudo\/o-dialogo-de-c-s-lewis-com-o-mundo-de-ontem-e-de-hoje\"><strong>[Gabriele Greggersen]<\/strong><\/a><\/p><\/blockquote>\n<blockquote><p><strong><img loading=\"lazy\" decoding=\"async\" class=\"alignleft wp-image-10982\" src=\"http:\/\/ultimato.com.br\/sites\/blogdaultimato\/files\/imag_dest_05_04_18_revista-ult-150x150.jpg\" alt=\"\" width=\"100\" height=\"74\" srcset=\"https:\/\/ultimato.com.br\/sites\/blogdaultimato\/files\/imag_dest_05_04_18_revista-ult-300x222.jpg 300w, https:\/\/ultimato.com.br\/sites\/blogdaultimato\/files\/imag_dest_05_04_18_revista-ult.jpg 500w\" sizes=\"auto, (max-width: 100px) 100vw, 100px\" \/><a href=\"http:\/\/www.ultimato.com.br\/conteudo\/ultimato-desde-1968\">Ultimato. Desde 1968<\/a><br \/>\n<\/strong>Em abril, como parte da celebra\u00e7\u00e3o dos 50 anos de Ultimato, publicaremos conte\u00fados hist\u00f3ricos da revista. Confira o texto de apresenta\u00e7\u00e3o da edi\u00e7\u00e3o n\u00famero 1. <a href=\"http:\/\/www.ultimato.com.br\/conteudo\/ultimato-desde-1968\"><strong>[Ultimato 50 Anos]<\/strong><\/a><\/p><\/blockquote>\n<p><strong><a href=\"http:\/\/www.ultimato.com.br\/boletins\/#\">Clique aqui<\/a> para assinar o boletim \u00daltimas e receber semanalmente o melhor do conte\u00fado crist\u00e3o.<\/strong><\/p>\n","protected":false},"excerpt":{"rendered":"<p>Os 50 anos da revista Ultimato foram comemorados no Som do C\u00e9u 2018. O anfitri\u00e3o da festa, Marcelo Gualberto, conduziu um bate-papo bem humorado com Marcos Bontempo e Kl\u00eania Fassoni, e abriu o palco para os m\u00fasicos Carlinhos Veiga e Gladir Cabral, que cantaram \u201cMineiro com Cara de Matuto\u201d e \u201cUltimato\u201d, can\u00e7\u00f5es preparadas especialmente para [&#8230;]<\/p>\n","protected":false},"author":21,"featured_media":0,"comment_status":"open","ping_status":"open","sticky":false,"template":"","format":"standard","meta":{"ngg_post_thumbnail":0,"footnotes":""},"categories":[9536],"tags":[38332],"class_list":["post-10973","post","type-post","status-publish","format-standard","hentry","category-do-editor","tag-boletim-ultimas-392"],"_links":{"self":[{"href":"https:\/\/ultimato.com.br\/sites\/blogdaultimato\/wp-json\/wp\/v2\/posts\/10973","targetHints":{"allow":["GET"]}}],"collection":[{"href":"https:\/\/ultimato.com.br\/sites\/blogdaultimato\/wp-json\/wp\/v2\/posts"}],"about":[{"href":"https:\/\/ultimato.com.br\/sites\/blogdaultimato\/wp-json\/wp\/v2\/types\/post"}],"author":[{"embeddable":true,"href":"https:\/\/ultimato.com.br\/sites\/blogdaultimato\/wp-json\/wp\/v2\/users\/21"}],"replies":[{"embeddable":true,"href":"https:\/\/ultimato.com.br\/sites\/blogdaultimato\/wp-json\/wp\/v2\/comments?post=10973"}],"version-history":[{"count":12,"href":"https:\/\/ultimato.com.br\/sites\/blogdaultimato\/wp-json\/wp\/v2\/posts\/10973\/revisions"}],"predecessor-version":[{"id":10993,"href":"https:\/\/ultimato.com.br\/sites\/blogdaultimato\/wp-json\/wp\/v2\/posts\/10973\/revisions\/10993"}],"wp:attachment":[{"href":"https:\/\/ultimato.com.br\/sites\/blogdaultimato\/wp-json\/wp\/v2\/media?parent=10973"}],"wp:term":[{"taxonomy":"category","embeddable":true,"href":"https:\/\/ultimato.com.br\/sites\/blogdaultimato\/wp-json\/wp\/v2\/categories?post=10973"},{"taxonomy":"post_tag","embeddable":true,"href":"https:\/\/ultimato.com.br\/sites\/blogdaultimato\/wp-json\/wp\/v2\/tags?post=10973"}],"curies":[{"name":"wp","href":"https:\/\/api.w.org\/{rel}","templated":true}]}}