{"id":10947,"date":"2018-04-03T13:48:29","date_gmt":"2018-04-03T15:48:29","guid":{"rendered":"http:\/\/ultimato.com.br\/sites\/blogdaultimato\/?p=10947"},"modified":"2018-05-16T10:41:07","modified_gmt":"2018-05-16T12:41:07","slug":"ult370","status":"publish","type":"post","link":"https:\/\/ultimato.com.br\/sites\/blogdaultimato\/2018\/04\/03\/ult370\/","title":{"rendered":"ULTIMATOONLINE na revista impressa, edi\u00e7\u00e3o 370"},"content":{"rendered":"<h4>Confira os destaques da se\u00e7\u00e3o ULTIMATOONLINE publicados na edi\u00e7\u00e3o <a href=\"http:\/\/www.ultimato.com.br\/revista\/370\" target=\"_blank\" rel=\"noopener\">370<\/a> da revista Ultimato.<\/h4>\n<p>Para encontrar mais conte\u00fado, com atualiza\u00e7\u00e3o di\u00e1ria, acesse portal<strong> <a href=\"http:\/\/www.ultimato.com.br\/\">Ultimatoonline<\/a><\/strong> ou a<strong> <a href=\"http:\/\/www.ultimato.com.br\/loja\/\">loja virtual<\/a><\/strong> com os lan\u00e7amentos e tudo sobre os nossos livros. Conhe\u00e7a tamb\u00e9m o<strong> <a href=\"http:\/\/www.ultimato.com.br\/revista\/edicoes-anteriores\">acervo digital<\/a><\/strong> da revista Ultimato.<\/p>\n<h4><\/h4>\n<h4><strong>Alguns dos mais lidos<\/strong><\/h4>\n<p>&gt; <a href=\"http:\/\/www.ultimato.com.br\/conteudo\/fazendo-as-pazes-com-a-cultura\">Fazendo as pazes com a cultura<\/a>,\u00a0<em>Gabriele Greggersen<\/em><\/p>\n<p>&gt; <a href=\"http:\/\/www.ultimato.com.br\/conteudo\/black-mirror-e-o-falso-self-de-todo-dia\">Black Mirror e o nosso falso <em>self<\/em> de cada dia<\/a>, <em>Carlos Caldas<\/em><\/p>\n<p>&gt; <a href=\"http:\/\/www.ultimato.com.br\/conteudo\/a-reconciliacao-em-cristo-das-geracoes#ricardo+wesley\">A reconcilia\u00e7\u00e3o \u2013 em Cristo \u2013 das gera\u00e7\u00f5es<\/a>, <em>Ricardo Borges Wesley<\/em><\/p>\n<p>&gt; <a href=\"http:\/\/www.ultimato.com.br\/conteudo\/jerusalem-o-estado-de-israel-e-o-povo-palestino#marcos+amado\">Jerusal\u00e9m, o Estado de Israel e o povo palestino<\/a>, <em>Marcos Amado<\/em><\/p>\n<p>&gt; <a href=\"http:\/\/www.ultimato.com.br\/conteudo\/como-reconciliar-rupturas-na-familia\">Como reconciliar rupturas na fam\u00edlia<\/a>, <em>Carlos \u201cCatito\u201d Grzybowski<\/em><\/p>\n<h4><\/h4>\n<h4><strong>Alguns dos mais vistos<\/strong><\/h4>\n<p>&gt; <a href=\"http:\/\/ultimato.com.br\/sites\/discipulo-radical\/\">O Disc\u00edpulo Radical<\/a>, <em>John Stott<\/em><\/p>\n<p>&gt; <a href=\"http:\/\/www.ultimato.com.br\/loja\/produtos\/ate-que-tenhamos-rostos\">At\u00e9 Que Tenhamos Rostos<\/a>, <em>C. S. Lewis<\/em><\/p>\n<p>&gt; <a href=\"http:\/\/ultimato.com.br\/sites\/arte-biblia\/\">A Arte e a B\u00edblia<\/a>, <em>Francis Schaeffer<\/em><\/p>\n<p>&gt; <a href=\"http:\/\/ultimato.com.br\/sites\/caminho-coracao\/\">O Caminho do Cora\u00e7\u00e3o<\/a>, <em>Ricardo Barbosa<\/em><\/p>\n<p>&gt; <a href=\"http:\/\/ultimato.com.br\/sites\/seculo-i-a-reconstrucao\/\">S\u00e9culo I \u2013 A Reconstru\u00e7\u00e3o<\/a>, <em>Cayo C\u00e9sar Santos<\/em><\/p>\n<p><img loading=\"lazy\" decoding=\"async\" class=\"size-medium wp-image-10948 alignleft\" src=\"http:\/\/ultimato.com.br\/sites\/blogdaultimato\/files\/Ultimatoonline_370_kendall-lane-37891-300x200.jpg\" alt=\"\" width=\"300\" height=\"200\" srcset=\"https:\/\/ultimato.com.br\/sites\/blogdaultimato\/files\/Ultimatoonline_370_kendall-lane-37891-300x200.jpg 300w, https:\/\/ultimato.com.br\/sites\/blogdaultimato\/files\/Ultimatoonline_370_kendall-lane-37891-768x512.jpg 768w, https:\/\/ultimato.com.br\/sites\/blogdaultimato\/files\/Ultimatoonline_370_kendall-lane-37891-1024x683.jpg 1024w, https:\/\/ultimato.com.br\/sites\/blogdaultimato\/files\/Ultimatoonline_370_kendall-lane-37891-732x488.jpg 732w, https:\/\/ultimato.com.br\/sites\/blogdaultimato\/files\/Ultimatoonline_370_kendall-lane-37891-1140x760.jpg 1140w\" sizes=\"auto, (max-width: 300px) 100vw, 300px\" \/><\/p>\n<h3><strong>Por que pastores se matam?<\/strong><\/h3>\n<p>Se voc\u00ea \u00e9 um pastor de verdade [&#8230;] n\u00e3o se mate por nada. Nem por tudo. Morte expiat\u00f3ria s\u00f3 a de Jesus. Pastores se matam porque passam a ler a B\u00edblia s\u00f3 para fazer serm\u00f5es, porque desconhecem o \u00f3cio santo e criativo, porque n\u00e3o ouvem m\u00fasica, n\u00e3o namoram, n\u00e3o dan\u00e7am, depois de um \u201cvinho com a mulher da sua mocidade\u201d (Pv. 5.18).<\/p>\n<p>Do colunista, m\u00fasico e pastor Gerson Borges, o <a href=\"http:\/\/www.ultimato.com.br\/conteudo\/por-que-pastores-se-matam\">artigo<\/a> aponta algumas poss\u00edveis raz\u00f5es desse desatino que a cada dia se torna mais comum nas igrejas.<\/p>\n<h3><strong>Quem precisa de um estudo b\u00edblico?<\/strong><\/h3>\n<p><!--more--><\/p>\n<p><a href=\"http:\/\/ultimato.com.br\/sites\/estudos-biblicos\/assunto\/vida-crista\/inconformismo-vivendo-em-inconformidade-com-o-mundo\/\"><strong>Inconformismo \u2013 vivendo em (in)conformidade com o mundo<\/strong><\/a><\/p>\n<p>Estudo b\u00edblico desenvolvido a partir do livro <em>O Disc\u00edpulo Radical<\/em>, de John Stott. Trata-se de mais um recurso dispon\u00edvel no blog Estudos B\u00edblicos que voc\u00ea encontra no portal (www.ultimato.com.br).<\/p>\n<p>Estar no mundo sem ser do \u201cmundo\u201d. Viver e servir na sociedade que nos cerca sem assumirmos os mesmos valores. Eis o desafio proposto por John Stott. Ele nos lembra que \u201cn\u00e3o devemos preservar nossa santidade fugindo do mundo, nem sacrific\u00e1-la nos conformando a ele. Tanto o escapismo quanto o conformismo s\u00e3o proibidos para n\u00f3s\u201d.<\/p>\n<p>Excelente material para estudo individual ou em grupo. Confira no blog <a href=\"http:\/\/ultimato.com.br\/sites\/estudos-biblicos\/\"><strong>estudos b\u00edblicos<\/strong><\/a>.<\/p>\n<h3 style=\"text-align: left;\"><strong>Uma devocional para chamar de sua<\/strong><\/h3>\n<p><img loading=\"lazy\" decoding=\"async\" class=\"alignright wp-image-10949 size-medium\" src=\"http:\/\/ultimato.com.br\/sites\/blogdaultimato\/files\/Ultimatoonline_370_gift-habeshaw-517714-300x200.jpg\" alt=\"\" width=\"300\" height=\"200\" srcset=\"https:\/\/ultimato.com.br\/sites\/blogdaultimato\/files\/Ultimatoonline_370_gift-habeshaw-517714-300x200.jpg 300w, https:\/\/ultimato.com.br\/sites\/blogdaultimato\/files\/Ultimatoonline_370_gift-habeshaw-517714.jpg 700w\" sizes=\"auto, (max-width: 300px) 100vw, 300px\" \/><\/p>\n<p><strong>N\u00e3o espere para orar<\/strong><\/p>\n<p><em>Martinho Lutero<\/em><\/p>\n<p>Para proteger a si mesmo de acreditar na ideia equivocada de esperar para orar, voc\u00ea deve seguir o exemplo de Davi no Salmo 51: ele n\u00e3o fugiu de Deus.<\/p>\n<p><strong>Caminhando junto ao mar<\/strong><\/p>\n<p><em>Eugene H. Peterson<\/em><\/p>\n<p>Os pescadores, n\u00e3o os sacerdotes, s\u00e3o os primeiros disc\u00edpulos. Jesus vem a n\u00f3s onde estamos e inicia a obra de formar o reino.<\/p>\n<p><strong>Muito mais do que mera bondade<\/strong><\/p>\n<p><em>S. Lewis<\/em><\/p>\n<p>Se Deus \u00e9 amor, ele \u00e9, por defini\u00e7\u00e3o, algo mais do que simples bondade. Ele nos recompensou pela extravagante benevol\u00eancia do seu amor por n\u00f3s, no sentido mais profundo, mais tr\u00e1gico, mais inexor\u00e1vel.<strong>\u00a0<\/strong><\/p>\n<p><strong>A verdadeira liberdade<\/strong><\/p>\n<p><em>John Stott<\/em><\/p>\n<p>A verdadeira liberdade n\u00e3o est\u00e1 em se libertar do jugo de Cristo, mas em submeter-se a ele, ou seja, abster-se do que ele nos proibiu. A obedi\u00eancia conduz \u00e0 vida, e a desobedi\u00eancia, \u00e0 morte.<\/p>\n<p>&#8211; &#8211; &#8211;<\/p>\n<p>A cada dia um autor; a cada dia uma nova leitura e medita\u00e7\u00e3o, com os mais conhecidos e apreciados autores da Editora Ultimato. Confira no <a href=\"http:\/\/ultimato.com.br\/sites\/devocional-diaria\"><strong>blog Devocional Di\u00e1ria<\/strong><\/a>.<\/p>\n<h3><strong>Em 2018, Ultimato mais perto de voc\u00ea!<\/strong><\/h3>\n<p><a href=\"http:\/\/www.ultimato.com.br\/ultimas\/assunto\/agenda50anos\">Leia mais<\/a> sobre os 50 anos de <strong>Ultimato<\/strong>.<img loading=\"lazy\" decoding=\"async\" class=\"alignright wp-image-10936\" src=\"http:\/\/ultimato.com.br\/sites\/blogdaultimato\/files\/marca50anos_cor-04_so-50.png\" alt=\"\" width=\"150\" height=\"159\" \/><\/p>\n<p><a href=\"http:\/\/www.ultimato.com.br\/agenda50anos\">Acompanhe os eventos<\/a> em que Ultimato estar\u00e1 presente.<\/p>\n<p><strong>29 de mar\u00e7o a 1\u00ba de abril | Nova Lima, MG<\/strong><\/p>\n<p>Som do C\u00e9u | Mocidade Para Cristo (MPC)<\/p>\n<p>www.mpc.org.br\/sdc2018<\/p>\n<p><strong>31 de maio a 3 de junho | Maring\u00e1, PR<\/strong><\/p>\n<p>VOCARE 2018<\/p>\n<p>www.vocare.org.br\/site<\/p>\n<p><strong>17 e 18 de agosto | Salvador, BA<\/strong><\/p>\n<p>2\u00aa Consulta da Rede Miqueias<\/p>\n<p>www.micahnetwork.org\/pt-br<\/p>\n<p><strong>24 a 26 de agosto | Foz do Igua\u00e7u, PR<\/strong><\/p>\n<p>Congresso Desperta D\u00e9bora<\/p>\n<p>www.despertadebora.com.br\/congresso-2018<\/p>\n<p><strong>28 a 30 de agosto | Campinas, SP<\/strong><\/p>\n<p>X Confer\u00eancia de planta\u00e7\u00e3o de igrejas | Ser e fazer disc\u00edpulos \u2013 a ess\u00eancia da miss\u00e3o<\/p>\n<p>www.ctpi.org.br<\/p>\n<p><strong>14 de abril | Vi\u00e7osa, MG<\/strong><\/p>\n<p>Culto de Gratid\u00e3o pelos 50 anos da revista <strong>Ultimato<\/strong><\/p>\n<p>www.ultimato.com.br\/culto50anos<\/p>\n<h3><strong>Em 2018, visite Ultimato!<\/strong><\/h3>\n<p>Venha tomar um caf\u00e9 com p\u00e3o de queijo e doce de leite. Confira a nossa agenda de visita\u00e7\u00e3o: sempre na \u00faltima sexta-feira de cada m\u00eas.<\/p>\n<p>Fale conosco: atendimento@ultimato.com.br e Whatsapp 31 99437 0043<\/p>\n","protected":false},"excerpt":{"rendered":"<p>Confira os destaques da se\u00e7\u00e3o ULTIMATOONLINE publicados na edi\u00e7\u00e3o 370 da revista Ultimato.<br \/>\nPara encontrar mais conte\u00fado, com atualiza\u00e7\u00e3o di\u00e1ria, acesse portal Ultimatoonline ou a loja virtual com os lan\u00e7amentos e tudo sobre os nossos livros. Conhe\u00e7a tamb\u00e9m o acervo digital da revista Ultimato.<\/p>\n<p>Alguns dos mais lidos<br \/>\n&gt; Fazendo as pazes com a cultura,\u00a0Gabriele Greggersen<br \/>\n&gt; Black Mirror [&#8230;]<\/p>\n","protected":false},"author":21,"featured_media":0,"comment_status":"open","ping_status":"open","sticky":false,"template":"","format":"standard","meta":{"ngg_post_thumbnail":0,"footnotes":""},"categories":[9536,22807],"tags":[36103,38329],"class_list":["post-10947","post","type-post","status-publish","format-standard","hentry","category-do-editor","category-extras","tag-ult370","tag-ultimatoonline-ult370"],"_links":{"self":[{"href":"https:\/\/ultimato.com.br\/sites\/blogdaultimato\/wp-json\/wp\/v2\/posts\/10947","targetHints":{"allow":["GET"]}}],"collection":[{"href":"https:\/\/ultimato.com.br\/sites\/blogdaultimato\/wp-json\/wp\/v2\/posts"}],"about":[{"href":"https:\/\/ultimato.com.br\/sites\/blogdaultimato\/wp-json\/wp\/v2\/types\/post"}],"author":[{"embeddable":true,"href":"https:\/\/ultimato.com.br\/sites\/blogdaultimato\/wp-json\/wp\/v2\/users\/21"}],"replies":[{"embeddable":true,"href":"https:\/\/ultimato.com.br\/sites\/blogdaultimato\/wp-json\/wp\/v2\/comments?post=10947"}],"version-history":[{"count":6,"href":"https:\/\/ultimato.com.br\/sites\/blogdaultimato\/wp-json\/wp\/v2\/posts\/10947\/revisions"}],"predecessor-version":[{"id":11117,"href":"https:\/\/ultimato.com.br\/sites\/blogdaultimato\/wp-json\/wp\/v2\/posts\/10947\/revisions\/11117"}],"wp:attachment":[{"href":"https:\/\/ultimato.com.br\/sites\/blogdaultimato\/wp-json\/wp\/v2\/media?parent=10947"}],"wp:term":[{"taxonomy":"category","embeddable":true,"href":"https:\/\/ultimato.com.br\/sites\/blogdaultimato\/wp-json\/wp\/v2\/categories?post=10947"},{"taxonomy":"post_tag","embeddable":true,"href":"https:\/\/ultimato.com.br\/sites\/blogdaultimato\/wp-json\/wp\/v2\/tags?post=10947"}],"curies":[{"name":"wp","href":"https:\/\/api.w.org\/{rel}","templated":true}]}}