{"id":10911,"date":"2018-03-27T10:23:56","date_gmt":"2018-03-27T12:23:56","guid":{"rendered":"http:\/\/ultimato.com.br\/sites\/blogdaultimato\/?p=10911"},"modified":"2018-04-20T10:22:40","modified_gmt":"2018-04-20T12:22:40","slug":"culto-de-gratidao-pelo-jubileu-da-ultimato-voce-e-o-nosso-convidado","status":"publish","type":"post","link":"https:\/\/ultimato.com.br\/sites\/blogdaultimato\/2018\/03\/27\/culto-de-gratidao-pelo-jubileu-da-ultimato-voce-e-o-nosso-convidado\/","title":{"rendered":"Culto de gratid\u00e3o pelo jubileu da Ultimato. Voc\u00ea \u00e9 o nosso convidado!"},"content":{"rendered":"<p><img loading=\"lazy\" decoding=\"async\" class=\"alignright wp-image-10912 size-full\" src=\"http:\/\/ultimato.com.br\/sites\/blogdaultimato\/files\/Blog_Ult_27_03_18_convite.jpg\" alt=\"\" width=\"360\" height=\"360\" srcset=\"https:\/\/ultimato.com.br\/sites\/blogdaultimato\/files\/Blog_Ult_27_03_18_convite.jpg 360w, https:\/\/ultimato.com.br\/sites\/blogdaultimato\/files\/Blog_Ult_27_03_18_convite-150x150.jpg 150w, https:\/\/ultimato.com.br\/sites\/blogdaultimato\/files\/Blog_Ult_27_03_18_convite-300x300.jpg 300w\" sizes=\"auto, (max-width: 360px) 100vw, 360px\" \/>Com alegria, convidamos voc\u00ea a participar do culto de gratid\u00e3o a Deus pelos 50 anos da Editora Ultimato, que acontecer\u00e1 dia 14 de abril, na Igreja Presbiteriana de Vi\u00e7osa, em Vi\u00e7osa, MG.<\/p>\n<p>Reconhecemos o importante envolvimento dos amigos ao longo desta caminhada e nada melhor do que louvar a Deus juntos reafirmando que apenas por meio da sua gra\u00e7a foi poss\u00edvel alcan\u00e7ar esta marca.<\/p>\n<p>O pastor Valdir Steuernagel, articulista da revista h\u00e1 24 anos e embaixador da Alian\u00e7a Crist\u00e3 Evang\u00e9lica Brasileira, ser\u00e1 o pregador nesta ocasi\u00e3o e a medita\u00e7\u00e3o ter\u00e1 como tema&nbsp;\u201cDe gera\u00e7\u00e3o em gera\u00e7\u00e3o: Jesus \u00e9 o mesmo ontem, hoje e sempre\u201d.<\/p>\n<p>Na tarde do dia 14 de abril estaremos de portas abertas para receber visitas em nossa sede.&nbsp;<\/p>\n<blockquote><p><strong>Servi\u00e7o<br \/>\nO que<\/strong>: Culto de gratid\u00e3o a Deus pelos 50 anos da Editora Ultimato<strong>.<br \/>\nQuando<\/strong>: 14 de abril de 2018, s\u00e1bado, \u00e0s 19h.<br \/>\n<strong>Onde: <\/strong>Igreja Presbiteriana de Vi\u00e7osa. <a href=\"https:\/\/www.google.com\/maps\/place\/Av.+P+H+Rolfs,+275+-+Bela+Vista,+Vi%C3%A7osa+-+MG,+36570-000\/@-20.7562104,-42.8787144,17z\/data=!3m1!4b1!4m5!3m4!1s0xa367eefb24f341:0x88ac3cdbdfb66f2f!8m2!3d-20.7562104!4d-42.8765257\">Avenida P. H. Rolfs 275, Vi\u00e7osa, MG<\/a>.<br \/>\nO culto ser\u00e1 transmitido ao vivo pela p\u00e1gina da editora Ultimato no Facebook: <a href=\"https:\/\/www.facebook.com\/editora.ultimato\/\">@editora.ultimato<\/a><\/p><\/blockquote>\n<p><strong>Sugest\u00f5es de hot\u00e9is:<br \/>\n<\/strong><a href=\"http:\/\/www.orquideahotel.com.br\/\">Orqu\u00eddea Hotel<\/a><br \/>\n<a href=\"http:\/\/www.principehotelvicosa.com.br\/\">Pr\u00edncipe Hotel<\/a><br \/>\n<a href=\"http:\/\/www.hotelcee.ufv.br\/\">Hotel CEE (UFV)<\/a><br \/>\n<a href=\"http:\/\/www.classeahotel.com.br\/index.php\">Classe A<\/a><br \/>\n<a href=\"http:\/\/www.alfahotel.com.br\/\">Alfa Hotel<\/a><br \/>\n<a href=\"http:\/\/www.bristolhotels.com.br\/vi%C3%A7osahotel\/hotel-overview.html\">Bristol<\/a><br \/>\n<a href=\"http:\/\/www.vivanthotel.com.br\/index.php\/vicosa\">Vivant<\/a><\/p>\n<p><strong><a href=\"http:\/\/www.siapas.ufv.br\/?page_id=416\">Clique aqui<\/a> e veja como chegar em Vi\u00e7osa.<\/strong><\/p>\n","protected":false},"excerpt":{"rendered":"<p>Com alegria, convidamos voc\u00ea a participar do culto de gratid\u00e3o a Deus pelos 50 anos da Editora Ultimato, que acontecer\u00e1 dia 14 de abril, na Igreja Presbiteriana de Vi\u00e7osa, em Vi\u00e7osa, MG.<br \/>\nReconhecemos o importante envolvimento dos amigos ao longo desta caminhada e nada melhor do que louvar a Deus juntos reafirmando que apenas por meio [&#8230;]<\/p>\n","protected":false},"author":21,"featured_media":0,"comment_status":"open","ping_status":"open","sticky":false,"template":"","format":"standard","meta":{"ngg_post_thumbnail":0,"footnotes":""},"categories":[9536],"tags":[38325,16248,38326,38327,38324],"class_list":["post-10911","post","type-post","status-publish","format-standard","hentry","category-do-editor","tag-ult50anos","tag-aniversario-ultimato","tag-culto-de-gratidao","tag-jubileu-ultimato","tag-ultimato-50-anos"],"_links":{"self":[{"href":"https:\/\/ultimato.com.br\/sites\/blogdaultimato\/wp-json\/wp\/v2\/posts\/10911","targetHints":{"allow":["GET"]}}],"collection":[{"href":"https:\/\/ultimato.com.br\/sites\/blogdaultimato\/wp-json\/wp\/v2\/posts"}],"about":[{"href":"https:\/\/ultimato.com.br\/sites\/blogdaultimato\/wp-json\/wp\/v2\/types\/post"}],"author":[{"embeddable":true,"href":"https:\/\/ultimato.com.br\/sites\/blogdaultimato\/wp-json\/wp\/v2\/users\/21"}],"replies":[{"embeddable":true,"href":"https:\/\/ultimato.com.br\/sites\/blogdaultimato\/wp-json\/wp\/v2\/comments?post=10911"}],"version-history":[{"count":6,"href":"https:\/\/ultimato.com.br\/sites\/blogdaultimato\/wp-json\/wp\/v2\/posts\/10911\/revisions"}],"predecessor-version":[{"id":10917,"href":"https:\/\/ultimato.com.br\/sites\/blogdaultimato\/wp-json\/wp\/v2\/posts\/10911\/revisions\/10917"}],"wp:attachment":[{"href":"https:\/\/ultimato.com.br\/sites\/blogdaultimato\/wp-json\/wp\/v2\/media?parent=10911"}],"wp:term":[{"taxonomy":"category","embeddable":true,"href":"https:\/\/ultimato.com.br\/sites\/blogdaultimato\/wp-json\/wp\/v2\/categories?post=10911"},{"taxonomy":"post_tag","embeddable":true,"href":"https:\/\/ultimato.com.br\/sites\/blogdaultimato\/wp-json\/wp\/v2\/tags?post=10911"}],"curies":[{"name":"wp","href":"https:\/\/api.w.org\/{rel}","templated":true}]}}