{"id":10902,"date":"2018-03-26T13:23:10","date_gmt":"2018-03-26T15:23:10","guid":{"rendered":"http:\/\/ultimato.com.br\/sites\/blogdaultimato\/?p=10902"},"modified":"2018-04-20T10:22:45","modified_gmt":"2018-04-20T12:22:45","slug":"um-brasil-mais-grisalho-infografico-ult370","status":"publish","type":"post","link":"https:\/\/ultimato.com.br\/sites\/blogdaultimato\/2018\/03\/26\/um-brasil-mais-grisalho-infografico-ult370\/","title":{"rendered":"Um Brasil mais grisalho &#8211; Infogr\u00e1fico Ult#370"},"content":{"rendered":"<p>No infogr\u00e1fico da revista <strong>Ultimato<\/strong>, <a href=\"http:\/\/www.ultimato.com.br\/revista\/370\" target=\"_blank\" rel=\"noopener\">edi\u00e7\u00e3o de mar\u00e7o\/abril<\/a>, voc\u00ea confere indicadores sobre <a href=\"http:\/\/www.ultimato.com.br\/revista\/artigos\/370\/um-brasil-mais-grisalho\" target=\"_blank\" rel=\"noopener\">a realidade dos idosos no Brasil<\/a>. Se h\u00e1 algo que se repete nas <a href=\"http:\/\/ultimato.com.br\/sites\/blogdaultimato\/2018\/03\/14\/fontes-do-infografico-um-retrato-da-velhice-um-brasil-mais-grisalho\/\" target=\"_blank\" rel=\"noopener\">an\u00e1lises sobre o envelhecimento<\/a> \u00e9 a consci\u00eancia de que se trata de uma das mais significativas tend\u00eancias do s\u00e9culo 21 e de que \u00e9 urgente fazer do mundo um lugar mais amig\u00e1vel para os idosos. N\u00e3o \u00e9 para menos. At\u00e9 2050, o n\u00famero de idosos no mundo vai duplicar \u2013 ser\u00e3o 2 bilh\u00f5es. A Organiza\u00e7\u00e3o Mundial de Sa\u00fade alerta: \u201cEnvelhecer bem deve ser uma prioridade global\u201d.<\/p>\n<p><a href=\"http:\/\/ultimato.com.br\/sites\/blogdaultimato\/files\/infografico_370.pdf\" target=\"_blank\" rel=\"noopener\"><strong>Clique aqui<\/strong><\/a> para baixar gratuitamente o arquivo em alta resolu\u00e7\u00e3o.<\/p>\n<p><img loading=\"lazy\" decoding=\"async\" class=\"aligncenter wp-image-10903 size-full\" src=\"http:\/\/ultimato.com.br\/sites\/blogdaultimato\/files\/info-grisalho-web-comqrcode.jpg\" alt=\"\" width=\"700\" height=\"4000\" srcset=\"https:\/\/ultimato.com.br\/sites\/blogdaultimato\/files\/info-grisalho-web-comqrcode.jpg 700w, https:\/\/ultimato.com.br\/sites\/blogdaultimato\/files\/info-grisalho-web-comqrcode-179x1024.jpg 179w\" sizes=\"auto, (max-width: 700px) 100vw, 700px\" \/><\/p>\n","protected":false},"excerpt":{"rendered":"<p>No infogr\u00e1fico da revista Ultimato, edi\u00e7\u00e3o de mar\u00e7o\/abril, voc\u00ea confere indicadores sobre a realidade dos idosos no Brasil. Se h\u00e1 algo que se repete nas an\u00e1lises sobre o envelhecimento \u00e9 a consci\u00eancia de que se trata de uma das mais significativas tend\u00eancias do s\u00e9culo 21 e de que \u00e9 urgente fazer do mundo um lugar [&#8230;]<\/p>\n","protected":false},"author":21,"featured_media":0,"comment_status":"open","ping_status":"open","sticky":false,"template":"","format":"standard","meta":{"ngg_post_thumbnail":0,"footnotes":""},"categories":[22807],"tags":[32257,23111,5953,36098,20358],"class_list":["post-10902","post","type-post","status-publish","format-standard","hentry","category-extras","tag-idosos","tag-infografico","tag-revista-ultimato","tag-ult-370","tag-velhice"],"_links":{"self":[{"href":"https:\/\/ultimato.com.br\/sites\/blogdaultimato\/wp-json\/wp\/v2\/posts\/10902","targetHints":{"allow":["GET"]}}],"collection":[{"href":"https:\/\/ultimato.com.br\/sites\/blogdaultimato\/wp-json\/wp\/v2\/posts"}],"about":[{"href":"https:\/\/ultimato.com.br\/sites\/blogdaultimato\/wp-json\/wp\/v2\/types\/post"}],"author":[{"embeddable":true,"href":"https:\/\/ultimato.com.br\/sites\/blogdaultimato\/wp-json\/wp\/v2\/users\/21"}],"replies":[{"embeddable":true,"href":"https:\/\/ultimato.com.br\/sites\/blogdaultimato\/wp-json\/wp\/v2\/comments?post=10902"}],"version-history":[{"count":7,"href":"https:\/\/ultimato.com.br\/sites\/blogdaultimato\/wp-json\/wp\/v2\/posts\/10902\/revisions"}],"predecessor-version":[{"id":10919,"href":"https:\/\/ultimato.com.br\/sites\/blogdaultimato\/wp-json\/wp\/v2\/posts\/10902\/revisions\/10919"}],"wp:attachment":[{"href":"https:\/\/ultimato.com.br\/sites\/blogdaultimato\/wp-json\/wp\/v2\/media?parent=10902"}],"wp:term":[{"taxonomy":"category","embeddable":true,"href":"https:\/\/ultimato.com.br\/sites\/blogdaultimato\/wp-json\/wp\/v2\/categories?post=10902"},{"taxonomy":"post_tag","embeddable":true,"href":"https:\/\/ultimato.com.br\/sites\/blogdaultimato\/wp-json\/wp\/v2\/tags?post=10902"}],"curies":[{"name":"wp","href":"https:\/\/api.w.org\/{rel}","templated":true}]}}