{"id":10810,"date":"2018-03-08T13:25:01","date_gmt":"2018-03-08T15:25:01","guid":{"rendered":"http:\/\/ultimato.com.br\/sites\/blogdaultimato\/?p=10810"},"modified":"2019-03-01T13:22:36","modified_gmt":"2019-03-01T15:22:36","slug":"o-que-voce-precisa-ler-no-dia-das-mulheres","status":"publish","type":"post","link":"https:\/\/ultimato.com.br\/sites\/blogdaultimato\/2018\/03\/08\/o-que-voce-precisa-ler-no-dia-das-mulheres\/","title":{"rendered":"O que voc\u00ea precisa ler no Dia das Mulheres"},"content":{"rendered":"<div id=\"attachment_10813\" style=\"width: 390px\" class=\"wp-caption alignright\"><img loading=\"lazy\" decoding=\"async\" aria-describedby=\"caption-attachment-10813\" class=\"size-full wp-image-10813\" src=\"http:\/\/ultimato.com.br\/sites\/blogdaultimato\/files\/6098.jpg\" alt=\"\" width=\"380\" height=\"253\" srcset=\"https:\/\/ultimato.com.br\/sites\/blogdaultimato\/files\/6098.jpg 380w, https:\/\/ultimato.com.br\/sites\/blogdaultimato\/files\/6098-300x200.jpg 300w\" sizes=\"auto, (max-width: 380px) 100vw, 380px\" \/><p id=\"caption-attachment-10813\" class=\"wp-caption-text\">CCO\/Frrepik.com<\/p><\/div>\n<p>No Dia das Mulheres, a homenagem de Ultimato \u00e0s leitoras \u00e9 um Portal cheio de conte\u00fado escrito por mulheres e sobre mulheres. Al\u00e9m de uma <a href=\"http:\/\/ultimato.com.br\/sites\/devocional-diaria\/2018\/03\/08\/autor\/ariane-gomes\/tire-as-sandalias-dos-pes\/\">devocional<\/a> e um <a href=\"http:\/\/ultimato.com.br\/sites\/estudos-biblicos\/assunto\/etica\/o-lugar-da-mulher\/\">estudo b\u00edblico<\/a> voltado especificamente ao p\u00fablico feminino, h\u00e1 artigos e reflex\u00f5es sobre desvaloriza\u00e7\u00e3o, preconceito, conquistas, mudan\u00e7as, identidade, carreira, voca\u00e7\u00e3o e desafios. Vale a pena conferir e divulgar.<\/p>\n<p><strong><a href=\"http:\/\/ultimato.com.br\/sites\/blogdaultimato\/2019\/02\/28\/estudos-biblicos-artigos-livros-e-recursos-sobre-e-para-a-mulher\/\" target=\"_blank\" rel=\"noopener\">As mulheres na Ultimato de mar\u00e7o\/abril<\/a> [Revista Ultimato]<\/strong><br \/>\nJesus dignificou a mulher, dando a ela um espa\u00e7o que n\u00e3o tinha. E, ao tratar deste tema queremos contribuir para que sejamos seguidores de Jesus tamb\u00e9m neste aspecto. <a href=\"http:\/\/ultimato.com.br\/sites\/blogdaultimato\/2019\/02\/28\/estudos-biblicos-artigos-livros-e-recursos-sobre-e-para-a-mulher\/\" target=\"_blank\" rel=\"noopener\"><em>Leia mais&gt;&gt;&gt;<\/em><\/a><\/p>\n<p><a href=\"http:\/\/www.ultimato.com.br\/conteudo\/mulheres-as-conquistas-dos-ultimos-50-anos-e-os-desafios-atuais\"><strong>Mulheres: as conquistas dos \u00faltimos 50 anos e os desafios atuais<\/strong><\/a> <strong>[Isabelle Ludovico]<\/strong><br \/>\nJornada dupla de trabalho, divis\u00e3o das responsabilidades no lar, ass\u00e9dio, viol\u00eancia&#8230; Como a identidade feminina \u00e9 afetada por tudo isso? <a href=\"http:\/\/www.ultimato.com.br\/conteudo\/mulheres-as-conquistas-dos-ultimos-50-anos-e-os-desafios-atuais\"><em>Leia mais&gt;&gt;&gt;<\/em><\/a><strong><br \/>\n<\/strong><\/p>\n<p><a href=\"http:\/\/www.ultimato.com.br\/conteudo\/da-academia-a-teologia-a-mulher-vive-entre-o-preconceito-e-a-desvalorizacao\"><strong>Da academia \u00e0 teologia, a mulher vive entre o preconceito e a desvaloriza\u00e7\u00e3o <\/strong><\/a><strong>[Gabriele Greggersen]<br \/>\n<\/strong>As mulheres em geral procuram os cursos menos valorizados, ou s\u00e3o menos valorizadas por procurarem esses cursos? <em><a href=\"http:\/\/www.ultimato.com.br\/conteudo\/da-academia-a-teologia-a-mulher-vive-entre-o-preconceito-e-a-desvalorizacao\">Leia mais&gt;&gt;&gt;<\/a><\/em><\/p>\n<p><a href=\"http:\/\/www.ultimato.com.br\/conteudo\/mulheres-que-conciliaram-trabalho-e-pregacao-contemplacao-e-caridade\"><strong>Mulheres que conciliaram trabalho e prega\u00e7\u00e3o, contempla\u00e7\u00e3o e caridade <\/strong><\/a><strong>[Rute Salviano]<br \/>\n<\/strong>Para as Beguinas, mais importante que a contempla\u00e7\u00e3o do mestre era seguir seu exemplo. <a href=\"http:\/\/www.ultimato.com.br\/conteudo\/mulheres-que-conciliaram-trabalho-e-pregacao-contemplacao-e-caridade\">Leia mais&gt;&gt;&gt;<\/a><\/p>\n<p><a href=\"http:\/\/www.ultimato.com.br\/conteudo\/eva-e-a-identidade-feminina\"><strong>Eva e a identidade feminina<\/strong><\/a> <strong>[Isabella Passos]<\/strong><br \/>\nPor que, em alguns meios, a representa\u00e7\u00e3o de Eva criou no imagin\u00e1rio uma figura da mulher apenas como um ser sedutor e enganoso? <a href=\"http:\/\/www.ultimato.com.br\/conteudo\/eva-e-a-identidade-feminina\"><em>Leia mais&gt;&gt;&gt;<\/em><\/a><\/p>\n<p><a href=\"http:\/\/www.ultimato.com.br\/conteudo\/a-dignificacao-do-feminino-em-seis-mulheres-na-biblia\"><strong>A dignifica\u00e7\u00e3o do feminino em seis mulheres na B\u00edblia<\/strong><\/a><strong> [Cayo C\u00e9sar Santos]<\/strong><br \/>\nQual o caminho b\u00edblico para que a luta pela valoriza\u00e7\u00e3o da mulher n\u00e3o caia em intoler\u00e2ncias ou polariza\u00e7\u00f5es? <em><a href=\"http:\/\/www.ultimato.com.br\/conteudo\/eva-e-a-identidade-feminina\">Leia mais&gt;&gt;&gt;<\/a><\/em><\/p>\n<p><a href=\"http:\/\/ultimato.com.br\/sites\/blogdaultimato\/2018\/03\/08\/deus-e-o-meu-empregador\/\"><strong>Deus \u00e9 o meu empregador<\/strong><\/a><strong> [Denise Ara\u00fajo]<\/strong><a href=\"http:\/\/ultimato.com.br\/sites\/blogdaultimato\/2018\/03\/08\/deus-e-o-meu-empregador\/\"><br \/>\n<\/a>Queremos que a nossa voca\u00e7\u00e3o seja uma f\u00f3rmula, uma carreira, uma profiss\u00e3o com descri\u00e7\u00e3o de cargo, um \u201cminist\u00e9rio\u201d, mas n\u00e3o \u00e9. A voca\u00e7\u00e3o \u00e9 a obra da nossa vida. <a href=\"http:\/\/www.ultimato.com.br\/conteudo\/eva-e-a-identidade-feminina\"><em>Leia mais&gt;&gt;&gt;<\/em><\/a><\/p>\n<p><a href=\"http:\/\/ultimato.com.br\/sites\/paralelo10\/2018\/03\/inikiru-suruwaha-uma-historia-de-sobrevivencia-e-sonhos\/\"><strong>Inikiru Suruwah\u00e1: uma hist\u00f3ria de sobreviv\u00eancia e sonhos<\/strong><\/a><strong> [Inikiru Suruwah\u00e1]<\/strong><br \/>\n&#8220;Deixe a mulher falar, ela tem uma voz; Deixe a mulher fazer, ela tem capacidade; Deixe a mulher sonhar, ela pode realizar.&#8221; <a href=\"http:\/\/ultimato.com.br\/sites\/paralelo10\/2018\/03\/inikiru-suruwaha-uma-historia-de-sobrevivencia-e-sonhos\/\"><em>Leia mais&gt;&gt;&gt;<\/em><\/a><\/p>\n<p><strong><a href=\"http:\/\/ultimato.com.br\/sites\/jovem\/2018\/03\/08\/medo-de-amar-na-vida-e-em-musica\/\">Medo de amar (na vida e em m\u00fasica)<\/a> [Amanda Almeida]<\/strong><br \/>\nE quando escolhemos nos manter longe da possibilidade do amor? <a href=\"http:\/\/ultimato.com.br\/sites\/jovem\/2018\/03\/08\/medo-de-amar-na-vida-e-em-musica\/\"><em>Leia mais&gt;&gt;&gt;<\/em><\/a><\/p>\n<p><a href=\"http:\/\/www.ultimato.com.br\/conteudo\/uma-lista-de-leitura-sobre-mulheres\"><strong>Uma lista de leitura sobre mulheres<\/strong><\/a><strong> [Isabelle Ludovico]<\/strong><br \/>\nLivros para entender algumas das principais mudan\u00e7as sobre as mulheres nos \u00faltimos 50 anos. <a href=\"http:\/\/www.ultimato.com.br\/conteudo\/uma-lista-de-leitura-sobre-mulheres\"><em>Leia mais&gt;&gt;&gt;<\/em><\/a><\/p>\n","protected":false},"excerpt":{"rendered":"<p>No Dia das Mulheres, a homenagem de Ultimato \u00e0s leitoras \u00e9 um Portal cheio de conte\u00fado escrito por mulheres e sobre mulheres. Al\u00e9m de uma devocional e um estudo b\u00edblico voltado especificamente ao p\u00fablico feminino, h\u00e1 artigos e reflex\u00f5es sobre desvaloriza\u00e7\u00e3o, preconceito, conquistas, mudan\u00e7as, identidade, carreira, voca\u00e7\u00e3o e desafios. Vale a pena conferir e divulgar.<br \/>\nAs [&#8230;]<\/p>\n","protected":false},"author":24,"featured_media":0,"comment_status":"open","ping_status":"open","sticky":false,"template":"","format":"standard","meta":{"ngg_post_thumbnail":0,"footnotes":""},"categories":[9536],"tags":[37328],"class_list":["post-10810","post","type-post","status-publish","format-standard","hentry","category-do-editor","tag-dia-das-mulheres"],"_links":{"self":[{"href":"https:\/\/ultimato.com.br\/sites\/blogdaultimato\/wp-json\/wp\/v2\/posts\/10810","targetHints":{"allow":["GET"]}}],"collection":[{"href":"https:\/\/ultimato.com.br\/sites\/blogdaultimato\/wp-json\/wp\/v2\/posts"}],"about":[{"href":"https:\/\/ultimato.com.br\/sites\/blogdaultimato\/wp-json\/wp\/v2\/types\/post"}],"author":[{"embeddable":true,"href":"https:\/\/ultimato.com.br\/sites\/blogdaultimato\/wp-json\/wp\/v2\/users\/24"}],"replies":[{"embeddable":true,"href":"https:\/\/ultimato.com.br\/sites\/blogdaultimato\/wp-json\/wp\/v2\/comments?post=10810"}],"version-history":[{"count":7,"href":"https:\/\/ultimato.com.br\/sites\/blogdaultimato\/wp-json\/wp\/v2\/posts\/10810\/revisions"}],"predecessor-version":[{"id":12598,"href":"https:\/\/ultimato.com.br\/sites\/blogdaultimato\/wp-json\/wp\/v2\/posts\/10810\/revisions\/12598"}],"wp:attachment":[{"href":"https:\/\/ultimato.com.br\/sites\/blogdaultimato\/wp-json\/wp\/v2\/media?parent=10810"}],"wp:term":[{"taxonomy":"category","embeddable":true,"href":"https:\/\/ultimato.com.br\/sites\/blogdaultimato\/wp-json\/wp\/v2\/categories?post=10810"},{"taxonomy":"post_tag","embeddable":true,"href":"https:\/\/ultimato.com.br\/sites\/blogdaultimato\/wp-json\/wp\/v2\/tags?post=10810"}],"curies":[{"name":"wp","href":"https:\/\/api.w.org\/{rel}","templated":true}]}}