{"id":10696,"date":"2018-02-28T10:02:24","date_gmt":"2018-02-28T12:02:24","guid":{"rendered":"http:\/\/ultimato.com.br\/sites\/blogdaultimato\/?p=10696"},"modified":"2018-02-01T12:30:32","modified_gmt":"2018-02-01T14:30:32","slug":"o-surto-de-febre-amarela-no-brasil-e-a-morte-de-animais","status":"publish","type":"post","link":"https:\/\/ultimato.com.br\/sites\/blogdaultimato\/2018\/02\/28\/o-surto-de-febre-amarela-no-brasil-e-a-morte-de-animais\/","title":{"rendered":"O surto de febre amarela no Brasil e a morte de animais"},"content":{"rendered":"<p><strong>Surto de Febre Amarela no Brasil<\/strong><\/p>\n<p>A febre amarela \u00e9 uma doen\u00e7a infecciosa febril aguda, causada por um v\u00edrus transmitido por vetores artr\u00f3podes, que possui dois ciclos epidemiol\u00f3gicos distintos de transmiss\u00e3o: silvestre e urbano. Reveste-se da maior import\u00e2ncia epidemiol\u00f3gica por sua gravidade cl\u00ednica e elevado potencial de dissemina\u00e7\u00e3o em \u00e1reas urbanas infestadas pelo vetor do g\u00eanero Aedes aegypti. [<a href=\"http:\/\/www.paho.org\/bireme\/index.php?option=com_content&amp;view=article&amp;id=351:surto-de-febre-amarela-no-brasil&amp;Itemid=183&amp;lang=pt\">Leia mais<\/a>]<\/p>\n<p><strong>Emerg\u00eancia epidemiol\u00f3gica de febre amarela no Brasil &#8211; dezembro de 2016 a julho de 2017<\/strong><\/p>\n<p>Ainda que o sistema de sa\u00fade tenha sido alertado para ampliar as coberturas vacinais e a vacina\u00e7\u00e3o preventiva, e intensificar a vigil\u00e2ncia no per\u00edodo sazonal da doen\u00e7a, o Brasil em 2017 passaria pelo maior surto da hist\u00f3ria recente da febre amarela, colocando novamente \u00e0 prova a capacidade de resposta do servi\u00e7o de sa\u00fade p\u00fablica brasileiro. [<a href=\"http:\/\/portalarquivos2.saude.gov.br\/images\/pdf\/2017\/setembro\/06\/2017_027.pdf\">Baixe aqui<\/a>]<\/p>\n<p><strong>A mortandade de animais<\/strong><\/p>\n<p>A atual epizootia (epidemia em animais) de febre amarela silvestre, que afeta macacos e acidentalmente o homem, tem sido a maior epizootia de febre amarela que se tem not\u00edcia no Brasil, com mais de 7 mil animais mortos em 1412 locais confirmados na regi\u00e3o Sudeste. Em diversos lugares a popula\u00e7\u00e3o de macacos desapareceu completamente, especialmente os bugios (g\u00eanero <em>Alouatta sp.<\/em>), deixando as florestas silenciosas.<\/p>\n<p>&nbsp;<iframe loading=\"lazy\" src=\"https:\/\/www.youtube.com\/embed\/HbQJgl_9W_g\" allowfullscreen=\"allowfullscreen\" width=\"560\" height=\"315\" frameborder=\"0\"><\/iframe><\/p>\n<p>&nbsp;<iframe loading=\"lazy\" src=\"https:\/\/www.youtube.com\/embed\/A7O91RLHZd4\" allowfullscreen=\"allowfullscreen\" width=\"560\" height=\"315\" frameborder=\"0\"><\/iframe><\/p>\n","protected":false},"excerpt":{"rendered":"<p>Surto de Febre Amarela no Brasil<br \/>\nA febre amarela \u00e9 uma doen\u00e7a infecciosa febril aguda, causada por um v\u00edrus transmitido por vetores artr\u00f3podes, que possui dois ciclos epidemiol\u00f3gicos distintos de transmiss\u00e3o: silvestre e urbano. Reveste-se da maior import\u00e2ncia epidemiol\u00f3gica por sua gravidade cl\u00ednica e elevado potencial de dissemina\u00e7\u00e3o em \u00e1reas urbanas infestadas pelo vetor do g\u00eanero [&#8230;]<\/p>\n","protected":false},"author":24,"featured_media":0,"comment_status":"open","ping_status":"open","sticky":false,"template":"","format":"standard","meta":{"ngg_post_thumbnail":0,"footnotes":""},"categories":[22807],"tags":[36100,32231,165,8400,36098],"class_list":["post-10696","post","type-post","status-publish","format-standard","hentry","category-extras","tag-febre-amarela","tag-mais-na-internet","tag-meio-ambiente","tag-saude","tag-ult-370"],"_links":{"self":[{"href":"https:\/\/ultimato.com.br\/sites\/blogdaultimato\/wp-json\/wp\/v2\/posts\/10696","targetHints":{"allow":["GET"]}}],"collection":[{"href":"https:\/\/ultimato.com.br\/sites\/blogdaultimato\/wp-json\/wp\/v2\/posts"}],"about":[{"href":"https:\/\/ultimato.com.br\/sites\/blogdaultimato\/wp-json\/wp\/v2\/types\/post"}],"author":[{"embeddable":true,"href":"https:\/\/ultimato.com.br\/sites\/blogdaultimato\/wp-json\/wp\/v2\/users\/24"}],"replies":[{"embeddable":true,"href":"https:\/\/ultimato.com.br\/sites\/blogdaultimato\/wp-json\/wp\/v2\/comments?post=10696"}],"version-history":[{"count":2,"href":"https:\/\/ultimato.com.br\/sites\/blogdaultimato\/wp-json\/wp\/v2\/posts\/10696\/revisions"}],"predecessor-version":[{"id":10698,"href":"https:\/\/ultimato.com.br\/sites\/blogdaultimato\/wp-json\/wp\/v2\/posts\/10696\/revisions\/10698"}],"wp:attachment":[{"href":"https:\/\/ultimato.com.br\/sites\/blogdaultimato\/wp-json\/wp\/v2\/media?parent=10696"}],"wp:term":[{"taxonomy":"category","embeddable":true,"href":"https:\/\/ultimato.com.br\/sites\/blogdaultimato\/wp-json\/wp\/v2\/categories?post=10696"},{"taxonomy":"post_tag","embeddable":true,"href":"https:\/\/ultimato.com.br\/sites\/blogdaultimato\/wp-json\/wp\/v2\/tags?post=10696"}],"curies":[{"name":"wp","href":"https:\/\/api.w.org\/{rel}","templated":true}]}}