{"id":10573,"date":"2018-01-03T00:00:32","date_gmt":"2018-01-03T02:00:32","guid":{"rendered":"http:\/\/ultimato.com.br\/sites\/blogdaultimato\/?p=10573"},"modified":"2018-01-03T16:30:42","modified_gmt":"2018-01-03T18:30:42","slug":"os-livros-mais-vendidos-em-2017","status":"publish","type":"post","link":"https:\/\/ultimato.com.br\/sites\/blogdaultimato\/2018\/01\/03\/os-livros-mais-vendidos-em-2017\/","title":{"rendered":"Os livros mais vendidos em 2017"},"content":{"rendered":"<h5>Uma adapta\u00e7\u00e3o editorial do &#8220;dilema Tostines&#8221; poderia ser: o livro \u00e9 bom porque vende mais ou vende mais porque \u00e9 bom? Nesse caso, modestamente, as duas coisas. E, \u00e9 bom lembrar, tem muita coisa ruim vendendo muito e uma quantidade enorme de coisa boa vendendo quase nada.&nbsp;<\/h5>\n<h5>Enfim, vamos aos mais vendidos da editora em 2017. Alguns s\u00e3o velhos conhecidos. Outros, foram lan\u00e7ados em 2017. A nossa gratid\u00e3o aos leitores, inclusive daqueles livros que n\u00e3o aparecem nessa lista&#8230;<\/h5>\n<p>&nbsp;<\/p>\n<blockquote><p><a href=\"http:\/\/www.ultimato.com.br\/loja\/produtos\/o-discipulo-radical\" target=\"_blank\" rel=\"noopener\"><strong><img loading=\"lazy\" decoding=\"async\" class=\"alignright size-full wp-image-10585\" src=\"http:\/\/ultimato.com.br\/sites\/blogdaultimato\/files\/capa_discipulo_radical.jpg\" alt=\"\" width=\"160\" height=\"239\">O Disc\u00edpulo Radical<\/strong><\/a><br \/>\nJohn Stott \u2022 120 p\u00e1ginas&nbsp;\u2022 2011<\/p><\/blockquote>\n<p>Para muitos, \u00e9 uma grande surpresa descobrir que os seguidores de Jesus Cristo s\u00e3o chamados de \u201ccrist\u00e3os\u201d apenas tr\u00eas vezes na B\u00edblia. Claro, sabemos que tanto as palavras \u2018crist\u00e3o\u2019 como \u2018disc\u00edpulo\u2019 implicam relacionamento com Jesus. Mas, por que \u201cdisc\u00edpulo radical\u201d? <strong>O Disc\u00edpulo Radical<\/strong> apresenta oito caracter\u00edsticas do discipulado crist\u00e3o que s\u00e3o comumente esquecidas, mas ainda precisam ser levadas a s\u00e9rio. Com um texto profundamente b\u00edblico, tocante e de f\u00e1cil leitura, John Stott mostra a ess\u00eancia do que significa ser um disc\u00edpulo radical.<\/p>\n<p>&nbsp;<\/p>\n<blockquote><p><a href=\"http:\/\/www.ultimato.com.br\/loja\/produtos\/cristianismo-equilibrado\" target=\"_blank\" rel=\"noopener\"><strong><img loading=\"lazy\" decoding=\"async\" class=\"alignright size-full wp-image-10590\" src=\"http:\/\/ultimato.com.br\/sites\/blogdaultimato\/files\/ce_web.jpg\" alt=\"\" width=\"160\" height=\"234\">Cristianismo Equilibrado<\/strong><\/a><br \/>\nJohn Stott \u2022 88 p\u00e1ginas&nbsp;\u2022 2017<\/p><\/blockquote>\n<p>Estamos divididos ou somos desequilibrados? Partidarismo e polariza\u00e7\u00e3o n\u00e3o s\u00e3o novidades entre os crist\u00e3os. As frases \u201ceu sou de Paulo\u201d ou \u201ceu sou de Apolo\u201d s\u00e3o repetidas todos os dias, agora com novos sujeitos, novos adjetivos e em diferentes plataformas. <strong>Em Cristianismo Equilibrado<\/strong>, John Stott aponta n\u00e3o apenas quest\u00f5es que dividem os evang\u00e9licos, mas tamb\u00e9m o perigo do extremismo e da falta de discernimento. Em edi\u00e7\u00e3o ampliada, com uma longa entrevista com o autor, a obra responde tamb\u00e9m a quest\u00f5es contempor\u00e2neas que desafiam a unidade da igreja.<\/p>\n<p>&nbsp;<\/p>\n<blockquote><p><a href=\"http:\/\/www.ultimato.com.br\/loja\/produtos\/ate-que-tenhamos-rostos\" target=\"_blank\" rel=\"noopener\"><strong><img loading=\"lazy\" decoding=\"async\" class=\"alignright size-full wp-image-10582\" src=\"http:\/\/ultimato.com.br\/sites\/blogdaultimato\/files\/capa_atqtr_web.jpg\" alt=\"\" width=\"160\" height=\"230\">At\u00e9 Que Tenhamos Rostos&nbsp;<\/strong><\/a><br \/>\nC. S. Lewis \u2022 256 p\u00e1ginas&nbsp;\u2022 2017<\/p><\/blockquote>\n<p>Apontada por muitos como a obra definitiva e mais madura de C. S. Lewis, <strong>At\u00e9 que Tenhamos Rostos<\/strong> apresenta de maneira brilhante e criativa o mito de Cupido e Psique. Um romance sobre a luta entre o amor sagrado e o amor profano, em uma an\u00e1lise fascinante da inveja, trai\u00e7\u00e3o, perda, ci\u00fame, convers\u00e3o e outros dilemas do cora\u00e7\u00e3o humano. Uma hist\u00f3ria rica, com personagens que \u201cconhecemos\u201d diante de escolhas e dificuldades que tamb\u00e9m \u201creconhecemos\u201d. Nos lembra da nossa fragilidade e da presen\u00e7a de um poder superior sobre as nossas vidas.<\/p>\n<p>&nbsp;<\/p>\n<blockquote><p><a href=\"http:\/\/www.ultimato.com.br\/loja\/produtos\/cuide-das-raizes-espere-pelos-frutos\" target=\"_blank\" rel=\"noopener\"><strong><img loading=\"lazy\" decoding=\"async\" class=\"alignright size-full wp-image-10584\" src=\"http:\/\/ultimato.com.br\/sites\/blogdaultimato\/files\/capa_cuide_raizes.jpg\" alt=\"\" width=\"160\" height=\"229\">Cuide das Ra\u00edzes, Espere Pelos Frutos<\/strong><\/a><br \/>\nElben M. Lenz C\u00e9sar \u2022 484 p\u00e1ginas&nbsp;\u2022 2017<\/p><\/blockquote>\n<p><strong>Cuide das Ra\u00edzes, Espere pelos Frutos<\/strong> \u00e9 um livro especial. Trata-se de uma sele\u00e7\u00e3o preciosa de medita\u00e7\u00f5es di\u00e1rias do pastor Elben C\u00e9sar \u2013 ainda n\u00e3o publicadas em devocion\u00e1rio \u2013 marcadas pela profundidade b\u00edblica e pela facilidade de aplica\u00e7\u00e3o pr\u00e1tica. Ao longo do ano, dia a dia, somos guiados por algu\u00e9m que foi \u201ccomo a \u00e1rvore plantada junto \u00e0s \u00e1guas, que estende as suas ra\u00edzes para o ribeir\u00e3o [cuja] folha fica verde; e, no ano de sequid\u00e3o, n\u00e3o deixa de dar fruto\u201d (Jr 17.6). Um vers\u00edculo, uma leitura e medita\u00e7\u00e3o para cada dia do ano.<\/p>\n<p>&nbsp;<\/p>\n<blockquote><p><a href=\"http:\/\/www.ultimato.com.br\/loja\/produtos\/crer-e-tambem-pensar-1\" target=\"_blank\" rel=\"noopener\"><strong><img loading=\"lazy\" decoding=\"async\" class=\"alignright wp-image-10583\" src=\"http:\/\/ultimato.com.br\/sites\/blogdaultimato\/files\/capa_cet_web.jpg\" alt=\"\" width=\"160\" height=\"242\" srcset=\"https:\/\/ultimato.com.br\/sites\/blogdaultimato\/files\/capa_cet_web.jpg 300w, https:\/\/ultimato.com.br\/sites\/blogdaultimato\/files\/capa_cet_web-199x300.jpg 199w\" sizes=\"auto, (max-width: 160px) 100vw, 160px\" \/>Crer \u00e9 Tamb\u00e9m Pensar<\/strong><\/a><br \/>\nJohn Stott \u2022 88 p\u00e1ginas&nbsp;\u2022 2012<\/p><\/blockquote>\n<p>Qual o lugar da mente e da raz\u00e3o na vida crist\u00e3? A f\u00e9 n\u00e3o \u00e9 um assunto apenas do cora\u00e7\u00e3o? As experi\u00eancias e emo\u00e7\u00f5es s\u00e3o mais importantes que o conhecimento intelectual? S\u00e3o respostas a estas e outras perguntas que nos guiam neste cl\u00e1ssico livro do te\u00f3logo e escritor ingl\u00eas John Stott. Em meio a uma sociedade e igrejas saturadas pelo emocionalismo e pela autoajuda, <strong>Crer \u00e9 Tamb\u00e9m Pensar<\/strong> mostra, \u00e0 luz das Escrituras, como relacionar a adora\u00e7\u00e3o, a evangeliza\u00e7\u00e3o, o servi\u00e7o \u2014 enfim, a vida crist\u00e3 \u2014 com a capacidade de pensar.<\/p>\n<p>&nbsp;<\/p>\n<blockquote><p><a href=\"http:\/\/www.ultimato.com.br\/loja\/produtos\/como-ser-cristao\" target=\"_blank\" rel=\"noopener\"><strong><img loading=\"lazy\" decoding=\"async\" class=\"alignright size-full wp-image-10591\" src=\"http:\/\/ultimato.com.br\/sites\/blogdaultimato\/files\/comosercristao_web.jpg\" alt=\"\" width=\"160\" height=\"240\">Como Ser Crist\u00e3o \u2013 Um guia pr\u00e1tico para a f\u00e9 crist\u00e3<\/strong><\/a><br \/>\nJohn Stott \u2022 200 p\u00e1ginas&nbsp;\u2022 2016<\/p><\/blockquote>\n<p>O que \u00e9 a f\u00e9 crist\u00e3 e como desenvolv\u00ea-la em meio a tantas possibilidades religiosas e igrejas diferentes? <strong>Como Ser Crist\u00e3o \u2013 um guia pr\u00e1tico para a f\u00e9 crist\u00e3<\/strong> \u00e9 um livro na medida certa para aqueles que aceitaram Jesus Cristo e querem saber como viver a f\u00e9 crist\u00e3, para aqueles que est\u00e3o se preparando para ser membros de uma igreja e para aqueles que s\u00e3o crist\u00e3os e querem resgatar as bases da f\u00e9. \u00c9 uma esp\u00e9cie de mapa de navega\u00e7\u00e3o para os crist\u00e3os. E, melhor: todos os cap\u00edtulos s\u00e3o acompanhados de um guia de estudo para uso individual ou em grupo.<\/p>\n<p>&nbsp;<\/p>\n<blockquote><p><a href=\"http:\/\/www.ultimato.com.br\/loja\/produtos\/desafios-da-lideranca-crista\" target=\"_blank\" rel=\"noopener\"><strong><img loading=\"lazy\" decoding=\"async\" class=\"alignright size-full wp-image-10588\" src=\"http:\/\/ultimato.com.br\/sites\/blogdaultimato\/files\/capa_web_dlc.jpg\" alt=\"\" width=\"160\" height=\"240\">Desafios da Lideran\u00e7a Crist\u00e3<\/strong><\/a><br \/>\nJohn Stott \u2022 88 p\u00e1ginas&nbsp;\u2022 2016<\/p><\/blockquote>\n<p>As press\u00f5es sobre os l\u00edderes crist\u00e3os s\u00e3o intensas e muitas vezes implac\u00e1veis. Existem as frustra\u00e7\u00f5es do trabalho, as tenta\u00e7\u00f5es e a solid\u00e3o \u2013 problemas que podem levar-nos ao des\u00e2nimo. <strong>Desafios da Lideran\u00e7a Crist\u00e3<\/strong> responde algumas destas quest\u00f5es essenciais: como perseverar sob press\u00e3o, como manter o frescor espiritual, como lidar com as pessoas e como ser l\u00edder quando se \u00e9 relativamente jovem. Um raro livro sobre lideran\u00e7a de leitura f\u00e1cil e profunda, devocional e pr\u00e1tico. E, melhor, escrito por dos mais not\u00e1veis e reconhecidos l\u00edderes do s\u00e9culo 20.<\/p>\n<p>&nbsp;<\/p>\n<blockquote><p><a href=\"http:\/\/www.ultimato.com.br\/loja\/produtos\/a-reforma\" target=\"_blank\" rel=\"noopener\"><strong><img loading=\"lazy\" decoding=\"async\" class=\"alignright size-full wp-image-10589\" src=\"http:\/\/ultimato.com.br\/sites\/blogdaultimato\/files\/capa-ar-web.jpg\" alt=\"\" width=\"160\" height=\"236\">A Reforma&nbsp;\u2014 O que voc\u00ea precisa saber e por qu\u00ea<\/strong><\/a><br \/>\nJohn Stott | Michael Reeves \u2022 96 p\u00e1ginas&nbsp;\u2022 2017<\/p><\/blockquote>\n<p><strong>A Reforma \u2013 O que voc\u00ea precisa saber e por qu\u00ea<\/strong>, vai direto ao ponto: a redescoberta do ensino dos ap\u00f3stolos e o movimento que definiu o novo rumo da igreja protestante. A obra apresenta um quadro de todo o per\u00edodo, bem como uma an\u00e1lise do papel dos crist\u00e3os na luta pela verdade. N\u00e3o celebra um cisma. Em vez disso, estabelece as verdades b\u00edblicas e o que cabe a cada um de n\u00f3s na passagem dessa verdade para as pr\u00f3ximas gera\u00e7\u00f5es. O livro traz ainda as 95 teses de Martinho Lutero e um guia de estudos que pode ser usado individualmente ou em grupo.<\/p>\n<p>&nbsp;<\/p>\n<blockquote><p><a href=\"http:\/\/www.ultimato.com.br\/loja\/produtos\/por-que-sou-cristao\" target=\"_blank\" rel=\"noopener\"><strong><img loading=\"lazy\" decoding=\"async\" class=\"alignright size-full wp-image-10587\" src=\"http:\/\/ultimato.com.br\/sites\/blogdaultimato\/files\/capa_psc_web.jpg\" alt=\"\" width=\"160\" height=\"240\">Por Que Sou Crist\u00e3o<\/strong><\/a><br \/>\nJohn Stott \u2022 144 p\u00e1ginas&nbsp;\u2022 2004<\/p><\/blockquote>\n<p>Para John Stott, n\u00e3o foi ele que encontrou Cristo, mas Cristo o encontrou. Ele tornou-se crist\u00e3o n\u00e3o porque a f\u00e9 crist\u00e3 \u00e9 atrativa, mas porque \u00e9 verdadeira; n\u00e3o porque merecesse ser salvo, mas porque Cristo tomou os seus pecados \u2014 e os de cada um de n\u00f3s \u2014 sobre si mesmo. <strong>Por Que Sou Crist\u00e3o<\/strong> mostra que a resposta para o paradoxo existente no cora\u00e7\u00e3o humano e a chave para a verdadeira liberdade e plenitude s\u00f3 podem ser encontradas em Cristo. E ele faz o maior de todos os convites a cada um de n\u00f3s e espera pacientemente a nossa resposta.<\/p>\n<p>&nbsp;<\/p>\n<blockquote><p><a href=\"http:\/\/www.ultimato.com.br\/loja\/produtos\/leituras-diarias-das-cronicas-de-narnia\" target=\"_blank\" rel=\"noopener\"><strong><img loading=\"lazy\" decoding=\"async\" class=\"alignright size-full wp-image-10586\" src=\"http:\/\/ultimato.com.br\/sites\/blogdaultimato\/files\/capa_ldcn_web.jpg\" alt=\"\" width=\"160\" height=\"229\">Leituras Di\u00e1rias das Cr\u00f4nicas de N\u00e1rnia<\/strong><\/a><br \/>\nC. S. Lewis \u2022 488 p\u00e1ginas&nbsp;\u2022 2016<\/p><\/blockquote>\n<p><strong>Leituras Di\u00e1rias das Cr\u00f4nicas de N\u00e1rnia \u2013 Um Ano com Aslam<\/strong> re\u00fane uma sele\u00e7\u00e3o preciosa de 365 trechos dos sete livros mais amados de C. S. Lewis, que se tornaram cl\u00e1ssicos da literatura mundial e tamb\u00e9m ganharam o cinema. Em meio a aventuras encantadoras, encontramos tamb\u00e9m inspira\u00e7\u00e3o, sabedoria e orienta\u00e7\u00e3o sobre o verdadeiro significado da vida. Ao longo de um ano inteiro, as perguntas e reflex\u00f5es no final de cada leitura di\u00e1ria nos ajudam a conhecer o mundo de N\u00e1rnia e compreender melhor o nosso pr\u00f3prio mundo.<\/p>\n","protected":false},"excerpt":{"rendered":"<p>Uma adapta\u00e7\u00e3o editorial do &#8220;dilema Tostines&#8221; poderia ser: o livro \u00e9 bom porque vende mais ou vende mais porque \u00e9 bom? Nesse caso, modestamente, as duas coisas. E, \u00e9 bom lembrar, tem muita coisa ruim vendendo muito e uma quantidade enorme de coisa boa vendendo quase nada.&nbsp;<br \/>\nEnfim, vamos aos mais vendidos da editora em 2017. [&#8230;]<\/p>\n","protected":false},"author":24,"featured_media":0,"comment_status":"open","ping_status":"open","sticky":false,"template":"","format":"standard","meta":{"ngg_post_thumbnail":0,"footnotes":""},"categories":[5153],"tags":[],"class_list":["post-10573","post","type-post","status-publish","format-standard","hentry","category-prateleira"],"_links":{"self":[{"href":"https:\/\/ultimato.com.br\/sites\/blogdaultimato\/wp-json\/wp\/v2\/posts\/10573","targetHints":{"allow":["GET"]}}],"collection":[{"href":"https:\/\/ultimato.com.br\/sites\/blogdaultimato\/wp-json\/wp\/v2\/posts"}],"about":[{"href":"https:\/\/ultimato.com.br\/sites\/blogdaultimato\/wp-json\/wp\/v2\/types\/post"}],"author":[{"embeddable":true,"href":"https:\/\/ultimato.com.br\/sites\/blogdaultimato\/wp-json\/wp\/v2\/users\/24"}],"replies":[{"embeddable":true,"href":"https:\/\/ultimato.com.br\/sites\/blogdaultimato\/wp-json\/wp\/v2\/comments?post=10573"}],"version-history":[{"count":23,"href":"https:\/\/ultimato.com.br\/sites\/blogdaultimato\/wp-json\/wp\/v2\/posts\/10573\/revisions"}],"predecessor-version":[{"id":10603,"href":"https:\/\/ultimato.com.br\/sites\/blogdaultimato\/wp-json\/wp\/v2\/posts\/10573\/revisions\/10603"}],"wp:attachment":[{"href":"https:\/\/ultimato.com.br\/sites\/blogdaultimato\/wp-json\/wp\/v2\/media?parent=10573"}],"wp:term":[{"taxonomy":"category","embeddable":true,"href":"https:\/\/ultimato.com.br\/sites\/blogdaultimato\/wp-json\/wp\/v2\/categories?post=10573"},{"taxonomy":"post_tag","embeddable":true,"href":"https:\/\/ultimato.com.br\/sites\/blogdaultimato\/wp-json\/wp\/v2\/tags?post=10573"}],"curies":[{"name":"wp","href":"https:\/\/api.w.org\/{rel}","templated":true}]}}