{"id":10560,"date":"2017-12-22T11:15:47","date_gmt":"2017-12-22T14:15:47","guid":{"rendered":"http:\/\/ultimato.com.br\/sites\/blogdaultimato\/?p=10560"},"modified":"2017-12-22T11:15:47","modified_gmt":"2017-12-22T14:15:47","slug":"onde-ultimato-marcou-presenca-em-2017","status":"publish","type":"post","link":"https:\/\/ultimato.com.br\/sites\/blogdaultimato\/2017\/12\/22\/onde-ultimato-marcou-presenca-em-2017\/","title":{"rendered":"Onde Ultimato marcou presen\u00e7a em 2017?"},"content":{"rendered":"<p>Exceto na regi\u00e3o norte, Ultimato marcou presen\u00e7a em todas as outras regi\u00f5es do pa\u00eds em 2017. Do interior de Minas Gerais \u2013 da \u201cro\u00e7a\u201d, como dizem os mineiros \u2013 para Maring\u00e1 (PR), Natal (RN), An\u00e1polis (GO), Vit\u00f3ria (ES), Campinas (SP) e \u00c1guas de Lindoia (SP), Ultimato apoiou diversos encontros e esteve presente em alguns, promovidos por organiza\u00e7\u00f5es parceiras. Dentre os temas abordados, pautas que Ultimato acredita: miss\u00f5es, juventude, igreja, pastores e l\u00edderes, voca\u00e7\u00e3o, miss\u00e3o integral, arte e cultura, etc.<\/p>\n<p>Vale destaque para a participa\u00e7\u00e3o recente no VIII Congresso Brasileiro de Miss\u00f5es (CBM), que aconteceu em outubro, em \u00c1guas de Lindoia (SP). O CBM \u00e9 o maior e mais representativo evento de miss\u00f5es do pa\u00eds e Ultimato fez a cobertura dos principais momentos do congresso. <a href=\"http:\/\/ultimato.com.br\/sites\/blogdaultimato\/2017\/12\/13\/cobertura-do-viii-congresso-brasileiro-de-missoes\/\">Confira aqui<\/a>.<\/p>\n<p>Al\u00e9m da venda de livros, os eventos s\u00e3o oportunidades para Ultimato estar mais perto de leitores e assinantes; conversar com colabores e articulistas da revista e do portal Ultimato Online; fazer contatos editoriais, comerciais e com organiza\u00e7\u00f5es parceiras; e, claro, coletar e produzir conte\u00fado a partir dos temas abordados nos encontros.<\/p>\n<p>Confira abaixo os eventos nos quais Ultimato esteve representada:<\/p>\n<p><strong><a href=\"http:\/\/ultimato.com.br\/sites\/blogdaultimato\/2017\/04\/25\/ultimatonovocare2017\/\">VOCARE<\/a><br \/>\n<\/strong>Maring\u00e1, PR<br \/>\nAbril de 2017<\/p>\n<p><strong><a href=\"http:\/\/ultimato.com.br\/sites\/blogdaultimato\/2017\/12\/13\/cobertura-do-viii-congresso-brasileiro-de-missoes\/\">CBM<br \/>\n<\/a><\/strong>\u00c1guas de Lindoia, SP<br \/>\nOutubro de 2017<\/p>\n<p><strong><a href=\"http:\/\/www.ultimato.com.br\/conteudo\/congresso-da-missao-alef-aborda-desafios-atuais-da-igreja-sob-perspectiva-da-reforma-protestante#alef\">Congresso ALEF<\/a><br \/>\n<\/strong>Natal, RN<br \/>\nOutubro de 2017<\/p>\n<p><strong><a href=\"http:\/\/www.ultimato.com.br\/conteudo\/congresso-miqueias-convida-igreja-a-se-engajar-na-luta-pela-justica\">Congresso Miqueias Brasil<\/a><br \/>\n<\/strong>Vit\u00f3ria, ES<br \/>\nJulho de 2017<\/p>\n<p><strong><a href=\"http:\/\/www.ultimato.com.br\/conteudo\/feira-literaria-internacional-crista-chega-a-6-edicao-em-sao-paulo\">FLIC<br \/>\n<\/a><\/strong>S\u00e3o Paulo, SP<br \/>\nSetembro de 2017<\/p>\n<p><strong><a href=\"http:\/\/renas.org.br\/2017\/11\/01\/dois-eventos-um-encontro-e-muitos-planos\/\">Encontro de RENAS<\/a><br \/>\n<\/strong>S\u00e3o Paulo, SP<br \/>\nOutubro de 2017<\/p>\n<p><strong>Prosa &amp; Canto<br \/>\n<\/strong>An\u00e1polis, GO<br \/>\nJulho\/Agosto de 2017<\/p>\n<p><strong>ABC2<br \/>\n<\/strong>S\u00e3o Paulo, SP<br \/>\nNovembro de 2016<\/p>\n<p><strong>CTPI<br \/>\n<\/strong>Campinas, SP<br \/>\nAgosto de 2017<\/p>\n","protected":false},"excerpt":{"rendered":"<p>Exceto na regi\u00e3o norte, Ultimato marcou presen\u00e7a em todas as outras regi\u00f5es do pa\u00eds em 2017. Do interior de Minas Gerais \u2013 da \u201cro\u00e7a\u201d, como dizem os mineiros \u2013 para Maring\u00e1 (PR), Natal (RN), An\u00e1polis (GO), Vit\u00f3ria (ES), Campinas (SP) e \u00c1guas de Lindoia (SP), Ultimato apoiou diversos encontros e esteve presente em alguns, promovidos [&#8230;]<\/p>\n","protected":false},"author":24,"featured_media":0,"comment_status":"open","ping_status":"open","sticky":false,"template":"","format":"standard","meta":{"ngg_post_thumbnail":0,"footnotes":""},"categories":[5153],"tags":[],"class_list":["post-10560","post","type-post","status-publish","format-standard","hentry","category-prateleira"],"_links":{"self":[{"href":"https:\/\/ultimato.com.br\/sites\/blogdaultimato\/wp-json\/wp\/v2\/posts\/10560","targetHints":{"allow":["GET"]}}],"collection":[{"href":"https:\/\/ultimato.com.br\/sites\/blogdaultimato\/wp-json\/wp\/v2\/posts"}],"about":[{"href":"https:\/\/ultimato.com.br\/sites\/blogdaultimato\/wp-json\/wp\/v2\/types\/post"}],"author":[{"embeddable":true,"href":"https:\/\/ultimato.com.br\/sites\/blogdaultimato\/wp-json\/wp\/v2\/users\/24"}],"replies":[{"embeddable":true,"href":"https:\/\/ultimato.com.br\/sites\/blogdaultimato\/wp-json\/wp\/v2\/comments?post=10560"}],"version-history":[{"count":3,"href":"https:\/\/ultimato.com.br\/sites\/blogdaultimato\/wp-json\/wp\/v2\/posts\/10560\/revisions"}],"predecessor-version":[{"id":10563,"href":"https:\/\/ultimato.com.br\/sites\/blogdaultimato\/wp-json\/wp\/v2\/posts\/10560\/revisions\/10563"}],"wp:attachment":[{"href":"https:\/\/ultimato.com.br\/sites\/blogdaultimato\/wp-json\/wp\/v2\/media?parent=10560"}],"wp:term":[{"taxonomy":"category","embeddable":true,"href":"https:\/\/ultimato.com.br\/sites\/blogdaultimato\/wp-json\/wp\/v2\/categories?post=10560"},{"taxonomy":"post_tag","embeddable":true,"href":"https:\/\/ultimato.com.br\/sites\/blogdaultimato\/wp-json\/wp\/v2\/tags?post=10560"}],"curies":[{"name":"wp","href":"https:\/\/api.w.org\/{rel}","templated":true}]}}