{"id":10539,"date":"2017-12-25T00:00:14","date_gmt":"2017-12-25T03:00:14","guid":{"rendered":"http:\/\/ultimato.com.br\/sites\/blogdaultimato\/?p=10539"},"modified":"2017-12-20T17:30:11","modified_gmt":"2017-12-20T20:30:11","slug":"contando-os-nossos-dias","status":"publish","type":"post","link":"https:\/\/ultimato.com.br\/sites\/blogdaultimato\/2017\/12\/25\/contando-os-nossos-dias\/","title":{"rendered":"Contando os nossos dias"},"content":{"rendered":"<p><span style=\"color: #808000;\"><strong>500 Anos da Reforma&nbsp; |&nbsp;&nbsp;<\/strong><strong>Por Martinho Lutero<\/strong><\/span><\/p>\n<p><em>Ensina-nos a contar os nossos dias para que o nosso cora\u00e7\u00e3o alcance sabedoria. [Salmos 90.12]<\/em><\/p>\n<p><a href=\"http:\/\/www.ultimato.com.br\/loja\/produtos\/somente-a-fe\"><img loading=\"lazy\" decoding=\"async\" class=\"alignleft wp-image-9315\" src=\"http:\/\/ultimato.com.br\/sites\/blogdaultimato\/files\/2017\/05\/capa_somente_a_fe.jpg\" alt=\"\" width=\"180\" height=\"257\"><\/a>At\u00e9 compreender qu\u00e3o s\u00e9ria e urgentemente Mois\u00e9s orou nessa passagem, eu n\u00e3o entendia que n\u00f3s devemos pedir a Deus que nos ensine a contar os nossos dias. Eu pensava que todos tinham tanto medo da morte quanto eu. Contudo, de 10 mil pessoas, somente dez devem pensar que contar os dias \u00e9 importante. O restante das pessoas vive como se Deus n\u00e3o existisse e a morte n\u00e3o acontecesse.<\/p>\n<p>Mas essa n\u00e3o \u00e9 a pior parte. Algumas pessoas que est\u00e3o prestes a morrer acreditam que continuar\u00e3o vivendo. Outras, oprimidas pela mis\u00e9ria, sonham com a felicidade. Outras ainda, que est\u00e3o em perigo extremo, pensam estupidamente estar em total seguran\u00e7a. A ilus\u00e3o delas \u00e9 a parte mais triste de tudo.<\/p>\n<p>Assim, Mois\u00e9s adequadamente nos ensina que devemos contar os nossos dias. N\u00e3o devemos perguntar a Deus quanto tempo exatamente ainda nos resta. Em vez disso, devemos orar para que possamos tomar consci\u00eancia de qu\u00e3o miser\u00e1vel e curta \u00e9 a nossa vida. A morte e a ira eterna de Deus nos amea\u00e7am a todo segundo.<\/p>\n<p>\u00c0s vezes encontramos pessoas realmente preocupadas com a brevidade da vida. Elas est\u00e3o ocupadas com pensamentos sobre sua morte iminente, mesmo n\u00e3o tendo orado para ter esse conhecimento. Mas a maioria das pessoas n\u00e3o est\u00e1 ciente de que seus dias s\u00e3o numerados. Elas vivem como se o presente durasse para sempre. De tal modo, para a maioria de n\u00f3s, orar da maneira como Mois\u00e9s sugere nessa passagem \u00e9 imprescind\u00edvel.<\/p>\n<h6><strong>Para celebrar os 500 anos da Reforma Protestante, o Blog publicou, sempre \u00e0s segundas-feiras, uma devocional do reformador Martinho Lutero, retirado do seu <a href=\"http:\/\/www.ultimato.com.br\/loja\/produtos\/somente-a-fe\">Somente a F\u00e9 &#8211; Um Ano com Lutero<\/a>.<\/strong><\/h6>\n","protected":false},"excerpt":{"rendered":"<p>500 Anos da Reforma&nbsp; |&nbsp;&nbsp;Por Martinho Lutero<br \/>\nEnsina-nos a contar os nossos dias para que o nosso cora\u00e7\u00e3o alcance sabedoria. [Salmos 90.12]<br \/>\nAt\u00e9 compreender qu\u00e3o s\u00e9ria e urgentemente Mois\u00e9s orou nessa passagem, eu n\u00e3o entendia que n\u00f3s devemos pedir a Deus que nos ensine a contar os nossos dias. Eu pensava que todos tinham tanto medo da [&#8230;]<\/p>\n","protected":false},"author":6,"featured_media":0,"comment_status":"open","ping_status":"open","sticky":false,"template":"","format":"standard","meta":{"ngg_post_thumbnail":0,"footnotes":""},"categories":[5153],"tags":[32203],"class_list":["post-10539","post","type-post","status-publish","format-standard","hentry","category-prateleira","tag-500-anos-da-reforma"],"_links":{"self":[{"href":"https:\/\/ultimato.com.br\/sites\/blogdaultimato\/wp-json\/wp\/v2\/posts\/10539","targetHints":{"allow":["GET"]}}],"collection":[{"href":"https:\/\/ultimato.com.br\/sites\/blogdaultimato\/wp-json\/wp\/v2\/posts"}],"about":[{"href":"https:\/\/ultimato.com.br\/sites\/blogdaultimato\/wp-json\/wp\/v2\/types\/post"}],"author":[{"embeddable":true,"href":"https:\/\/ultimato.com.br\/sites\/blogdaultimato\/wp-json\/wp\/v2\/users\/6"}],"replies":[{"embeddable":true,"href":"https:\/\/ultimato.com.br\/sites\/blogdaultimato\/wp-json\/wp\/v2\/comments?post=10539"}],"version-history":[{"count":2,"href":"https:\/\/ultimato.com.br\/sites\/blogdaultimato\/wp-json\/wp\/v2\/posts\/10539\/revisions"}],"predecessor-version":[{"id":10541,"href":"https:\/\/ultimato.com.br\/sites\/blogdaultimato\/wp-json\/wp\/v2\/posts\/10539\/revisions\/10541"}],"wp:attachment":[{"href":"https:\/\/ultimato.com.br\/sites\/blogdaultimato\/wp-json\/wp\/v2\/media?parent=10539"}],"wp:term":[{"taxonomy":"category","embeddable":true,"href":"https:\/\/ultimato.com.br\/sites\/blogdaultimato\/wp-json\/wp\/v2\/categories?post=10539"},{"taxonomy":"post_tag","embeddable":true,"href":"https:\/\/ultimato.com.br\/sites\/blogdaultimato\/wp-json\/wp\/v2\/tags?post=10539"}],"curies":[{"name":"wp","href":"https:\/\/api.w.org\/{rel}","templated":true}]}}