{"id":10447,"date":"2017-12-11T11:00:19","date_gmt":"2017-12-11T14:00:19","guid":{"rendered":"http:\/\/ultimato.com.br\/sites\/blogdaultimato\/?p=10447"},"modified":"2017-12-11T11:00:19","modified_gmt":"2017-12-11T14:00:19","slug":"cuidado-para-nao-julgar-as-pessoas","status":"publish","type":"post","link":"https:\/\/ultimato.com.br\/sites\/blogdaultimato\/2017\/12\/11\/cuidado-para-nao-julgar-as-pessoas\/","title":{"rendered":"Cuidado para n\u00e3o julgar as pessoas"},"content":{"rendered":"<p><span style=\"color: #808000;\"><strong>500 Anos da Reforma&nbsp; |&nbsp;&nbsp;<\/strong><strong>Por Martinho Lutero<\/strong><\/span><\/p>\n<p><em>N\u00e3o julguem, para que voc\u00eas n\u00e3o sejam julgados. Pois da mesma forma que julgarem, voc\u00eas ser\u00e3o julgados; e a medida que usarem, tamb\u00e9m ser\u00e1 usada para medir voc\u00eas. [Mateus 7.1-2]<\/em><\/p>\n<p>Perd\u00e3o dos pecados e toler\u00e2ncia \u00e0s outras pessoas s\u00e3o indispens\u00e1veis \u00e0 vida crist\u00e3. N\u00f3s devemos suportar uns aos outros e nos perdoar mutuamente. Como Paulo ensinou, \u201cN\u00f3s, que somos fortes, devemos suportar as fraquezas dos fracos, e n\u00e3o agradar a n\u00f3s mesmos\u201d (Rm 15.1). Foi isso que Cristo quis comunicar quando disse: \u201cN\u00e3o julguem\u201d.<\/p>\n<p><a href=\"http:\/\/www.ultimato.com.br\/loja\/produtos\/somente-a-fe\"><img loading=\"lazy\" decoding=\"async\" class=\"alignleft wp-image-8510\" src=\"http:\/\/ultimato.com.br\/sites\/blogdaultimato\/files\/2017\/01\/martinho-lutero.jpg\" alt=\"\" width=\"159\" height=\"104\" srcset=\"https:\/\/ultimato.com.br\/sites\/blogdaultimato\/files\/2017\/01\/martinho-lutero.jpg 363w, https:\/\/ultimato.com.br\/sites\/blogdaultimato\/files\/2017\/01\/martinho-lutero-300x196.jpg 300w, https:\/\/ultimato.com.br\/sites\/blogdaultimato\/files\/2017\/01\/martinho-lutero-150x98.jpg 150w\" sizes=\"auto, (max-width: 159px) 100vw, 159px\" \/><\/a>Alguns crist\u00e3os possuem dons maiores e melhores do que outros. Isso \u00e9 necess\u00e1rio, principalmente para os pregadores. Ningu\u00e9m deve agir com superioridade nem pensar em si pr\u00f3prio como melhor do que aqueles que n\u00e3o t\u00eam tais dons. Entre os crist\u00e3os, ningu\u00e9m deve tentar dominar os outros. Externamente, existem diferen\u00e7as entre as pessoas. Um pr\u00edncipe, por exemplo, tem uma posi\u00e7\u00e3o mais elevada do que um fazendeiro. Um pregador tem mais educa\u00e7\u00e3o do que um trabalhador comum. Mas, em seus cora\u00e7\u00f5es, os crist\u00e3os devem ter uma s\u00f3 mente apesar das suas diferentes posi\u00e7\u00f5es na sociedade. Eles devem desconsiderar as diferen\u00e7as externas.<\/p>\n<p>Como crist\u00e3o, voc\u00ea deve aceitar os outros, fazendo concess\u00f5es ao seu pr\u00f3ximo, mesmo se este ocupar uma posi\u00e7\u00e3o inferior na sociedade e tiver menos coisas do que voc\u00ea. Voc\u00ea deve respeitar o trabalho de um servo que cuida dos cavalos tanto quanto respeita o seu pr\u00f3prio trabalho, seja governando, seja pregando. O seu trabalho pode at\u00e9 parecer ter um impacto maior do que o do seu pr\u00f3ximo, mas voc\u00ea n\u00e3o deve julg\u00e1-lo pelas apar\u00eancias. Lembre-se sempre que o seu pr\u00f3ximo tem a mesma f\u00e9 e o mesmo Cristo que voc\u00ea. O seu pr\u00f3ximo recebe tanta gra\u00e7a de Deus quanto voc\u00ea. H\u00e1 um Deus que criou a todos e concede a cada um de n\u00f3s os nossos pr\u00f3prios dons. Deus se agrada tanto do menor quanto do maior.<\/p>\n<h6><strong>Em 2017, Ultimato vai relembrar e celebrar os 500 anos da Reforma Protestante. O&nbsp;Blog publica, sempre \u00e0s segundas-feiras, uma devocional do reformador Martinho Lutero, retirado do seu <a href=\"http:\/\/www.ultimato.com.br\/loja\/produtos\/somente-a-fe\">Somente a F\u00e9 &#8211; Um Ano com Lutero<\/a>.<\/strong><\/h6>\n","protected":false},"excerpt":{"rendered":"<p>500 Anos da Reforma&nbsp; |&nbsp;&nbsp;Por Martinho Lutero<br \/>\nN\u00e3o julguem, para que voc\u00eas n\u00e3o sejam julgados. Pois da mesma forma que julgarem, voc\u00eas ser\u00e3o julgados; e a medida que usarem, tamb\u00e9m ser\u00e1 usada para medir voc\u00eas. [Mateus 7.1-2]<br \/>\nPerd\u00e3o dos pecados e toler\u00e2ncia \u00e0s outras pessoas s\u00e3o indispens\u00e1veis \u00e0 vida crist\u00e3. N\u00f3s devemos suportar uns aos outros e [&#8230;]<\/p>\n","protected":false},"author":6,"featured_media":0,"comment_status":"open","ping_status":"open","sticky":false,"template":"","format":"standard","meta":{"ngg_post_thumbnail":0,"footnotes":""},"categories":[5153],"tags":[32203],"class_list":["post-10447","post","type-post","status-publish","format-standard","hentry","category-prateleira","tag-500-anos-da-reforma"],"_links":{"self":[{"href":"https:\/\/ultimato.com.br\/sites\/blogdaultimato\/wp-json\/wp\/v2\/posts\/10447","targetHints":{"allow":["GET"]}}],"collection":[{"href":"https:\/\/ultimato.com.br\/sites\/blogdaultimato\/wp-json\/wp\/v2\/posts"}],"about":[{"href":"https:\/\/ultimato.com.br\/sites\/blogdaultimato\/wp-json\/wp\/v2\/types\/post"}],"author":[{"embeddable":true,"href":"https:\/\/ultimato.com.br\/sites\/blogdaultimato\/wp-json\/wp\/v2\/users\/6"}],"replies":[{"embeddable":true,"href":"https:\/\/ultimato.com.br\/sites\/blogdaultimato\/wp-json\/wp\/v2\/comments?post=10447"}],"version-history":[{"count":1,"href":"https:\/\/ultimato.com.br\/sites\/blogdaultimato\/wp-json\/wp\/v2\/posts\/10447\/revisions"}],"predecessor-version":[{"id":10449,"href":"https:\/\/ultimato.com.br\/sites\/blogdaultimato\/wp-json\/wp\/v2\/posts\/10447\/revisions\/10449"}],"wp:attachment":[{"href":"https:\/\/ultimato.com.br\/sites\/blogdaultimato\/wp-json\/wp\/v2\/media?parent=10447"}],"wp:term":[{"taxonomy":"category","embeddable":true,"href":"https:\/\/ultimato.com.br\/sites\/blogdaultimato\/wp-json\/wp\/v2\/categories?post=10447"},{"taxonomy":"post_tag","embeddable":true,"href":"https:\/\/ultimato.com.br\/sites\/blogdaultimato\/wp-json\/wp\/v2\/tags?post=10447"}],"curies":[{"name":"wp","href":"https:\/\/api.w.org\/{rel}","templated":true}]}}