{"id":10427,"date":"2017-12-06T12:02:11","date_gmt":"2017-12-06T15:02:11","guid":{"rendered":"http:\/\/ultimato.com.br\/sites\/blogdaultimato\/?p=10427"},"modified":"2017-12-06T17:50:09","modified_gmt":"2017-12-06T20:50:09","slug":"kleos-magalhaes-lenz-cesar-1935-2017","status":"publish","type":"post","link":"https:\/\/ultimato.com.br\/sites\/blogdaultimato\/2017\/12\/06\/kleos-magalhaes-lenz-cesar-1935-2017\/","title":{"rendered":"Kl\u00e9os Magalh\u00e3es Lenz C\u00e9sar (1935 \u2013 2017)"},"content":{"rendered":"<div id=\"attachment_10428\" style=\"width: 310px\" class=\"wp-caption alignright\"><img loading=\"lazy\" decoding=\"async\" aria-describedby=\"caption-attachment-10428\" class=\"size-full wp-image-10428\" src=\"http:\/\/ultimato.com.br\/sites\/blogdaultimato\/files\/kleos_magalhaes.jpg\" alt=\"\" width=\"300\" height=\"400\" srcset=\"https:\/\/ultimato.com.br\/sites\/blogdaultimato\/files\/kleos_magalhaes.jpg 300w, https:\/\/ultimato.com.br\/sites\/blogdaultimato\/files\/kleos_magalhaes-225x300.jpg 225w\" sizes=\"auto, (max-width: 300px) 100vw, 300px\" \/><p id=\"caption-attachment-10428\" class=\"wp-caption-text\">Kl\u00e9os Magalh\u00e3es Lenz C\u00e9sar (1935 \u2013 2017)<\/p><\/div>\n<p>\u201cSenhor, fui mo\u00e7o e agora sou velho&#8230; e n\u00e3o sei o n\u00famero dos dias que me restam, e nem quero saber. Entreguei-te o meu rel\u00f3gio, e n\u00e3o o quero de volta.\u201d. A frase \u00e9 de autoria do pastor Kl\u00e9os Magalh\u00e3es Lenz C\u00e9sar, sepultado na \u00faltima ter\u00e7a-feira (05\/12), em Vi\u00e7osa (MG).<\/p>\n<p>Nascido em 11 de abril de 1935, em Campos dos Goytacazes (RJ), Kleos C\u00e9sar faleceu aos 82 anos devido a complica\u00e7\u00f5es no estado de sa\u00fade. Deixou a esposa Cleds Bussinguer Lenz C\u00e9sar, com que foi casado por 55 anos, e tr\u00eas filhos adultos: Kl\u00e9os J\u00fanior, B\u00eanlio e L\u00eanzie.<\/p>\n<p>Kl\u00e9os C\u00e9sar foi professor de poim\u00eanica e hiperetologia no Semin\u00e1rio Teol\u00f3gico Presbiteriano do Rio de Janeiro por seis anos, pastor e professor de m\u00fasica no Instituto de Educa\u00e7\u00e3o Cl\u00e9lia Nanci, em S\u00e3o Gon\u00e7alo, RJ. Pastoreou um total de 21 igrejas nos estados de Minas Gerais e Rio De Janeiro, nos presbit\u00e9rios de Campos, Juiz de Fora e Central Fluminense.<\/p>\n<p>Pela editora Ultimato, publicou&nbsp;<a href=\"http:\/\/www.ultimato.com.br\/loja\/produtos\/vocacao\">Voca\u00e7\u00e3o: perspectivas b\u00edblicas e teol\u00f3gicas<\/a>,&nbsp;<a href=\"http:\/\/www.ultimato.com.br\/loja\/produtos\/fui-moco-agora-sou-velho-e-dai\">Fui Mo\u00e7o, Agora Sou Velho&#8230; E Da\u00ed?<\/a> e <a href=\"http:\/\/www.ultimato.com.br\/loja\/produtos\/no-acampamento-dos-anjos\">No Acampamento dos Anjos<\/a>. O primeiro foi publicado exatamente h\u00e1 20 anos, em 1997, e foi adotado por alguns semin\u00e1rios e escolas de miss\u00f5es no Brasil, por seu conte\u00fado ricamente b\u00edblico a respeito da voca\u00e7\u00e3o \u2013 voca\u00e7\u00e3o de pastores e mission\u00e1rios, mas tamb\u00e9m de engenheiros, professores e demais profiss\u00f5es.<\/p>\n<p>Durante o culto f\u00fanebre, realizado na Igreja Presbiteriana de Vi\u00e7osa, amigos e familiares lembraram trechos do livro \u201cFui Mo\u00e7o, Agora Sou Velho&#8230; E Da\u00ed?\u201d, que falam da transitoriedade da vida e mostram como o pastor Kleos lidava com o dia em que seus olhos se fechariam:<\/p>\n<blockquote><p>Senhor, fui mo\u00e7o e agora sou velho&#8230; e, embora \u00e0s vezes a vida me seja dif\u00edcil, n\u00e3o tenho queixas de ti. Tu me tens sustentado desde o ventre de minha m\u00e3e e sei que o far\u00e1s at\u00e9 o momento de minha partida. Sustenta esta minha f\u00e9. N\u00e3o permitas que ela se abale, qualquer que seja a circunst\u00e2ncia que eu tenha de enfrentar.<\/p>\n<p>Senhor, fui mo\u00e7o e agora sou velho&#8230; e n\u00e3o sei o n\u00famero dos dias que me restam, e nem quero saber. Entreguei-te o meu rel\u00f3gio, e n\u00e3o o quero de volta.<\/p>\n<p>Senhor, fui mo\u00e7o e agora sou velho&#8230; e n\u00e3o devo estar muito distante do c\u00e9u. Alegra-me sempre pensar que, quando os meus olhos se fecharem, minha alma estar\u00e1 contigo para todo o sempre. Ajuda-me, Senhor, a aguardar esse dia em plena confian\u00e7a e tranquilidade.<\/p><\/blockquote>\n","protected":false},"excerpt":{"rendered":"<p>\u201cSenhor, fui mo\u00e7o e agora sou velho&#8230; e n\u00e3o sei o n\u00famero dos dias que me restam, e nem quero saber. Entreguei-te o meu rel\u00f3gio, e n\u00e3o o quero de volta.\u201d. A frase \u00e9 de autoria do pastor Kl\u00e9os Magalh\u00e3es Lenz C\u00e9sar, sepultado na \u00faltima ter\u00e7a-feira (05\/12), em Vi\u00e7osa (MG).<br \/>\nNascido em 11 de abril de [&#8230;]<\/p>\n","protected":false},"author":24,"featured_media":0,"comment_status":"open","ping_status":"open","sticky":false,"template":"","format":"standard","meta":{"ngg_post_thumbnail":0,"footnotes":""},"categories":[9536],"tags":[36085,161,36083,36084,6095],"class_list":["post-10427","post","type-post","status-publish","format-standard","hentry","category-do-editor","tag-kleos-cesar","tag-morte","tag-nota-de-falecimento","tag-obituario","tag-vida"],"_links":{"self":[{"href":"https:\/\/ultimato.com.br\/sites\/blogdaultimato\/wp-json\/wp\/v2\/posts\/10427","targetHints":{"allow":["GET"]}}],"collection":[{"href":"https:\/\/ultimato.com.br\/sites\/blogdaultimato\/wp-json\/wp\/v2\/posts"}],"about":[{"href":"https:\/\/ultimato.com.br\/sites\/blogdaultimato\/wp-json\/wp\/v2\/types\/post"}],"author":[{"embeddable":true,"href":"https:\/\/ultimato.com.br\/sites\/blogdaultimato\/wp-json\/wp\/v2\/users\/24"}],"replies":[{"embeddable":true,"href":"https:\/\/ultimato.com.br\/sites\/blogdaultimato\/wp-json\/wp\/v2\/comments?post=10427"}],"version-history":[{"count":3,"href":"https:\/\/ultimato.com.br\/sites\/blogdaultimato\/wp-json\/wp\/v2\/posts\/10427\/revisions"}],"predecessor-version":[{"id":10432,"href":"https:\/\/ultimato.com.br\/sites\/blogdaultimato\/wp-json\/wp\/v2\/posts\/10427\/revisions\/10432"}],"wp:attachment":[{"href":"https:\/\/ultimato.com.br\/sites\/blogdaultimato\/wp-json\/wp\/v2\/media?parent=10427"}],"wp:term":[{"taxonomy":"category","embeddable":true,"href":"https:\/\/ultimato.com.br\/sites\/blogdaultimato\/wp-json\/wp\/v2\/categories?post=10427"},{"taxonomy":"post_tag","embeddable":true,"href":"https:\/\/ultimato.com.br\/sites\/blogdaultimato\/wp-json\/wp\/v2\/tags?post=10427"}],"curies":[{"name":"wp","href":"https:\/\/api.w.org\/{rel}","templated":true}]}}