{"id":10313,"date":"2017-11-17T15:18:56","date_gmt":"2017-11-17T18:18:56","guid":{"rendered":"http:\/\/ultimato.com.br\/sites\/blogdaultimato\/?p=10313"},"modified":"2017-11-17T15:20:34","modified_gmt":"2017-11-17T18:20:34","slug":"o-mito-da-democracia-racial-entre-os-evangelicos","status":"publish","type":"post","link":"https:\/\/ultimato.com.br\/sites\/blogdaultimato\/2017\/11\/17\/o-mito-da-democracia-racial-entre-os-evangelicos\/","title":{"rendered":"O mito da democracia racial entre os evang\u00e9licos"},"content":{"rendered":"<p><span style=\"color: #808000;\"><strong>Livro da Semana &nbsp;|&nbsp; A Religi\u00e3o Mais Negra do Brasil<\/strong><\/span><\/p>\n<p><strong>Por Marco Davi<\/strong><\/p>\n<p>&nbsp;<\/p>\n<p>Nas denomina\u00e7\u00f5es pentecostais, bem como em toda a Igreja brasileira, \u00e9 difundida a ideia de \u201cdemocracia racial\u201d entre os membros. Os evang\u00e9licos, em geral, alimentam a ideia de que existe igualdade entre os fi\u00e9is, e isso tem sido motivo de orgulho para muitas denomina\u00e7\u00f5es, sejam elas hist\u00f3ricas ou pentecostais. Por\u00e9m, esse mito tem sido usado para esconder o problema real do racismo na igreja evang\u00e9lica brasileira.<\/p>\n<p><a href=\"http:\/\/www.ultimato.com.br\/loja\/produtos\/a-religiao-mais-negra-do-brasil\"><img loading=\"lazy\" decoding=\"async\" class=\"alignleft size-full wp-image-10314\" src=\"http:\/\/ultimato.com.br\/sites\/blogdaultimato\/files\/capa_religiao_negra.jpg\" alt=\"\" width=\"160\" height=\"238\"><\/a>O que vem a ser um mito? Segundo Junito de Souza Brand\u00e3o, em sua colet\u00e2nea Mitologia Grega, \u201csendo uma fala, um sistema de comunica\u00e7\u00e3o, uma mensagem, o mito \u00e9 uma como que metalinguagem, j\u00e1 que \u00e9 uma segunda l\u00edngua na qual se fala da primeira\u201d.6 O mito n\u00e3o \u00e9 algo palp\u00e1vel, mas n\u00e3o deixa de existir como forma de comunica\u00e7\u00e3o, de identidade, de ess\u00eancia. O mito comunica algo que est\u00e1 al\u00e9m, inating\u00edvel. \u00c9 o grito de dimens\u00f5es da realidade que tem seu pr\u00f3prio significado.<\/p>\n<p>A ideia de democracia racial torna-se um mito porque n\u00e3o se coaduna com a realidade experimentada pelos negros brasileiros. O problema se manifesta com mais clareza quando se observa a pouca representa\u00e7\u00e3o dos negros nas pesquisas relacionadas com a renda e a situa\u00e7\u00e3o econ\u00f4mica.<\/p>\n<p>Na Igreja brasileira j\u00e1 se tornou corrente a ideologia que enfatiza a democracia racial como uma marca dos evang\u00e9licos brasileiros. Segundo ela, n\u00e3o temos igrejas separadas por ra\u00e7as, etnias ou cor, e isso nos faz mais harmoniosos do que os evang\u00e9licos da Am\u00e9rica do Norte, por exemplo. Por\u00e9m, essa \u00e9 mesmo a realidade entre os evang\u00e9licos brasileiros? N\u00e3o h\u00e1 ideologia alguma por tr\u00e1s dessa premissa?<\/p>\n<p><!--more--><\/p>\n<p>Ao mesmo tempo que as denomina\u00e7\u00f5es pentecostais comp\u00f5em a vertente da igreja evang\u00e9lica que d\u00e1 mais espa\u00e7o aos negros brasileiros, tamb\u00e9m s\u00e3o as que refor\u00e7am o mito da democracia racial entre evang\u00e9licos. Caso contr\u00e1rio, os pentecostais n\u00e3o seriam os que mais demonizam os cultos de origem africana, nem se assustariam tanto com as reflex\u00f5es sobre o racismo nas igrejas, e teriam, em suas lideran\u00e7as majorit\u00e1rias, um n\u00famero muito maior de negros tra\u00e7ando os rumos de suas matrizes. Pelo contr\u00e1rio, a igreja pentecostal foge das discuss\u00f5es sobre a quest\u00e3o racial, demonstrando que, entre os evang\u00e9licos pentecostais, h\u00e1 um para\u00edso racial sem diferen\u00e7as nem prefer\u00eancias.<\/p>\n<p>Se \u201co objetivo do mito da democracia racial \u00e9 esconder os conflitos raciais existentes e diminuir sua import\u00e2ncia\u201d, a igreja pentecostal cumpre muito bem com os objetivos dessa ideologia. Nas igrejas pentecostais, os conflitos existentes entre as ra\u00e7as nas rela\u00e7\u00f5es sociais no Brasil s\u00e3o tratados com distanciamento tal a ponto de caracterizar quem se aventura a refletir sobre o assunto como \u201csubversivo\u201d, \u201cdesordeiro\u201d e, o pior de tudo, \u201cpossesso\u201d ou \u201cendemoninhado\u201d. Afinal, pensar sobre racismo em um ambiente onde impera o mito da democracia racial como algo divino \u00e9 uma afronta aos mais \u201csantos\u201d e \u201cconsagrados\u201d.<\/p>\n<p>Os que defendem a igualdade racial s\u00e3o constantemente induzidos a crer que, dessa forma, causar\u00e3o divis\u00f5es na igreja e causar\u00e3o problemas de relacionamento. A harmonia entre os pentecostais nem sempre tem sido uma realidade, mas, quando se trata de um assunto como o da igualdade racial na igreja, as obje\u00e7\u00f5es s\u00e3o, de fato, calorosas, unindo todos os pentecostais num s\u00f3 pensamento: \u201cNa igreja pentecostal ou evang\u00e9lica, n\u00e3o h\u00e1 racismo ou desigualdade; todos s\u00e3o iguais perante Deus\u201d.<\/p>\n<p>Com certeza, Deus v\u00ea todas as pessoas como iguais e ama a todas como s\u00e3o, ou seja, pecadores carentes de sua gra\u00e7a e sua miseric\u00f3rdia. Mas isso n\u00e3o quer dizer que nessas igrejas repletas de pecadores se verifique a realidade pr\u00e1tica de que todos s\u00e3o iguais, de que todos possuem os mesmos direitos, de que todos sofrem os mesmos pesos quando erram e que, independentemente de ra\u00e7a, cor e situa\u00e7\u00e3o econ\u00f4mica e social, podem alcan\u00e7ar os mais altos cargos denominacionais.<\/p>\n<h6>\u2022 Trecho retirado do livro <a href=\"http:\/\/www.ultimato.com.br\/loja\/produtos\/a-religiao-mais-negra-do-brasil\">A Religi\u00e3o Mais Negra do Brasil<\/a>, de Marco Davi de Oliveira&nbsp;(Editora Ultimato).<\/h6>\n","protected":false},"excerpt":{"rendered":"<p>Livro da Semana &nbsp;|&nbsp; A Religi\u00e3o Mais Negra do Brasil<br \/>\nPor Marco Davi<br \/>\n&nbsp;<br \/>\nNas denomina\u00e7\u00f5es pentecostais, bem como em toda a Igreja brasileira, \u00e9 difundida a ideia de \u201cdemocracia racial\u201d entre os membros. Os evang\u00e9licos, em geral, alimentam a ideia de que existe igualdade entre os fi\u00e9is, e isso tem sido motivo de orgulho para muitas denomina\u00e7\u00f5es, [&#8230;]<\/p>\n","protected":false},"author":6,"featured_media":0,"comment_status":"open","ping_status":"open","sticky":false,"template":"","format":"standard","meta":{"ngg_post_thumbnail":0,"footnotes":""},"categories":[5153],"tags":[32198],"class_list":["post-10313","post","type-post","status-publish","format-standard","hentry","category-prateleira","tag-livro-da-semana"],"_links":{"self":[{"href":"https:\/\/ultimato.com.br\/sites\/blogdaultimato\/wp-json\/wp\/v2\/posts\/10313","targetHints":{"allow":["GET"]}}],"collection":[{"href":"https:\/\/ultimato.com.br\/sites\/blogdaultimato\/wp-json\/wp\/v2\/posts"}],"about":[{"href":"https:\/\/ultimato.com.br\/sites\/blogdaultimato\/wp-json\/wp\/v2\/types\/post"}],"author":[{"embeddable":true,"href":"https:\/\/ultimato.com.br\/sites\/blogdaultimato\/wp-json\/wp\/v2\/users\/6"}],"replies":[{"embeddable":true,"href":"https:\/\/ultimato.com.br\/sites\/blogdaultimato\/wp-json\/wp\/v2\/comments?post=10313"}],"version-history":[{"count":3,"href":"https:\/\/ultimato.com.br\/sites\/blogdaultimato\/wp-json\/wp\/v2\/posts\/10313\/revisions"}],"predecessor-version":[{"id":10317,"href":"https:\/\/ultimato.com.br\/sites\/blogdaultimato\/wp-json\/wp\/v2\/posts\/10313\/revisions\/10317"}],"wp:attachment":[{"href":"https:\/\/ultimato.com.br\/sites\/blogdaultimato\/wp-json\/wp\/v2\/media?parent=10313"}],"wp:term":[{"taxonomy":"category","embeddable":true,"href":"https:\/\/ultimato.com.br\/sites\/blogdaultimato\/wp-json\/wp\/v2\/categories?post=10313"},{"taxonomy":"post_tag","embeddable":true,"href":"https:\/\/ultimato.com.br\/sites\/blogdaultimato\/wp-json\/wp\/v2\/tags?post=10313"}],"curies":[{"name":"wp","href":"https:\/\/api.w.org\/{rel}","templated":true}]}}