{"id":10273,"date":"2017-11-08T07:54:52","date_gmt":"2017-11-08T10:54:52","guid":{"rendered":"http:\/\/ultimato.com.br\/sites\/blogdaultimato\/?p=10273"},"modified":"2017-11-08T08:05:03","modified_gmt":"2017-11-08T11:05:03","slug":"o-sabor-da-vida-depende-de-quem-a-tempera","status":"publish","type":"post","link":"https:\/\/ultimato.com.br\/sites\/blogdaultimato\/2017\/11\/08\/o-sabor-da-vida-depende-de-quem-a-tempera\/","title":{"rendered":"O sabor da vida depende de quem a tempera"},"content":{"rendered":"<p><img loading=\"lazy\" decoding=\"async\" class=\"alignright size-medium wp-image-10274\" src=\"http:\/\/ultimato.com.br\/sites\/blogdaultimato\/files\/IMAGEM_Capa_OK-300x222.jpg\" alt=\"\" width=\"300\" height=\"222\" srcset=\"https:\/\/ultimato.com.br\/sites\/blogdaultimato\/files\/IMAGEM_Capa_OK-300x222.jpg 300w, https:\/\/ultimato.com.br\/sites\/blogdaultimato\/files\/IMAGEM_Capa_OK.jpg 500w\" sizes=\"auto, (max-width: 300px) 100vw, 300px\" \/>Se o sabor da vida depende de quem a tempera, quem tempera a sua? Para quem anda com Jesus, ingredientes que n\u00e3o faltam \u00e0 mesa s\u00e3o encontro, partilha e celebra\u00e7\u00e3o.<\/p>\n<p>Embora pare\u00e7a um assunto trivial, h\u00e1 muitas li\u00e7\u00f5es nos registros b\u00edblicos que fazem refer\u00eancia \u00e0 comida. Por isso, a <a href=\"http:\/\/www.ultimato.com.br\/revista\/368\" target=\"_blank\" rel=\"noopener\">\u00faltima edi\u00e7\u00e3o de 2017 da revista <strong>Ultimato<\/strong><\/a> nos convida a integrar o alimento \u00e0 vida crist\u00e3.<\/p>\n<p>Al\u00e9m de mostrar a mesa como um ponto de celebra\u00e7\u00e3o, reconcilia\u00e7\u00e3o, partilha e justi\u00e7a, comunh\u00e3o e unidade, a mat\u00e9ria de capa \u201c\u00c0 Mesa com Jesus\u201d serve ao leitor o artigo <a href=\"http:\/\/www.ultimato.com.br\/revista\/artigos\/368\/o-pao-da-vida\" target=\"_blank\" rel=\"noopener\">\u201cP\u00e3o da vida\u201d<\/a> e <a href=\"http:\/\/www.ultimato.com.br\/revista\/artigos\/368\/refeicao-e-hospitalidade\" target=\"_blank\" rel=\"noopener\">\u201cRefei\u00e7\u00e3o e Hospitalidade\u201d<\/a>. No primeiro, o pastor Luiz Fernando dos Santos fala do convite feito a n\u00f3s para sentarmos com Jesus \u00e0 mesa e comermos o alimento que ele mesmo serve ao dar-se a n\u00f3s. No segundo, o pastor William Lane explica que \u201cpartilhar uma refei\u00e7\u00e3o com algu\u00e9m significa ter ou desejar ter um relacionamento ou pacto com essa pessoa\u201d.<\/p>\n<p>A \u00faltima revista do ano chama o leitor para refletir e sentar \u00e0 mesa com os amigos, com a fam\u00edlia e com Jesus. Na verdade, \u00e9 Deus quem nos convida para uma refei\u00e7\u00e3o, chamando-nos \u00e0 reconcilia\u00e7\u00e3o e comunh\u00e3o. Portanto, comamos com alegria!<\/p>\n<p>Confira o sum\u00e1rio da <a href=\"http:\/\/www.ultimato.com.br\/revista\/368\" target=\"_blank\" rel=\"noopener\">revista <strong>Ultimato<\/strong><\/a> de novembro\/dezembro.<\/p>\n<p>&nbsp;<iframe loading=\"lazy\" style=\"width: 400px; height: 300px;\" src=\"\/\/e.issuu.com\/embed.html#1270802\/55101283\" width=\"300\" height=\"150\" frameborder=\"0\" allowfullscreen=\"allowfullscreen\"><\/iframe><\/p>\n<p><a href=\"http:\/\/www.ultimato.com.br\/revista\/assine\"><strong>&gt;&gt; ASSINE A REVISTA ULTIMATO&lt;&lt;<\/strong><\/a><\/p>\n","protected":false},"excerpt":{"rendered":"<p>Se o sabor da vida depende de quem a tempera, quem tempera a sua? Para quem anda com Jesus, ingredientes que n\u00e3o faltam \u00e0 mesa s\u00e3o encontro, partilha e celebra\u00e7\u00e3o.<br \/>\nEmbora pare\u00e7a um assunto trivial, h\u00e1 muitas li\u00e7\u00f5es nos registros b\u00edblicos que fazem refer\u00eancia \u00e0 comida. Por isso, a \u00faltima edi\u00e7\u00e3o de 2017 da revista Ultimato [&#8230;]<\/p>\n","protected":false},"author":24,"featured_media":0,"comment_status":"open","ping_status":"open","sticky":false,"template":"","format":"standard","meta":{"ngg_post_thumbnail":0,"footnotes":""},"categories":[9536],"tags":[5370,36064,27943,36072,35350],"class_list":["post-10273","post","type-post","status-publish","format-standard","hentry","category-do-editor","tag-comida","tag-mesa","tag-refeicao","tag-revista-ultimato-comida","tag-ult368"],"_links":{"self":[{"href":"https:\/\/ultimato.com.br\/sites\/blogdaultimato\/wp-json\/wp\/v2\/posts\/10273","targetHints":{"allow":["GET"]}}],"collection":[{"href":"https:\/\/ultimato.com.br\/sites\/blogdaultimato\/wp-json\/wp\/v2\/posts"}],"about":[{"href":"https:\/\/ultimato.com.br\/sites\/blogdaultimato\/wp-json\/wp\/v2\/types\/post"}],"author":[{"embeddable":true,"href":"https:\/\/ultimato.com.br\/sites\/blogdaultimato\/wp-json\/wp\/v2\/users\/24"}],"replies":[{"embeddable":true,"href":"https:\/\/ultimato.com.br\/sites\/blogdaultimato\/wp-json\/wp\/v2\/comments?post=10273"}],"version-history":[{"count":3,"href":"https:\/\/ultimato.com.br\/sites\/blogdaultimato\/wp-json\/wp\/v2\/posts\/10273\/revisions"}],"predecessor-version":[{"id":10277,"href":"https:\/\/ultimato.com.br\/sites\/blogdaultimato\/wp-json\/wp\/v2\/posts\/10273\/revisions\/10277"}],"wp:attachment":[{"href":"https:\/\/ultimato.com.br\/sites\/blogdaultimato\/wp-json\/wp\/v2\/media?parent=10273"}],"wp:term":[{"taxonomy":"category","embeddable":true,"href":"https:\/\/ultimato.com.br\/sites\/blogdaultimato\/wp-json\/wp\/v2\/categories?post=10273"},{"taxonomy":"post_tag","embeddable":true,"href":"https:\/\/ultimato.com.br\/sites\/blogdaultimato\/wp-json\/wp\/v2\/tags?post=10273"}],"curies":[{"name":"wp","href":"https:\/\/api.w.org\/{rel}","templated":true}]}}