{"id":10263,"date":"2017-11-03T15:20:56","date_gmt":"2017-11-03T18:20:56","guid":{"rendered":"http:\/\/ultimato.com.br\/sites\/blogdaultimato\/?p=10263"},"modified":"2017-11-03T15:20:56","modified_gmt":"2017-11-03T18:20:56","slug":"os-que-creem-viverao-pela-fe","status":"publish","type":"post","link":"https:\/\/ultimato.com.br\/sites\/blogdaultimato\/2017\/11\/03\/os-que-creem-viverao-pela-fe\/","title":{"rendered":"Os que creem viver\u00e3o pela f\u00e9"},"content":{"rendered":"<p><span style=\"color: #808000;\"><strong>500 Anos da Reforma&nbsp; |&nbsp;&nbsp;<\/strong><strong>Por Martinho Lutero<\/strong><\/span><\/p>\n<p><em>Vede o arrogante! A sua alma n\u00e3o \u00e9 correta; mas o justo viver\u00e1 por sua f\u00e9. [Habacuque 2.4, AS21]<\/em><\/p>\n<p>As palavras dadas por Deus a Habacuque, que as gravou em t\u00e1buas, inclu\u00edam uma declara\u00e7\u00e3o brilhante: \u201cO justo viver\u00e1 por sua f\u00e9\u201d. Isso significa que quem quiser ser justo e viver uma vida justa deve crer na promessa de Deus. Essa verdade n\u00e3o muda. Consequentemente, pessoas \u00edmpias morrer\u00e3o em sua incredulidade.<\/p>\n<p><a href=\"http:\/\/www.ultimato.com.br\/loja\/produtos\/somente-a-fe\"><img loading=\"lazy\" decoding=\"async\" class=\"alignleft wp-image-9164\" src=\"http:\/\/ultimato.com.br\/sites\/blogdaultimato\/files\/2017\/05\/imag_lutero_blog.jpg\" alt=\"\" width=\"160\" height=\"206\"><\/a>Precisamos crer no que foi escrito na t\u00e1bua se quisermos viver agora e para sempre. Precisamos crer que Cristo vir\u00e1 com seu reino. Quando as coisas parecerem diferentes e nos sentirmos perturbados neste mundo, n\u00e3o podemos perder nosso rumo. A Palavra de Deus sustenta revela\u00e7\u00f5es que v\u00e3o al\u00e9m dos nossos sentidos e s\u00e3o mais elevadas do que o nosso entendimento. Quando olhamos para a nossa situa\u00e7\u00e3o atual nos sentimos perturbados. Pela f\u00e9, precisamos superar esses sentimentos. Mesmo quando rodeados de problemas, devemos confiar que o reino vir\u00e1 e ser\u00e1 estabelecido de forma gloriosa.<\/p>\n<p>Esta passagem traz um exemplo claro de como os profetas no Antigo Testamento pregavam e enfatizavam a f\u00e9 em Cristo, assim como acontece no Novo Testamento. Percebemos que Habacuque foi t\u00e3o ousado que condenou as obras. Ele atribuiu vida exclusivamente \u00e0 f\u00e9. Est\u00e1 claro que Habacuque afirma que os incr\u00e9dulos n\u00e3o ter\u00e3o sucesso por si pr\u00f3prios. Seus esfor\u00e7os j\u00e1 est\u00e3o julgados. Que eles orem e trabalhem at\u00e9 morrer. Suas obras nada valer\u00e3o, nada alcan\u00e7ar\u00e3o e em nada os ajudar\u00e3o. Enquanto isso, os crist\u00e3os viver\u00e3o pela f\u00e9.<\/p>\n<h6><strong>Em 2017, Ultimato vai relembrar e celebrar os 500 anos da Reforma Protestante. O&nbsp;Blog publica, sempre \u00e0s segundas-feiras, uma devocional do reformador Martinho Lutero, retirado do seu <a href=\"http:\/\/www.ultimato.com.br\/loja\/produtos\/somente-a-fe\">Somente a F\u00e9 &#8211; Um Ano com Lutero<\/a>.<\/strong><\/h6>\n","protected":false},"excerpt":{"rendered":"<p>500 Anos da Reforma&nbsp; |&nbsp;&nbsp;Por Martinho Lutero<br \/>\nVede o arrogante! A sua alma n\u00e3o \u00e9 correta; mas o justo viver\u00e1 por sua f\u00e9. [Habacuque 2.4, AS21]<br \/>\nAs palavras dadas por Deus a Habacuque, que as gravou em t\u00e1buas, inclu\u00edam uma declara\u00e7\u00e3o brilhante: \u201cO justo viver\u00e1 por sua f\u00e9\u201d. Isso significa que quem quiser ser justo e viver [&#8230;]<\/p>\n","protected":false},"author":6,"featured_media":0,"comment_status":"open","ping_status":"open","sticky":false,"template":"","format":"standard","meta":{"ngg_post_thumbnail":0,"footnotes":""},"categories":[5153],"tags":[32203],"class_list":["post-10263","post","type-post","status-publish","format-standard","hentry","category-prateleira","tag-500-anos-da-reforma"],"_links":{"self":[{"href":"https:\/\/ultimato.com.br\/sites\/blogdaultimato\/wp-json\/wp\/v2\/posts\/10263","targetHints":{"allow":["GET"]}}],"collection":[{"href":"https:\/\/ultimato.com.br\/sites\/blogdaultimato\/wp-json\/wp\/v2\/posts"}],"about":[{"href":"https:\/\/ultimato.com.br\/sites\/blogdaultimato\/wp-json\/wp\/v2\/types\/post"}],"author":[{"embeddable":true,"href":"https:\/\/ultimato.com.br\/sites\/blogdaultimato\/wp-json\/wp\/v2\/users\/6"}],"replies":[{"embeddable":true,"href":"https:\/\/ultimato.com.br\/sites\/blogdaultimato\/wp-json\/wp\/v2\/comments?post=10263"}],"version-history":[{"count":1,"href":"https:\/\/ultimato.com.br\/sites\/blogdaultimato\/wp-json\/wp\/v2\/posts\/10263\/revisions"}],"predecessor-version":[{"id":10264,"href":"https:\/\/ultimato.com.br\/sites\/blogdaultimato\/wp-json\/wp\/v2\/posts\/10263\/revisions\/10264"}],"wp:attachment":[{"href":"https:\/\/ultimato.com.br\/sites\/blogdaultimato\/wp-json\/wp\/v2\/media?parent=10263"}],"wp:term":[{"taxonomy":"category","embeddable":true,"href":"https:\/\/ultimato.com.br\/sites\/blogdaultimato\/wp-json\/wp\/v2\/categories?post=10263"},{"taxonomy":"post_tag","embeddable":true,"href":"https:\/\/ultimato.com.br\/sites\/blogdaultimato\/wp-json\/wp\/v2\/tags?post=10263"}],"curies":[{"name":"wp","href":"https:\/\/api.w.org\/{rel}","templated":true}]}}