{"id":10227,"date":"2017-10-30T07:34:50","date_gmt":"2017-10-30T10:34:50","guid":{"rendered":"http:\/\/ultimato.com.br\/sites\/blogdaultimato\/?p=10227"},"modified":"2017-10-30T07:34:50","modified_gmt":"2017-10-30T10:34:50","slug":"maus-exemplos-nos-dao-esperanca","status":"publish","type":"post","link":"https:\/\/ultimato.com.br\/sites\/blogdaultimato\/2017\/10\/30\/maus-exemplos-nos-dao-esperanca\/","title":{"rendered":"Maus exemplos nos d\u00e3o esperan\u00e7a"},"content":{"rendered":"<p><strong><span style=\"color: #808000;\">500 Anos da Reforma&nbsp; |&nbsp;&nbsp;<\/span><\/strong><span style=\"color: #808000;\"><strong>Por Martinho Lutero<\/strong><\/span><\/p>\n<p><em>Cerca de tr\u00eas meses mais tarde, disseram a Jud\u00e1: \u201cSua nora Tamar prostituiu-se, e na sua prostitui\u00e7\u00e3o ficou gr\u00e1vida\u201d. Disse Jud\u00e1: \u201cTragam-na para fora e queimem-na viva!\u201d. [G\u00eanesis 38.24]<\/em><\/p>\n<p>O povo de Deus frequentemente cai em pecado. Seus exemplos nos mostram a gra\u00e7a e a miseric\u00f3rdia infinitas de Deus. Ele salva n\u00e3o apenas aqueles que s\u00e3o fi\u00e9is e morais, como Abra\u00e3o, Isaque e Jac\u00f3, mas tamb\u00e9m os que s\u00e3o imorais, como Jud\u00e1, Tamar, R\u00faben, Sime\u00e3o e Levi. Portanto, nenhum de n\u00f3s deve confiar na justi\u00e7a pr\u00f3pria quanto \u00e0 sua moralidade ou sabedoria.<\/p>\n<p><a href=\"http:\/\/www.ultimato.com.br\/loja\/produtos\/somente-a-fe\"><img loading=\"lazy\" decoding=\"async\" class=\"alignleft wp-image-8905 size-thumbnail\" src=\"http:\/\/ultimato.com.br\/sites\/blogdaultimato\/files\/2017\/04\/simbolo_lutero_blog-150x150.jpg\" alt=\"\" width=\"150\" height=\"150\" srcset=\"https:\/\/ultimato.com.br\/sites\/blogdaultimato\/files\/2017\/04\/simbolo_lutero_blog-150x150.jpg 150w, https:\/\/ultimato.com.br\/sites\/blogdaultimato\/files\/2017\/04\/simbolo_lutero_blog.jpg 200w\" sizes=\"auto, (max-width: 150px) 100vw, 150px\" \/><\/a>Por outro lado, nenhum de n\u00f3s deve desistir por causa dos seus pecados. As Escrituras louvam os exemplos de Abra\u00e3o, Isaque e Jac\u00f3. Ao mesmo tempo, descrevem os piores tipos de pecadores. Vemos as virtudes das pessoas mais piedosas e os pecados das pessoas mais \u00edmpias \u2013 por\u00e9m, todas elas v\u00eam da mesma fam\u00edlia.<\/p>\n<p>Esses maus exemplos nos ensinam sobre arrependimento, f\u00e9 e perd\u00e3o de pecados. Nenhum de n\u00f3s deve se gabar de qu\u00e3o bons n\u00f3s somos, mas os que t\u00eam ca\u00eddo em pecado tamb\u00e9m n\u00e3o devem desistir. A B\u00edblia registra os erros, as fraquezas e os pecados horr\u00edveis do povo de Deus. O prop\u00f3sito disso \u00e9 erguer e confortar aqueles que est\u00e3o deprimidos por causa dos seus pecados. Pecadores precisam ouvir: \u201cN\u00e3o desista. Deus deseja que voc\u00ea confie nele e creia nas suas promessas. Ele pode perdo\u00e1-lo, torn\u00e1-lo santo e aben\u00e7o\u00e1-lo assim como ele aben\u00e7oou Jud\u00e1, Tamar e outros pecadores\u201d.<\/p>\n<p>Deus n\u00e3o deseja que dependamos dos nossos pr\u00f3prios esfor\u00e7os ou nos desesperemos por causa dos nossos pecados. Ele quer que confiemos inteiramente na sua miseric\u00f3rdia e gra\u00e7a.<br \/>\nN\u00e3o ter\u00edamos esperan\u00e7a se Pedro n\u00e3o tivesse negado a Cristo; se os ap\u00f3stolos n\u00e3o tivessem ofendido Cristo; se Mois\u00e9s, Ar\u00e3o e Davi n\u00e3o tivessem ca\u00eddo em pecado. Deus deseja confortar pecadores com esses exemplos. \u00c9 como se ele estivesse dizendo a cada um de n\u00f3s: \u201cSe voc\u00ea pecou, d\u00ea a volta por cima. A porta da gra\u00e7a est\u00e1 aberta para voc\u00ea\u201d.<\/p>\n<h6><strong>Em 2017, Ultimato vai relembrar e celebrar os 500 anos da Reforma Protestante. O&nbsp;Blog publica, sempre \u00e0s segundas-feiras, uma devocional do reformador Martinho Lutero, retirado do seu <a href=\"http:\/\/www.ultimato.com.br\/loja\/produtos\/somente-a-fe\">Somente a F\u00e9 &#8211; Um Ano com Lutero<\/a>.<\/strong><\/h6>\n<p>&nbsp;<\/p>\n","protected":false},"excerpt":{"rendered":"<p>500 Anos da Reforma&nbsp; |&nbsp;&nbsp;Por Martinho Lutero<br \/>\nCerca de tr\u00eas meses mais tarde, disseram a Jud\u00e1: \u201cSua nora Tamar prostituiu-se, e na sua prostitui\u00e7\u00e3o ficou gr\u00e1vida\u201d. Disse Jud\u00e1: \u201cTragam-na para fora e queimem-na viva!\u201d. [G\u00eanesis 38.24]<br \/>\nO povo de Deus frequentemente cai em pecado. Seus exemplos nos mostram a gra\u00e7a e a miseric\u00f3rdia infinitas de Deus. Ele [&#8230;]<\/p>\n","protected":false},"author":6,"featured_media":0,"comment_status":"open","ping_status":"open","sticky":false,"template":"","format":"standard","meta":{"ngg_post_thumbnail":0,"footnotes":""},"categories":[5153],"tags":[32203],"class_list":["post-10227","post","type-post","status-publish","format-standard","hentry","category-prateleira","tag-500-anos-da-reforma"],"_links":{"self":[{"href":"https:\/\/ultimato.com.br\/sites\/blogdaultimato\/wp-json\/wp\/v2\/posts\/10227","targetHints":{"allow":["GET"]}}],"collection":[{"href":"https:\/\/ultimato.com.br\/sites\/blogdaultimato\/wp-json\/wp\/v2\/posts"}],"about":[{"href":"https:\/\/ultimato.com.br\/sites\/blogdaultimato\/wp-json\/wp\/v2\/types\/post"}],"author":[{"embeddable":true,"href":"https:\/\/ultimato.com.br\/sites\/blogdaultimato\/wp-json\/wp\/v2\/users\/6"}],"replies":[{"embeddable":true,"href":"https:\/\/ultimato.com.br\/sites\/blogdaultimato\/wp-json\/wp\/v2\/comments?post=10227"}],"version-history":[{"count":1,"href":"https:\/\/ultimato.com.br\/sites\/blogdaultimato\/wp-json\/wp\/v2\/posts\/10227\/revisions"}],"predecessor-version":[{"id":10228,"href":"https:\/\/ultimato.com.br\/sites\/blogdaultimato\/wp-json\/wp\/v2\/posts\/10227\/revisions\/10228"}],"wp:attachment":[{"href":"https:\/\/ultimato.com.br\/sites\/blogdaultimato\/wp-json\/wp\/v2\/media?parent=10227"}],"wp:term":[{"taxonomy":"category","embeddable":true,"href":"https:\/\/ultimato.com.br\/sites\/blogdaultimato\/wp-json\/wp\/v2\/categories?post=10227"},{"taxonomy":"post_tag","embeddable":true,"href":"https:\/\/ultimato.com.br\/sites\/blogdaultimato\/wp-json\/wp\/v2\/tags?post=10227"}],"curies":[{"name":"wp","href":"https:\/\/api.w.org\/{rel}","templated":true}]}}