{"id":10135,"date":"2017-10-07T00:00:15","date_gmt":"2017-10-07T03:00:15","guid":{"rendered":"http:\/\/ultimato.com.br\/sites\/blogdaultimato\/?p=10135"},"modified":"2021-02-22T11:17:19","modified_gmt":"2021-02-22T13:17:19","slug":"fe-nem-sempre-significa-confianca","status":"publish","type":"post","link":"https:\/\/ultimato.com.br\/sites\/blogdaultimato\/2017\/10\/07\/fe-nem-sempre-significa-confianca\/","title":{"rendered":"F\u00e9 nem sempre significa confian\u00e7a"},"content":{"rendered":"<p><span style=\"color: #808000;\"><strong>Livro da Semana &nbsp;|&nbsp; Pr\u00e1ticas Devocionais<\/strong><\/span><\/p>\n<p>&nbsp;<\/p>\n<h4><em>A &#8220;Pr\u00e1tica da Confian\u00e7a&#8221; \u00e9 a arte de colocar em Deus toda a capacidade de crer, em qualquer lugar, em qualquer tempo e em qualquer situa\u00e7\u00e3o, mediante a nega\u00e7\u00e3o da incredulidade pr\u00f3pria e a afirma\u00e7\u00e3o da onipot\u00eancia divina.<\/em><\/h4>\n<p>&nbsp;<\/p>\n<p><a href=\"https:\/\/www.ultimato.com.br\/loja\/produtos\/praticas-devocionais-2\" target=\"_blank\" rel=\"noopener\"><img loading=\"lazy\" decoding=\"async\" class=\"alignleft wp-image-10137 size-medium\" src=\"http:\/\/ultimato.com.br\/sites\/blogdaultimato\/files\/capa_praticas_web-201x300.jpg\" alt=\"\" width=\"201\" height=\"300\" srcset=\"https:\/\/ultimato.com.br\/sites\/blogdaultimato\/files\/capa_praticas_web-201x300.jpg 201w, https:\/\/ultimato.com.br\/sites\/blogdaultimato\/files\/capa_praticas_web.jpg 300w\" sizes=\"auto, (max-width: 201px) 100vw, 201px\" \/><\/a><\/p>\n<p>F\u00c9 E CONFIAN\u00c7A NEM SEMPRE s\u00e3o sin\u00f4nimos perfeitos. Em certas passagens das Escrituras e em certas experi\u00eancias pessoais, f\u00e9 pode significar a bagagem doutrin\u00e1ria conhecida e aceita, e confian\u00e7a pode significar o elo de liga\u00e7\u00e3o cont\u00ednua entre o crente e o seu Senhor.<\/p>\n<p>A f\u00e9 focaliza mais a descoberta da salva\u00e7\u00e3o eterna de Deus e a confian\u00e7a focaliza mais a descoberta da provis\u00e3o di\u00e1ria de Deus. A f\u00e9 est\u00e1 mais perto da teoria e a confian\u00e7a est\u00e1 mais perto da conduta.<\/p>\n<p>A f\u00e9 seria a porta de entrada e a confian\u00e7a seria o caminho a percorrer. N\u00e3o se pode ir muito al\u00e9m dessas singelas considera\u00e7\u00f5es porque uma e outra est\u00e3o t\u00e3o interligadas que formam, na verdade, uma s\u00f3 pe\u00e7a, um s\u00f3 bloco.<\/p>\n<p>A pr\u00e1tica da confian\u00e7a amarra o crente a Deus e n\u00e3o aos problemas que tolhem a alegria de viver. A plena confian\u00e7a ocupa todo o espa\u00e7o vazio entre Deus e aquele que foi alcan\u00e7ado pela gra\u00e7a, reduz drasticamente a taxa de ansiedade e traz benef\u00edcios incalcul\u00e1veis para a sa\u00fade emocional e at\u00e9 para o bom desempenho do corpo humano.<\/p>\n<h4>&nbsp;<\/h4>\n<p><!--more--><\/p>\n<h4><strong>O pai da f\u00e9<\/strong><\/h4>\n<p>A confian\u00e7a total n\u00e3o surge de uma hora para outra. Ela \u00e9 gradativa, vai engordando aos poucos, vai se apoderando da pessoa lentamente. Essa \u00e9 a experi\u00eancia de Abra\u00e3o, aquele que os judeus chamam de \u201cnosso pai\u201d e os crist\u00e3os de \u201co pai de todos que creem\u201d (Rm 4.11). Pode-se dizer que Abra\u00e3o fez gradua\u00e7\u00e3o em f\u00e9, mestrado em f\u00e9, doutorado em f\u00e9 e p\u00f3s-doctor em f\u00e9.<\/p>\n<p>Tudo come\u00e7ou quando ele saiu de sua terra e de sua parentela para uma terra que Deus lhes mostraria mais na frente. (Hb 11.8). O Senhor n\u00e3o lhe deu um mapa da regi\u00e3o a ser percorrida nem qualquer informa\u00e7\u00e3o adicional, sen\u00e3o a ordem: \u201csai da tua terra\u201d (Gn 12.1). Depois de marchas e contramarchas, Abra\u00e3o acreditou na promessa de que seria pai de uma grande na\u00e7\u00e3o, t\u00e3o numerosa como as estrelas do c\u00e9u, como o p\u00f3 da terra ou como os gr\u00e3os de areia da praia, mesmo tendo uma esposa est\u00e9ril e avan\u00e7ada em anos, mesmo levando em conta seu corpo j\u00e1 marcado pela morte (Rm 4.18-21; Hb 11.11-12).<\/p>\n<p>Por fim, depois de nascido e crescido o filho da promessa, quando posto \u00e0 prova, Abra\u00e3o ofereceu Isaque na certeza de que Deus era poderoso at\u00e9 para ressuscit\u00e1-lo dentre os mortos, caso o sacrif\u00edcio do menino se consumasse (Hb 11.17-19). Entre o chamado de Abra\u00e3o e o que aconteceu na terra de Mori\u00e1, passaram-se talvez uns quarenta anos. Nesse per\u00edodo, a confian\u00e7a de Abra\u00e3o cresceu poderosamente, n\u00e3o sem erros (como no caso de Ismael) e alguns procedimentos incorretos (como o uso de expedientes escusos para proteger-se contra Fara\u00f3 e Abimeleque).<\/p>\n<p>A pr\u00e1tica da confian\u00e7a come\u00e7a a partir da primeira resposta \u00e0s revela\u00e7\u00f5es e promessas de Deus. Ela deve crescer ao ponto de aprender a esperar \u201ccontra a esperan\u00e7a\u201d, isto \u00e9, a acreditar nas promessas de Deus mesmo quando n\u00e3o h\u00e1 o menor motivo par crer, como no caso de Abra\u00e3o (Rm 4.18).<\/p>\n<h4>&nbsp;<\/h4>\n<h4><strong>A teologia dos pobres recursos<\/strong><\/h4>\n<p>O homem tem sido tentado a p\u00f4r a sua confian\u00e7a em pessoas, coisas e novidades, que n\u00e3o suportam o peso dessa entrega, e em promessas que Deus nunca fez. Da\u00ed as exorta\u00e7\u00f5es da Palavra de Deus:<\/p>\n<p>1. \u00c9 preciso confiar em Deus, e n\u00e3o em si mesmo (recursos pessoais): \u201cQuem confia em seu bom senso \u00e9 insensato\u201d (Pv 28.26, BJ).<\/p>\n<p>2. \u00c9 preciso confiar em Deus, e n\u00e3o na carne (recursos cerimoniais): \u201cBem que eu poderia confiar tamb\u00e9m na carne [&#8230;]. Mas o que, para mim, era lucro, isto considerei perda por causa de Cristo\u201d (Fp 3.4-11).<\/p>\n<p>3. \u00c9 preciso confiar em Deus, e n\u00e3o em homens (recursos iguais aos nossos): \u201cMaldito o homem que confia no homem, faz da carne mortal o seu bra\u00e7o, e aparta o seu cora\u00e7\u00e3o do Senhor\u201d (Jr 17.5).<\/p>\n<p>4. \u00c9 preciso confiar em Deus, e n\u00e3o em \u201cpr\u00edncipes\u201d (recursos pol\u00edticos): \u201cN\u00e3o confieis em pr\u00edncipes, [&#8230;] em quem n\u00e3o h\u00e1 salva\u00e7\u00e3o\u201d (Sl 146.3).<\/p>\n<p>5. \u00c9 preciso confiar em Deus, e n\u00e3o em palavras falsas (recursos da mentira): \u201cEis que v\u00f3s confiais em palavras falsas, que para nada vos aproveitam\u201d (Jr 7.8).<\/p>\n<p>6. \u00c9 preciso confiar em Deus, e n\u00e3o em bens e riquezas (recursos seculares): \u201cQuem confia nas suas riquezas cair\u00e1, mas os justos reverdecer\u00e3o como a folhagem\u201d (Pv 11.28).<\/p>\n<p>7. \u00c9 preciso confiar em Deus, e n\u00e3o em \u201ccarros e cavalos\u201d (recursos b\u00e9licos): \u201cAi dos que [&#8230;] confiam em carros, porque s\u00e3o muitos, e em cavaleiros, porque s\u00e3o mui fortes, mas n\u00e3o atentam para o Santo de Israel, nem buscam ao Senhor\u201d (Is 31.1).<\/p>\n<p>&nbsp;<\/p>\n<h4><strong>A teologia do &#8220;ainda que&#8230;&#8221;<\/strong><\/h4>\n<p>A confian\u00e7a em Deus \u00e9 especialmente v\u00e1lida em circunst\u00e2ncias adversas e em situa\u00e7\u00f5es dif\u00edceis.<\/p>\n<p>1. \u00c9 preciso confiar em Deus \u201cainda que eu ande pelo vale da sombra da morte\u201d (Sl 23.4).<\/p>\n<p>2. \u00c9 preciso confiar em Deus \u201cainda que um ex\u00e9rcito se acampe contra mim\u201d (Sl 27.3).<\/p>\n<p>3. \u00c9 preciso confiar em Deus \u201cainda que as \u00e1guas tumultuem e espumejem, e na sua f\u00faria os montes se estreme\u00e7am\u201d (Sl 46.3).<\/p>\n<p>4. \u00c9 preciso confiar em Deus \u201cainda que as figueiras n\u00e3o produzam frutas, e as parreiras n\u00e3o deem uvas; ainda que n\u00e3o haja azeitonas para apanhar nem trigo para colher; ainda que n\u00e3o haja mais ovelhas nos campos nem gado nos currais\u201d (Hc 3.17, BLH).<\/p>\n<p>&nbsp;<\/p>\n<p>\u2022 Trecho retirado do cap\u00edtulo 13 do livro <strong><a href=\"https:\/\/www.ultimato.com.br\/loja\/produtos\/praticas-devocionais-2\" target=\"_blank\" rel=\"noopener\">Pr\u00e1ticas Devocionais &#8211; Exerc\u00edcios de sobreviv\u00eancia e plenitude espiritual<\/a><\/strong>, do pastor Elben C\u00e9sar (Editora Ultimato).<\/p>\n","protected":false},"excerpt":{"rendered":"<p>Livro da Semana &nbsp;|&nbsp; Pr\u00e1ticas Devocionais<br \/>\n&nbsp;<br \/>\nA &#8220;Pr\u00e1tica da Confian\u00e7a&#8221; \u00e9 a arte de colocar em Deus toda a capacidade de crer, em qualquer lugar, em qualquer tempo e em qualquer situa\u00e7\u00e3o, mediante a nega\u00e7\u00e3o da incredulidade pr\u00f3pria e a afirma\u00e7\u00e3o da onipot\u00eancia divina.<br \/>\n&nbsp;<\/p>\n<p>F\u00c9 E CONFIAN\u00c7A NEM SEMPRE s\u00e3o sin\u00f4nimos perfeitos. Em certas passagens das Escrituras [&#8230;]<\/p>\n","protected":false},"author":6,"featured_media":0,"comment_status":"open","ping_status":"open","sticky":false,"template":"","format":"standard","meta":{"ngg_post_thumbnail":0,"footnotes":""},"categories":[5153],"tags":[],"class_list":["post-10135","post","type-post","status-publish","format-standard","hentry","category-prateleira"],"_links":{"self":[{"href":"https:\/\/ultimato.com.br\/sites\/blogdaultimato\/wp-json\/wp\/v2\/posts\/10135","targetHints":{"allow":["GET"]}}],"collection":[{"href":"https:\/\/ultimato.com.br\/sites\/blogdaultimato\/wp-json\/wp\/v2\/posts"}],"about":[{"href":"https:\/\/ultimato.com.br\/sites\/blogdaultimato\/wp-json\/wp\/v2\/types\/post"}],"author":[{"embeddable":true,"href":"https:\/\/ultimato.com.br\/sites\/blogdaultimato\/wp-json\/wp\/v2\/users\/6"}],"replies":[{"embeddable":true,"href":"https:\/\/ultimato.com.br\/sites\/blogdaultimato\/wp-json\/wp\/v2\/comments?post=10135"}],"version-history":[{"count":11,"href":"https:\/\/ultimato.com.br\/sites\/blogdaultimato\/wp-json\/wp\/v2\/posts\/10135\/revisions"}],"predecessor-version":[{"id":15428,"href":"https:\/\/ultimato.com.br\/sites\/blogdaultimato\/wp-json\/wp\/v2\/posts\/10135\/revisions\/15428"}],"wp:attachment":[{"href":"https:\/\/ultimato.com.br\/sites\/blogdaultimato\/wp-json\/wp\/v2\/media?parent=10135"}],"wp:term":[{"taxonomy":"category","embeddable":true,"href":"https:\/\/ultimato.com.br\/sites\/blogdaultimato\/wp-json\/wp\/v2\/categories?post=10135"},{"taxonomy":"post_tag","embeddable":true,"href":"https:\/\/ultimato.com.br\/sites\/blogdaultimato\/wp-json\/wp\/v2\/tags?post=10135"}],"curies":[{"name":"wp","href":"https:\/\/api.w.org\/{rel}","templated":true}]}}