{"id":10112,"date":"2017-10-05T17:21:01","date_gmt":"2017-10-05T20:21:01","guid":{"rendered":"http:\/\/ultimato.com.br\/sites\/blogdaultimato\/?p=10112"},"modified":"2017-10-05T17:43:57","modified_gmt":"2017-10-05T20:43:57","slug":"diario-de-emergencia-do-avo-de-clara","status":"publish","type":"post","link":"https:\/\/ultimato.com.br\/sites\/blogdaultimato\/2017\/10\/05\/diario-de-emergencia-do-avo-de-clara\/","title":{"rendered":"Di\u00e1rio de emerg\u00eancia do av\u00f4 de Clara"},"content":{"rendered":"<p><span style=\"color: #808000;\"><strong>Por Elben C\u00e9sar&nbsp; &nbsp;|&nbsp; &nbsp;Ultimato, edi\u00e7\u00e3o 237<\/strong><\/span><\/p>\n<h4><em>Uma crian\u00e7a nasce com atresia de es\u00f4fago. Corre s\u00e9rio risco de vida. \u00c9 internada \u00e0s pressas na Santa Casa de Miseric\u00f3rdia de Belo Horizonte. Com seis dias de vida, o cirurgi\u00e3o abre a barriguinha da menina e encontra um bom peda\u00e7o do es\u00f4fago ca\u00eddo l\u00e1 em baixo e emenda com o peda\u00e7o de cima. Nove dias depois, a crian\u00e7a come\u00e7a a tomar leite materno. <\/em><\/h4>\n<h4><em>Quem salvou a vida da menina: a medicina ou a miseric\u00f3rdia divina?<\/em><\/h4>\n<h4>&nbsp;<\/h4>\n<h4><strong>19 de julho de 1995<\/strong><\/h4>\n<p>Nasce nosso oitavo neto. \u00c9 uma menina. Os pais d\u00e3o o nome de Clara, o que me traz uma pequena dificuldade, pois n\u00e3o consigo pronunciar o &#8220;ele&#8221; entre uma consoante e uma vogal. Vou ter que cham\u00e1-la de <em>Crara<\/em> a vida inteira.<\/p>\n<p>Antes, eu e Djanira oramos v\u00e1rias vezes pela gravidez da m\u00e3e e pela criancinha em forma\u00e7\u00e3o, lembrando-nos sempre da descri\u00e7\u00e3o que Davi faz da admir\u00e1vel evolu\u00e7\u00e3o da \u201csubst\u00e2ncia ainda informe\u201d at\u00e9 atingir, de \u201cmodo assombrosamente maravilhoso\u201d, em exatos nove meses, o corpinho t\u00e3o completo que pode sobreviver fora do \u00fatero materno (Sl 139.13-18).<\/p>\n<p>Minutos antes da menininha nascer, oramos com os pais, no hospital mesmo. Depois da cesariana, deu para ver Clarinha nos bra\u00e7os da pediatra, no trajeto entre a sala de cirurgia e o ber\u00e7\u00e1rio.<\/p>\n<p>&nbsp;<\/p>\n<h4><strong>20 de julho<\/strong><\/h4>\n<p>Fazemos, av\u00f3s e tios, uma r\u00e1pida visita \u00e0 m\u00e3e e \u00e0 filha. A danadinha mama e regorgita. \u00c9 gulosa demais.<\/p>\n<p>&nbsp;<\/p>\n<h4><strong>21 de julho<\/strong><\/h4>\n<p>M\u00e3e e filha t\u00eam alta do hospital \u00e0s 8 horas da manh\u00e3. \u00c0s 15 horas as duas voltam para o hospital porque Clara continua vomitando o que mama. Uma pequena preocupa\u00e7\u00e3o toma conta da fam\u00edlia.<\/p>\n<p><!--more--><\/p>\n<div id=\"attachment_8166\" style=\"width: 310px\" class=\"wp-caption alignleft\"><img loading=\"lazy\" decoding=\"async\" aria-describedby=\"caption-attachment-8166\" class=\"wp-image-8166\" src=\"http:\/\/ultimato.com.br\/sites\/blogdaultimato\/files\/2016\/10\/Reve_biblioteca_texto.jpg\" alt=\"\" width=\"300\" height=\"301\" srcset=\"https:\/\/ultimato.com.br\/sites\/blogdaultimato\/files\/2016\/10\/Reve_biblioteca_texto.jpg 400w, https:\/\/ultimato.com.br\/sites\/blogdaultimato\/files\/2016\/10\/Reve_biblioteca_texto-150x150.jpg 150w, https:\/\/ultimato.com.br\/sites\/blogdaultimato\/files\/2016\/10\/Reve_biblioteca_texto-300x300.jpg 300w, https:\/\/ultimato.com.br\/sites\/blogdaultimato\/files\/2016\/10\/Reve_biblioteca_texto-80x80.jpg 80w\" sizes=\"auto, (max-width: 300px) 100vw, 300px\" \/><p id=\"caption-attachment-8166\" class=\"wp-caption-text\">\u00daltima imagem do pastor Elben C\u00e9sar em seu escrit\u00f3rio. A fotografia \u00e9 da neta, Clara.<\/p><\/div>\n<h4><strong>22 de julho<\/strong><\/h4>\n<p>No Centro Evang\u00e9lico de Miss\u00f5es (CEM), ou\u00e7o a palestra de Juan Stam sobre A Nova Cria\u00e7\u00e3o. Ele l\u00ea Isa\u00edas 65.17-25. O verso 20 chama muito a minha aten\u00e7\u00e3o por causa da Clara: \u201cN\u00e3o haver\u00e1 mais crian\u00e7a para viver poucos dias\u201d.<\/p>\n<p>Estava ouvindo a palestra seguinte, quando algu\u00e9m me chama. \u00c9 um recado da Djanira: a radiografia de contraste que a m\u00e9dica mandou tirar revela que Clara nasceu com atresia de es\u00f4fago. Precisa ir para Belo Horizonte para ser operada com a maior urg\u00eancia poss\u00edvel.<\/p>\n<p>Rapidamente conseguimos uma ambul\u00e2ncia e nos dirigimos, Marcos e eu, para a Santa Casa de Miseric\u00f3rdia da capital mineira. A m\u00e9dica vai junto com Clara, cuidando do oxig\u00eanio e do soro.<\/p>\n<p>Depois de tr\u00eas horas de viagem chegamos \u00e0 Santa Casa. Vamos direto para a UTI infantil, onde deixamos a crian\u00e7a. Quando a vi com a barriga inchada e meio esverdeada e abatidinha, me emociono muito e perco a voz. Marcos prefere sair da sala. A m\u00e9dica de plant\u00e3o me v\u00ea naquele estado e me \u201cpastoreia\u201d, dizendo: \u201cExiste um Papai do C\u00e9u l\u00e1 em cima\u201d. Quando consigo falar, agrade\u00e7o a palavra dela e digo \u00e0 m\u00e9dica que eu conhe\u00e7o e sirvo este Deus.<\/p>\n<p>Marcos volta para Vi\u00e7osa para cuidar da esposa e do pequeno Andr\u00e9. Ele \u00e9 mais necess\u00e1rio l\u00e1 do que aqui. Quanto a mim, fica resolvido que eu permane\u00e7a em Belo Horizonte para visitar Clara todos os dias e deixar a fam\u00edlia informada de tudo por telefone.<\/p>\n<p>Alugo um quarto no 21\u00ba andar do Square Apart Hotel, o mais pr\u00f3ximo do hospital. Fa\u00e7o deste quarto a minha torre de vigia. C\u00e1 de cima d\u00e1 para ver todo o pr\u00e9dio da Santa Casa. No terceiro andar est\u00e1 a minha querida netinha, nas m\u00e3os de Deus. Oro de joelhos em favor de Clara algumas vezes.<\/p>\n<p>&nbsp;<\/p>\n<h4><strong>23 de julho<\/strong><\/h4>\n<p>Dou gra\u00e7as a Deus porque G\u00ednia n\u00e3o insistiu nas mamadas. Se Clara tivesse mamado demais, o leite se misturaria com as secre\u00e7\u00f5es g\u00e1stricas do est\u00f4mago e inundaria os pulm\u00f5es, provocando uma pneumonia aspirativa. Dou gra\u00e7as porque a pediatra Denise Cristina Rodrigues, amiga de G\u00ednia e Marcos h\u00e1 v\u00e1rios anos, acertou em cheio com o diagn\u00f3stico muito rapidamente, o que concorre para a sobreviv\u00eancia de Clara. Dou gra\u00e7as porque todos n\u00f3s temos verdadeira comunh\u00e3o com Deus, o que nos ajuda tremendamente nesta hora quando corremos o risco de perder um ente querido, experi\u00eancia in\u00e9dita at\u00e9 ent\u00e3o.<\/p>\n<p>Entro na UTI infantil, e me aproximo do ber\u00e7o de Clara. Ela est\u00e1 s\u00f3 de fralda, peito desnudo, muito bonitinha. A menina est\u00e1 ligada a v\u00e1rios aparelhos. Fico parado. N\u00e3o conversamos. Ela n\u00e3o sabe falar e, se soubesse, n\u00e3o poderia falar naquele estado. N\u00e3o ag\u00fcento. N\u00e3o dou esc\u00e2ndalo, mas perco a voz outra vez.<\/p>\n<p>A m\u00e9dica me explica que Clarinha ser\u00e1 operada logo que suas condi\u00e7\u00f5es f\u00edsicas o permitam. A cirurgia ser\u00e1 um sucesso se o espa\u00e7o em falta do es\u00f4fago n\u00e3o for muito grande. A\u00ed \u00e9 s\u00f3 esticar as duas extremidades e emendar uma na outra. Se o v\u00e3o for grande demais, o ligamento ter\u00e1 que ser feito com o implante de algum tecido do corpo, mas tal opera\u00e7\u00e3o s\u00f3 poder\u00e1 ocorrer quando ela tiver 15 quilos ou dois anos. At\u00e9 l\u00e1 qualquer alimenta\u00e7\u00e3o ter\u00e1 que ser encaminhada diretamente ao est\u00f4mago por um tubo.<\/p>\n<p>Ligo para Marcos e G\u00ednia e dou todas as not\u00edcias. Do alto de minha torre de vigia, fa\u00e7o minha ora\u00e7\u00e3o: \u201c\u00d3 Deus, recomp\u00f5e o es\u00f4fago de Clara\u201d. Repito v\u00e1rias vezes esta s\u00faplica, na certeza de que Deus tem poder para fazer tal coisa, se esta for a sua vontade.<\/p>\n<p>\u00c0 tarde fa\u00e7o minha segunda visita \u00e0 Clara. A m\u00e9dica me diz que eu posso tocar a crian\u00e7a. Seguro o pezinho, a m\u00e3ozinha. N\u00e3o sei se ela sente, se ela registra em seu hist\u00f3rico emocional estes pequenos afagos do av\u00f4.<\/p>\n<p>Volto \u00e0 minha torre de vigia, volto a telefonar para Vi\u00e7osa, volto a suplicar: \u201c\u00d3 Deus, recomp\u00f5e o es\u00f4fago de Clara\u201d.<\/p>\n<p>A cirurgia de Clara deve ser amanh\u00e3 pela manh\u00e3. N\u00e3o sei como Deus vai ouvir as ora\u00e7\u00f5es de Marcos e G\u00ednia, da parentada toda e de muitos queridos irm\u00e3os e amigos. Ele vai recompor o es\u00f4fago de Clarinha atrav\u00e9s de uma interven\u00e7\u00e3o sobrenatural ou atrav\u00e9s de uma interven\u00e7\u00e3o cir\u00fargica?<\/p>\n<p>&nbsp;<\/p>\n<h4><strong>24 de julho<\/strong><\/h4>\n<p>Leio o cap\u00edtulo 27 de Isa\u00edas. Os versos 2 e 3 chamam muito a minha aten\u00e7\u00e3o: \u201cNaquele dia dir\u00e1 o Senhor: Cantai a vinha deliciosa! Eu, o Senhor, a vigio e a cada momento a regarei; para que ningu\u00e9m lhe fa\u00e7a dano, de noite e de dia eu cuidarei dela\u201d. A passagem \u00e9 t\u00e3o bonita e apropriada que eu resolvo ligar para Marcos e G\u00ednia. Marcos atende. Digo-lhe que eu gostaria que eles lessem Isa\u00edas 27.2 e 3. Marcos responde que ele e G\u00ednia tamb\u00e9m queriam ler um texto para mim, uma passagem que uma mo\u00e7a da igreja havia encontrado por acaso e passado para eles com o prop\u00f3sito de encoraj\u00e1-los mais ainda. Quando Marcos abriu a B\u00edblia para ler o referido texto, percebeu, muito surpreso, que era o mesmo que eu estava citando no telefone. Tamb\u00e9m fico surpreso com a coincid\u00eancia.<\/p>\n<p>Fa\u00e7o minha terceira visita \u00e0 danadinha. Ela n\u00e3o est\u00e1 no centro cir\u00fargico como pensava. A opera\u00e7\u00e3o foi adiada para amanh\u00e3 porque h\u00e1 uma crian\u00e7a cujo estado \u00e9 mais grave que o de Clara. Al\u00e9m disto est\u00e1 havendo uma greve de anestesistas. Vou \u00e0 UTI e fico com Clara alguns momentos. A pedido de G\u00ednia escrevo num papel os vers\u00edculos de Isa\u00edas 27.2 e 3 e colo no ber\u00e7o aquecido em que ela se encontra.<\/p>\n<p>Fa\u00e7o a quarta visita \u00e0s 2 horas da tarde e \u00e0 noite me encontro com a Dra. M\u00e1rcia Leit\u00e3o, que me adianta que a cirurgia dever\u00e1 ser feita amanh\u00e3 mesmo. Antes de dormir, oro outra vez: \u201c\u00d3, Deus, recomp\u00f5e o es\u00f4fago de Clara.\u201d<\/p>\n<p>&nbsp;<\/p>\n<h4><strong>25 de julho<\/strong><\/h4>\n<p>Dou gra\u00e7as pelos profissionais ligados \u00e0 \u00e1rea de sa\u00fade, Agrade\u00e7o a Deus os medicamentos, a engenharia m\u00e9dica, as t\u00e9cnicas cir\u00fargicas, o avan\u00e7o das ci\u00eancias m\u00e9dicas. Dou gra\u00e7as tamb\u00e9m pelo SUS \u2014 Sistema \u00danico de Sa\u00fade, e pe\u00e7o a Deus que ele se estenda a todo o pa\u00eds e a todas as pessoas, sem complica\u00e7\u00f5es e sem burocracia, especialmente aos mais pobres, para aliviar a dor dos que sofrem. E que, apesar da rotina cansativa, m\u00e9dicos e enfermeiros tratem cada caso com humanidade, com amor, como est\u00e3o fazendo com Clara e com as crian\u00e7as mais pobres que ela, de acordo com o que eu observo na UTI infantil. Se n\u00e3o fosse o SUS, Clara, a rigor, n\u00e3o estaria aqui. Cada dia na UTI \u00e9 uma fortuna.<\/p>\n<div id=\"attachment_10126\" style=\"width: 350px\" class=\"wp-caption alignright\"><img loading=\"lazy\" decoding=\"async\" aria-describedby=\"caption-attachment-10126\" class=\"wp-image-10126\" src=\"http:\/\/ultimato.com.br\/sites\/blogdaultimato\/files\/diario_clara_pag_ult.jpg\" alt=\"\" width=\"340\" height=\"458\" srcset=\"https:\/\/ultimato.com.br\/sites\/blogdaultimato\/files\/diario_clara_pag_ult.jpg 500w, https:\/\/ultimato.com.br\/sites\/blogdaultimato\/files\/diario_clara_pag_ult-223x300.jpg 223w\" sizes=\"auto, (max-width: 340px) 100vw, 340px\" \/><p id=\"caption-attachment-10126\" class=\"wp-caption-text\">Fac-simile da primeira p\u00e1gina do &#8220;Di\u00e1rio&#8221;, publicado na edi\u00e7\u00e3o 237 da revista Ultimato, em 1995.<\/p><\/div>\n<p>\u00c0s 10h30 estou na sala de espera do centro cir\u00fargico. Est\u00e3o abrindo a barriguinha de Clara para tentar achar um pedacinho do es\u00f4fago em baixo para emendar com a parte de cima. E se n\u00e3o houver esse pedacinho? \u201c\u00d3 Deus, recomp\u00f5e o es\u00f4fago de Clara, para a comida passar da boca para o est\u00f4mago, e ela n\u00e3o morrer.\u201d<\/p>\n<p>\u00c0s 12 horas e pouco, a equipe sai do centro cir\u00fargico em dire\u00e7\u00e3o ao elevador, passando pela sala de espera. A netinha est\u00e1 toda coberta numa cama sobre rodas. Vejo s\u00f3 a cabecinha dela.<br \/>\nO cirurgi\u00e3o me diz que a opera\u00e7\u00e3o foi um sucesso. Clara tinha um bom peda\u00e7o de es\u00f4fago ca\u00eddo l\u00e1 em baixo e n\u00e3o foi necess\u00e1rio nem sequer esticar as duas partes. Apenas emendaram uma na outra. E tamb\u00e9m fecharam o buraco entre o es\u00f4fago e a traqueia. \u201c\u00d3 Deus, obrigado por teres recomposto o es\u00f4fago de Clara.\u201d O m\u00e9dico me avisa que ainda h\u00e1 alguns riscos s\u00e9rios, como infec\u00e7\u00f5es p\u00f3s-operat\u00f3rias e o estreitamento do es\u00f4fago na altura da emenda. \u201c\u00d3 Deus, alarga o es\u00f4fago da tua serva e livra-a de infec\u00e7\u00f5es.\u201d<\/p>\n<p>Vejo Clara mais duas vezes, no hor\u00e1rio regular de visita \u00e0s duas da tarde e, por concess\u00e3o especial da m\u00e9dica de plant\u00e3o, \u00e0s sete da noite.<\/p>\n<p>&nbsp;<\/p>\n<h4><strong>26 de julho<\/strong><\/h4>\n<p>\u00c0s dez horas fa\u00e7o minha oitava visita \u00e0 Clara. Ela est\u00e1 mais abatidinha e mais branquinha. Precisa ou precisou de transfus\u00e3o de sangue.<\/p>\n<p>Marcos chega de Vi\u00e7osa para ver a filhinha operada. Vamos juntos \u00e0 Santa Casa para a visita das duas horas da tarde. O genro afixa no ber\u00e7o uma foto da fam\u00edlia (ele, G\u00ednia e Andr\u00e9) e duas mensagens escritas. Uma \u00e9 para o pessoal da UTI e diz assim:<\/p>\n<p>\u201cEu sou Clara. Nasci no dia 19 de julho \u00e0s 16h40. Tenho um irm\u00e3ozinho de dois anos, chamado Andr\u00e9. Meu pai se chama Marquinho e minha m\u00e3e, G\u00ednia. Somos muito gratos a todos voc\u00eas pelo cuidado e carinho!\u201d<\/p>\n<p>No rodap\u00e9 h\u00e1 uma cita\u00e7\u00e3o de Jesus: \u201cEm verdade afirmo a voc\u00eas que sempre que atenderam a um destes pequeninos irm\u00e3os, a mim atenderam\u201d (Mt 25.40).<br \/>\nA outra \u00e9 para a netinha:<\/p>\n<p>\u201cClarinha, voc\u00ea \u00e9 do Papai do c\u00e9u e de n\u00f3s todos. Amamos muito voc\u00ea. Estamos esperando voc\u00ea com muita festa! Mam\u00e3e, papai, Andr\u00e9, vov\u00f4s, vov\u00f3s, titios, titias, priminhos e priminhas, e muitos amigos que est\u00e3o longe ou perto orando por voc\u00ea.\u201d<\/p>\n<p>Este \u00e9 o oitavo dia de vida de Clara.<\/p>\n<p>&nbsp;<\/p>\n<h4><strong>27 de julho<\/strong><\/h4>\n<p>Antes de regressar a Vi\u00e7osa para ficar ao lado de G\u00ednia e Andr\u00e9, Marcos volta ao hospital e eu vou com ele. \u00c9 a minha d\u00e9cima visita \u00e0 Clara.<\/p>\n<p>A m\u00e9dica de plant\u00e3o conversa longo tempo com Marcos. Diz que vai tudo muito bem. Explica que G\u00ednia n\u00e3o deve tomar nada para impedir a produ\u00e7\u00e3o do leite materno, pois breve Clara vai precisar dele.<\/p>\n<p>Fa\u00e7o mais duas visitas \u00e0 Clara: \u00e0s 14 e \u00e0s 20 horas. Destas vezes sem a companhia de Marcos, de volta a Vi\u00e7osa. Beijo o pezinho dela.<\/p>\n<p>&nbsp;<\/p>\n<h4><strong>28 de julho<\/strong><\/h4>\n<p>Este \u00e9 meu pen\u00faltimo dia em Belo Horizonte. Fa\u00e7o minha costumeira visita \u00e0 Clara. Quase todos os aparelhos j\u00e1 foram desligados. Lembro-me do senador Darci Ribeiro, que fugiu da UTI onde estava internado e escreveu um artigo contra esses mesmos aparelhos. Na \u00e9poca dei alguma raz\u00e3o ao senador, mas agora, n\u00e3o.<\/p>\n<p>A danadinha est\u00e1 esperta como nunca. Mexe demais. Foi preciso prender os bracinhos com esparadrapo na caminha para evitar que ela retire os tubos pelos quais se alimenta. A menina est\u00e1 doida para mamar. Mexe com os m\u00fasculos dos l\u00e1bios como se estivesse ao seio da m\u00e3e. Chora alto. A enfermeira pinga uma gotinha de glicose na boca e ela p\u00e1ra de chorar.<\/p>\n<p>Djanira chega de Vi\u00e7osa \u00e0s 13h20. Preparo uma sopa Knorr para ela e vamos para a visita da tarde. \u00c9 a primeira visita da av\u00f3 e a 14\u00aa do av\u00f4. Bato uma foto das duas. Sessenta e tr\u00eas anos separam uma da outra. At\u00e9 ent\u00e3o, Djanira estivera ao lado da filha e do outro neto nesta conjuntura especial.<\/p>\n<p>&nbsp;<\/p>\n<h4><strong>29 de julho<\/strong><\/h4>\n<p>G\u00ednia, j\u00e1 com os pontos da cesariana retirados, e Marcos chegam cedo de Vi\u00e7osa. Vamos todos ao hospital, mas eu e Djanira n\u00e3o entramos na UTI, para o casal ficar a s\u00f3s com a crian\u00e7a. G\u00ednia se comove. \u00c9 a primeira vez que v\u00ea a filha depois do internamento dela em Belo Horizonte.<\/p>\n<p>Deixo a minha torre de vigia no Square e volto com Djanira para Vi\u00e7osa. G\u00ednia agora est\u00e1 em condi\u00e7\u00f5es de permanecer em Belo Horizonte. Clarinha precisa muito mais dela do que do av\u00f4. \u00c9 tamb\u00e9m poss\u00edvel que daqui a dois ou tr\u00eas dias ela j\u00e1 possa mamar sem fazer voltar o leite materno, gra\u00e7as \u00e0 recomposi\u00e7\u00e3o de seu es\u00f4fago.<\/p>\n<p>Sou obrigado a me lembrar de uma outra cirurgia muito mais dolorosa e muito mais eficaz, aquela que custou a vida de Jesus Cristo e recomp\u00f4s pelo sangue de Jesus o novo e vivo caminho que nos leva \u00e0 presen\u00e7a de Deus (Hb 10.19-22).<\/p>\n<h6><span style=\"color: #808000;\">&gt;&gt; Artigo publicado originalmente na edi\u00e7\u00e3o 237, da revista Ultimato.<\/span><\/h6>\n<blockquote><p><strong>Nota da neta:<\/strong><\/p>\n<p>Descobri que minha veia jornal\u00edstica \u00e9 ainda mais curta do que eu imaginava.<\/p>\n<p>Em julho de 95 meu av\u00f4 escrevia esse &#8220;Di\u00e1rio de emerg\u00eancia do av\u00f4 de Clara&#8221;, com relatos sobre a sua neta que mal havia sa\u00eddo do \u00fatero e j\u00e1 estava internada em um hospital em BH. Vinte e um anos mais tarde a situa\u00e7\u00e3o se inverte: ele no hospital e a neta com a tarefa de transmitir os relatos.<\/p>\n<p>Mas o of\u00edcio do jornalista n\u00e3o \u00e9 heredit\u00e1rio e as palavras &#8220;di\u00e1rio&#8221; e &#8220;emerg\u00eancia&#8221; n\u00e3o cabem no meu rel\u00f3gio atrasado. Precisei de um ano inteiro pra perceber que o <a href=\"http:\/\/www.ultimato.com.br\/conteudo\/elben-cesar-1930-2016-hoje-eu-nao-celebro-sua-vida-lamento-sua-morte\"><strong>Di\u00e1rio de emerg\u00eancia da neta de \u00c9lben <\/strong><\/a>existia. N\u00e3o, n\u00e3o no papel, era um di\u00e1rio mental. As mem\u00f3rias foram cuspidas uma atr\u00e1s da outra, n\u00e3o pela not\u00edcia &#8211; j\u00e1 n\u00e3o eram not\u00edcia &#8211; mas pela necessidade.<\/p><\/blockquote>\n","protected":false},"excerpt":{"rendered":"<p>Por Elben C\u00e9sar&nbsp; &nbsp;|&nbsp; &nbsp;Ultimato, edi\u00e7\u00e3o 237<br \/>\nUma crian\u00e7a nasce com atresia de es\u00f4fago. Corre s\u00e9rio risco de vida. \u00c9 internada \u00e0s pressas na Santa Casa de Miseric\u00f3rdia de Belo Horizonte. Com seis dias de vida, o cirurgi\u00e3o abre a barriguinha da menina e encontra um bom peda\u00e7o do es\u00f4fago ca\u00eddo l\u00e1 em baixo e emenda [&#8230;]<\/p>\n","protected":false},"author":6,"featured_media":0,"comment_status":"open","ping_status":"open","sticky":false,"template":"","format":"standard","meta":{"ngg_post_thumbnail":0,"footnotes":""},"categories":[5153],"tags":[],"class_list":["post-10112","post","type-post","status-publish","format-standard","hentry","category-prateleira"],"_links":{"self":[{"href":"https:\/\/ultimato.com.br\/sites\/blogdaultimato\/wp-json\/wp\/v2\/posts\/10112","targetHints":{"allow":["GET"]}}],"collection":[{"href":"https:\/\/ultimato.com.br\/sites\/blogdaultimato\/wp-json\/wp\/v2\/posts"}],"about":[{"href":"https:\/\/ultimato.com.br\/sites\/blogdaultimato\/wp-json\/wp\/v2\/types\/post"}],"author":[{"embeddable":true,"href":"https:\/\/ultimato.com.br\/sites\/blogdaultimato\/wp-json\/wp\/v2\/users\/6"}],"replies":[{"embeddable":true,"href":"https:\/\/ultimato.com.br\/sites\/blogdaultimato\/wp-json\/wp\/v2\/comments?post=10112"}],"version-history":[{"count":20,"href":"https:\/\/ultimato.com.br\/sites\/blogdaultimato\/wp-json\/wp\/v2\/posts\/10112\/revisions"}],"predecessor-version":[{"id":10134,"href":"https:\/\/ultimato.com.br\/sites\/blogdaultimato\/wp-json\/wp\/v2\/posts\/10112\/revisions\/10134"}],"wp:attachment":[{"href":"https:\/\/ultimato.com.br\/sites\/blogdaultimato\/wp-json\/wp\/v2\/media?parent=10112"}],"wp:term":[{"taxonomy":"category","embeddable":true,"href":"https:\/\/ultimato.com.br\/sites\/blogdaultimato\/wp-json\/wp\/v2\/categories?post=10112"},{"taxonomy":"post_tag","embeddable":true,"href":"https:\/\/ultimato.com.br\/sites\/blogdaultimato\/wp-json\/wp\/v2\/tags?post=10112"}],"curies":[{"name":"wp","href":"https:\/\/api.w.org\/{rel}","templated":true}]}}